{"id":153700,"date":"2025-06-05T10:22:47","date_gmt":"2025-06-05T10:22:47","guid":{"rendered":"https:\/\/www.europesays.com\/fr\/153700\/"},"modified":"2025-06-05T10:22:47","modified_gmt":"2025-06-05T10:22:47","slug":"on-etait-chez-il-felice-a-strasbourg-pour-manger-un-bout-ditalie","status":"publish","type":"post","link":"https:\/\/www.europesays.com\/fr\/153700\/","title":{"rendered":"on \u00e9tait chez \u00ab Il Felice \u00bb \u00e0 Strasbourg pour manger un bout d&rsquo;Italie"},"content":{"rendered":"<p>    <img loading=\"lazy\" width=\"1800\" height=\"900\" src=\"https:\/\/www.europesays.com\/fr\/wp-content\/uploads\/2025\/04\/jeanne-callthepolice.jpg\" class=\"attachment-full size-full\" alt=\"\" id=\"imageLove\" decoding=\"async\"  \/><\/p>\n<p id=\"breadcrumbs\"><a href=\"https:\/\/pokaa.fr\/\" target=\"_blank\" rel=\"noopener\">Accueil<\/a> \/ <a href=\"https:\/\/pokaa.fr\/categories\/les-bonnes-adresses\/\" target=\"_blank\" rel=\"noopener\">Bonnes adresses<\/a> \/ Pizza, primi et secondi piatti : on \u00e9tait chez \u00ab Il Felice \u00bb \u00e0 Strasbourg pour manger un bout d\u2019Italie<\/p>\n<p>                    Bonnes adresses<\/p>\n<p><strong>Il Felice, vous connaissez le nom de ce restaurant italien situ\u00e9 rue du Poumon, \u00e0 Strasbourg. Anciennement La Pescara (on vous d\u00e9bloque un souvenir), l\u2019adresse qui dispose d\u2019une maxi-terrasse est connue pour ses pizzas de belle qualit\u00e9, mais pas seulement ! On vous fait le tour du propri\u00e9taire pour vous montrer que la cuisine se plie en quatre pour proposer une ribambelle de plats qui ont, eux aussi, leur place au soleil.<\/strong><\/p>\n<p>Il Felice, c\u2019est ce grand restaurant situ\u00e9 <strong>\u00e0 l\u2019angle de la rue des Tonneliers et de la rue du Poumon<\/strong>. Entour\u00e9 de nombreux bars et de restos, <strong>il fait presque le plein tous les jours de l\u2019ann\u00e9e<\/strong> depuis son ouverture en ao\u00fbt 2020.<\/p>\n<p>Avec ses <strong>60 couverts \u00e0 l\u2019int\u00e9rieur<\/strong>, ses <strong>70 places ext\u00e9rieures<\/strong> \u00e0 l\u2019ombre des parasols et <strong>sa d\u00e9co champ\u00eatre<\/strong>, il faut dire que le resto a de la gueule.<\/p>\n<p>                <img width=\"375\" height=\"500\" src=\"https:\/\/www.europesays.com\/fr\/wp-content\/uploads\/2025\/06\/il-felice-pizza-terrasse-pastaimg-9359-2-375x500.jpeg\" class=\"attachment-gallery size-gallery\" alt=\"Il felice pizza terrasse pastaIMG_9359 2\" data-full-url=\"https:\/\/pokaa.fr\/wp-content\/uploads\/2025\/06\/04\/il-felice-pizza-terrasse-pastaimg-9359-2.jpeg\" decoding=\"async\" loading=\"lazy\"  \/>            <\/p>\n<p>                <img width=\"375\" height=\"500\" src=\"https:\/\/www.europesays.com\/fr\/wp-content\/uploads\/2025\/06\/il-felice-pizza-terrasse-pastaimg-9344-3-375x500.jpeg\" class=\"attachment-gallery size-gallery\" alt=\"Il felice pizza terrasse pastaIMG_9344 3\" data-full-url=\"https:\/\/pokaa.fr\/wp-content\/uploads\/2025\/06\/04\/il-felice-pizza-terrasse-pastaimg-9344-3.jpeg\" decoding=\"async\" loading=\"lazy\"  \/>            <\/p>\n<p>                <img width=\"375\" height=\"500\" src=\"https:\/\/www.europesays.com\/fr\/wp-content\/uploads\/2025\/06\/il-felice-pizza-terrasse-pastaimg-9341-375x500.jpeg\" class=\"attachment-gallery size-gallery\" alt=\"Il felice pizza terrasse pastaIMG_9341\" data-full-url=\"https:\/\/pokaa.fr\/wp-content\/uploads\/2025\/06\/04\/il-felice-pizza-terrasse-pastaimg-9341.jpeg\" decoding=\"async\" loading=\"lazy\"  \/>            <\/p>\n<p>                <img width=\"667\" height=\"500\" src=\"https:\/\/www.europesays.com\/fr\/wp-content\/uploads\/2025\/06\/il-felice-pizza-terrasse-pastaimg-9354-2-667x500.jpeg\" class=\"attachment-gallery size-gallery\" alt=\"Il felice pizza terrasse pastaIMG_9354 2\" data-full-url=\"https:\/\/pokaa.fr\/wp-content\/uploads\/2025\/06\/04\/il-felice-pizza-terrasse-pastaimg-9354-2.jpeg\" decoding=\"async\" loading=\"lazy\"  \/>            <\/p>\n<p>                    \u00a9 Bastien Pietronave \/ Pokaa<\/p>\n<p>Mais si les client(e)s se pressent midi et soir, parfois avant m\u00eame que la porte soit ouverte, c\u2019est peut-\u00eatre <strong>pour le look et l\u2019ambiance familiale dont ils\/elles profitent<\/strong>, mais surtout pour ce qu\u2019il y a <strong>dans l\u2019assiette.<\/strong><\/p>\n<p>                <img width=\"375\" height=\"500\" src=\"https:\/\/www.europesays.com\/fr\/wp-content\/uploads\/2025\/06\/il-felice-pizza-terrasse-pastaimg-9432-2-375x500.jpeg\" class=\"attachment-gallery size-gallery\" alt=\"Il felice pizza terrasse pastaIMG_9432 2\" data-full-url=\"https:\/\/pokaa.fr\/wp-content\/uploads\/2025\/06\/04\/il-felice-pizza-terrasse-pastaimg-9432-2.jpeg\" decoding=\"async\" loading=\"lazy\"  \/>            <\/p>\n<p>                <img width=\"313\" height=\"500\" src=\"https:\/\/www.europesays.com\/fr\/wp-content\/uploads\/2025\/06\/il-felice-pizza-terrasse-pastaimg-9834-313x500.jpeg\" class=\"attachment-gallery size-gallery\" alt=\"Il felice pizza terrasse pastaIMG_9834\" data-full-url=\"https:\/\/pokaa.fr\/wp-content\/uploads\/2025\/06\/04\/il-felice-pizza-terrasse-pastaimg-9834.jpeg\" decoding=\"async\" loading=\"lazy\"  \/>            <\/p>\n<p>                <img width=\"375\" height=\"500\" src=\"https:\/\/www.europesays.com\/fr\/wp-content\/uploads\/2025\/06\/il-felice-pizza-terrasse-pastaimg-9415-375x500.jpeg\" class=\"attachment-gallery size-gallery\" alt=\"Il felice pizza terrasse pastaIMG_9415\" data-full-url=\"https:\/\/pokaa.fr\/wp-content\/uploads\/2025\/06\/04\/il-felice-pizza-terrasse-pastaimg-9415.jpeg\" decoding=\"async\" loading=\"lazy\"  \/>            <\/p>\n<p>                <img width=\"375\" height=\"500\" src=\"https:\/\/www.europesays.com\/fr\/wp-content\/uploads\/2025\/06\/il-felice-pizza-terrasse-pastaimg-9542-375x500.jpeg\" class=\"attachment-gallery size-gallery\" alt=\"Il felice pizza terrasse pastaIMG_9542\" data-full-url=\"https:\/\/pokaa.fr\/wp-content\/uploads\/2025\/06\/04\/il-felice-pizza-terrasse-pastaimg-9542.jpeg\" decoding=\"async\" loading=\"lazy\"  \/>            <\/p>\n<p>                <img width=\"375\" height=\"500\" src=\"https:\/\/www.europesays.com\/fr\/wp-content\/uploads\/2025\/06\/il-felice-pizza-terrasse-pastaimg-9512-2-375x500.jpeg\" class=\"attachment-gallery size-gallery\" alt=\"Il felice pizza terrasse pastaIMG_9512 2\" data-full-url=\"https:\/\/pokaa.fr\/wp-content\/uploads\/2025\/06\/04\/il-felice-pizza-terrasse-pastaimg-9512-2.jpeg\" decoding=\"async\" loading=\"lazy\"  \/>            <\/p>\n<p>                    \u00a9 Bastien Pietronave \/ Pokaa<\/p>\n<p>Une carte vari\u00e9e qui sent bon la M\u00e9diterran\u00e9e <\/p>\n<p>Quand vous pensez Il Felice, <strong>vous pensez pizzas napolitaines aux bords juste relev\u00e9s<\/strong>. Totem ind\u00e9boulonnable de la maison depuis son ouverture, <strong>elles ont fait la renomm\u00e9e de l\u2019\u00e9tablissement.<\/strong><\/p>\n<p><strong>Pizzas classiques,<\/strong> Margherita, Regina ou full fromage, <strong>recettes plus originales<\/strong> \u00e0 la cr\u00e8me de poivron rouge, \u00e0 la truffe ou au pesto de basilic : <strong>pas moins de 16 recettes sont propos\u00e9es<\/strong>. C\u00f4t\u00e9 prix, ils varient <strong>de 12,80 \u20ac \u00e0 26,90 \u20ac, quand m\u00eame !<\/strong><\/p>\n<p>Et si chaque jour les pizzas s\u2019encha\u00eenent en cuisine d\u2019un tour de main assur\u00e9, <strong>les autres plats ne sont pas l\u00e0 pour faire joli<\/strong>, au contraire.<\/p>\n<p>                <img width=\"375\" height=\"500\" src=\"https:\/\/www.europesays.com\/fr\/wp-content\/uploads\/2025\/06\/il-felice-pizza-terrasse-pastaimg-9506-375x500.jpeg\" class=\"attachment-gallery size-gallery\" alt=\"Il felice pizza terrasse pastaIMG_9506\" data-full-url=\"https:\/\/pokaa.fr\/wp-content\/uploads\/2025\/06\/04\/il-felice-pizza-terrasse-pastaimg-9506.jpeg\" decoding=\"async\" loading=\"lazy\"  \/>            <\/p>\n<p>                <img width=\"375\" height=\"500\" src=\"https:\/\/www.europesays.com\/fr\/wp-content\/uploads\/2025\/06\/il-felice-pizza-terrasse-pastaimg-9508-2-375x500.jpeg\" class=\"attachment-gallery size-gallery\" alt=\"Il felice pizza terrasse pastaIMG_9508 2\" data-full-url=\"https:\/\/pokaa.fr\/wp-content\/uploads\/2025\/06\/04\/il-felice-pizza-terrasse-pastaimg-9508-2.jpeg\" decoding=\"async\" loading=\"lazy\"  \/>            <\/p>\n<p>                <img width=\"667\" height=\"500\" src=\"https:\/\/www.europesays.com\/fr\/wp-content\/uploads\/2025\/06\/recette-de-chef-il-felice-risottoimage00030.jpeg\" class=\"attachment-gallery size-gallery\" alt=\"Recette de chef Il felice risottoimage00030\" data-full-url=\"https:\/\/www.europesays.com\/fr\/wp-content\/uploads\/2025\/06\/recette-de-chef-il-felice-risottoimage00030.jpeg\" decoding=\"async\" loading=\"lazy\"  \/>            <\/p>\n<p>                <img width=\"375\" height=\"500\" src=\"https:\/\/www.europesays.com\/fr\/wp-content\/uploads\/2025\/06\/il-felice-pizza-terrasse-pastaimg-9434-2-375x500.jpeg\" class=\"attachment-gallery size-gallery\" alt=\"Il felice pizza terrasse pastaIMG_9434 2\" data-full-url=\"https:\/\/pokaa.fr\/wp-content\/uploads\/2025\/06\/04\/il-felice-pizza-terrasse-pastaimg-9434-2.jpeg\" decoding=\"async\" loading=\"lazy\"  \/>            <\/p>\n<p>                <img width=\"375\" height=\"500\" src=\"https:\/\/www.europesays.com\/fr\/wp-content\/uploads\/2025\/06\/il-felice-pizza-terrasse-pastaimg-9549-375x500.jpeg\" class=\"attachment-gallery size-gallery\" alt=\"Il felice pizza terrasse pastaIMG_9549\" data-full-url=\"https:\/\/pokaa.fr\/wp-content\/uploads\/2025\/06\/04\/il-felice-pizza-terrasse-pastaimg-9549.jpeg\" decoding=\"async\" loading=\"lazy\"  \/>            <\/p>\n<p>                    \u00a9 Bastien Pietronave \/ Pokaa<\/p>\n<p>On retrouve en effet <strong>une ribambelle d\u2019antipasti et de salades<\/strong>, des croquettes de pommes de terre et de poulpe en passant par la salade de betteraves et ricotta, ou encore le <strong>carpaccio de dorade <\/strong>(entre 12,50 \u20ac et 16,50 \u20ac).<\/p>\n<p><strong>C\u00f4t\u00e9 pasta<\/strong>, les linguini \u00e0 la truffe fra\u00eeche c\u00f4toient les gnocchis faits maison et les cannellonis aux champignons (il y a 9 recettes de p\u00e2tes en tout).<\/p>\n<p><strong>Cinq\u00a0plats principaux compl\u00e8tent le tableau<\/strong> pour des prix situ\u00e9s entre 18,50 \u20ac et 26,50 \u20ac : <strong>risotto \u00e0 la milanaise ou aux petits pois et \u00e0 la coppa<\/strong>, poulet au citron confit avec polenta cr\u00e9meuse et petits pois \u00e0 la romaine, ou encore onglet de b\u0153uf et sa caponata ou espadon \u00e0 la sicilienne, <strong>il y a aussi du choix !<\/strong><\/p>\n<p>                <img width=\"375\" height=\"500\" src=\"https:\/\/www.europesays.com\/fr\/wp-content\/uploads\/2025\/06\/il-felice-pizza-terrasse-pastaimg-9445-375x500.jpeg\" class=\"attachment-gallery size-gallery\" alt=\"Il felice pizza terrasse pastaIMG_9445\" data-full-url=\"https:\/\/pokaa.fr\/wp-content\/uploads\/2025\/06\/04\/il-felice-pizza-terrasse-pastaimg-9445.jpeg\" decoding=\"async\" loading=\"lazy\"  \/>            <\/p>\n<p>                <img width=\"375\" height=\"500\" src=\"https:\/\/www.europesays.com\/fr\/wp-content\/uploads\/2025\/06\/il-felice-pizza-terrasse-pastaimg-9345-2-375x500.jpeg\" class=\"attachment-gallery size-gallery\" alt=\"Il felice pizza terrasse pastaIMG_9345 2\" data-full-url=\"https:\/\/pokaa.fr\/wp-content\/uploads\/2025\/06\/04\/il-felice-pizza-terrasse-pastaimg-9345-2.jpeg\" decoding=\"async\" loading=\"lazy\"  \/>            <\/p>\n<p>                <img width=\"375\" height=\"500\" src=\"https:\/\/www.europesays.com\/fr\/wp-content\/uploads\/2025\/06\/il-felice-pizza-terrasse-pastaimg-9507-2-375x500.jpeg\" class=\"attachment-gallery size-gallery\" alt=\"Il felice pizza terrasse pastaIMG_9507 2\" data-full-url=\"https:\/\/pokaa.fr\/wp-content\/uploads\/2025\/06\/04\/il-felice-pizza-terrasse-pastaimg-9507-2.jpeg\" decoding=\"async\" loading=\"lazy\"  \/>            <\/p>\n<p>                <img width=\"375\" height=\"500\" src=\"https:\/\/www.europesays.com\/fr\/wp-content\/uploads\/2025\/06\/il-felice-pizza-terrasse-pastaimg-9456-375x500.jpeg\" class=\"attachment-gallery size-gallery\" alt=\"Il felice pizza terrasse pastaIMG_9456\" data-full-url=\"https:\/\/pokaa.fr\/wp-content\/uploads\/2025\/06\/04\/il-felice-pizza-terrasse-pastaimg-9456.jpeg\" decoding=\"async\" loading=\"lazy\"  \/>            <\/p>\n<p>                <img width=\"364\" height=\"500\" src=\"https:\/\/www.europesays.com\/fr\/wp-content\/uploads\/2025\/06\/il-felice-pizza-terrasse-pastaimg-9827-364x500.jpeg\" class=\"attachment-gallery size-gallery\" alt=\"Il felice pizza terrasse pastaIMG_9827\" data-full-url=\"https:\/\/pokaa.fr\/wp-content\/uploads\/2025\/06\/04\/il-felice-pizza-terrasse-pastaimg-9827.jpeg\" decoding=\"async\" loading=\"lazy\"  \/>            <\/p>\n<p>                    \u00a9 Bastien Pietronave \/ Pokaa<\/p>\n<p>Et puisque le dessert est<strong> toujours une bonne id\u00e9e,<\/strong> le minestrone \u00e0 la fraise s\u2019est fait une place entre la coupe Nocciolata, la tarte citron et sorbet basilic ou la panacotta.<\/p>\n<p>Si avec tout \u00e7a, vous n\u2019avez pas envie de vous caler en terrasse, <strong>de taper dans un spritz ou deux<\/strong> et de prendre au cas o\u00f9 quelques jours de vacances pour faire la sieste, <strong>on ne sait plus quoi faire.<\/strong><\/p>\n<p>Les petits et gros + <\/p>\n<ul>\n<li><strong>Les pizzas sont vraiment bonnes, mais attention, sur les plus sp\u00e9ciales les tarifs explosent.<\/strong><\/li>\n<li><strong>Le service est tr\u00e8s pro, l\u2019ambiance est cool et familiale, c\u2019est tout ce qu\u2019on aime.<\/strong><\/li>\n<li>Au coeur de la ville, loin des voitures et avec sa terrasse ombrag\u00e9e id\u00e9alement situ\u00e9e, c\u2019est un vrai bon spot pour l\u2019\u00e9t\u00e9.<\/li>\n<li><strong>Le plat de gnocchis maison \u00e9tait une vraie r\u00e9ussite.<\/strong><\/li>\n<\/ul>\n<p>            Il Felice <\/p>\n<p>            Quoi ?<br \/>\n            Restaurant italien         <\/p>\n<p>            o\u00f9 ?<br \/>\n            2 rue du Poumon, \u00e0 Strasbourg        <\/p>\n<p>                Plus d&rsquo;infos ?<\/p>\n<p><strong><a href=\"https:\/\/www.google.com\/url?sa=t&amp;source=web&amp;rct=j&amp;opi=89978449&amp;url=https:\/\/ilfelice.com\/&amp;ved=2ahUKEwj3_Oy47teNAxVnQqQEHfy5OngQFnoECE0QAQ&amp;usg=AOvVaw33Ohs0FuubN5Bc4SRkiP1W\" target=\"_blank\" rel=\"noopener\">Le site web<\/a><\/strong><\/p>\n<p><strong><a href=\"https:\/\/www.google.com\/url?sa=t&amp;source=web&amp;rct=j&amp;opi=89978449&amp;url=https:\/\/www.facebook.com\/IlFeliceStrasbourg\/%3Flocale%3Dfr_FR&amp;ved=2ahUKEwj3_Oy47teNAxVnQqQEHfy5OngQFnoECFQQAQ&amp;usg=AOvVaw0XR3Q-1WeK7lLEtauydhqD\" target=\"_blank\" rel=\"noopener\">La page Facebook<\/a><\/strong><\/p>\n<p><strong><a href=\"https:\/\/www.google.com\/url?sa=t&amp;source=web&amp;rct=j&amp;opi=89978449&amp;url=https:\/\/www.instagram.com\/ilfelice_strasbourg\/%3Fhl%3Dfr&amp;ved=2ahUKEwj3_Oy47teNAxVnQqQEHfy5OngQFnoECFkQAQ&amp;usg=AOvVaw1Vjgz1CMRwuGxZOWa9sk6O\" target=\"_blank\" rel=\"noopener\">La page Instagram<\/a><\/strong><\/p>\n<p>T\u00e9l : 03 88 32 86 87<\/p>\n<p>                <img width=\"306\" height=\"500\" src=\"https:\/\/www.europesays.com\/fr\/wp-content\/uploads\/2025\/06\/il-felice-pizza-terrasse-pastaimg-9825-306x500.jpeg\" class=\"attachment-gallery size-gallery\" alt=\"Il felice pizza terrasse pastaIMG_9825\" data-full-url=\"https:\/\/pokaa.fr\/wp-content\/uploads\/2025\/06\/04\/il-felice-pizza-terrasse-pastaimg-9825.jpeg\" decoding=\"async\" loading=\"lazy\"  \/>            <\/p>\n<p>                <img width=\"328\" height=\"500\" src=\"https:\/\/www.europesays.com\/fr\/wp-content\/uploads\/2025\/06\/il-felice-pizza-terrasse-pastaimg-9831-2-328x500.jpeg\" class=\"attachment-gallery size-gallery\" alt=\"Il felice pizza terrasse pastaIMG_9831 2\" data-full-url=\"https:\/\/pokaa.fr\/wp-content\/uploads\/2025\/06\/04\/il-felice-pizza-terrasse-pastaimg-9831-2.jpeg\" decoding=\"async\" loading=\"lazy\"  \/>            <\/p>\n<p>                <img width=\"348\" height=\"500\" src=\"https:\/\/www.europesays.com\/fr\/wp-content\/uploads\/2025\/06\/il-felice-pizza-terrasse-pastaimg-9828-348x500.jpeg\" class=\"attachment-gallery size-gallery\" alt=\"Il felice pizza terrasse pastaIMG_9828\" data-full-url=\"https:\/\/pokaa.fr\/wp-content\/uploads\/2025\/06\/04\/il-felice-pizza-terrasse-pastaimg-9828.jpeg\" decoding=\"async\" loading=\"lazy\"  \/>            <\/p>\n<p>                <img width=\"397\" height=\"500\" src=\"https:\/\/www.europesays.com\/fr\/wp-content\/uploads\/2025\/06\/il-felice-pizza-terrasse-pastaimg-9823-397x500.jpeg\" class=\"attachment-gallery size-gallery\" alt=\"Il felice pizza terrasse pastaIMG_9823\" data-full-url=\"https:\/\/pokaa.fr\/wp-content\/uploads\/2025\/06\/04\/il-felice-pizza-terrasse-pastaimg-9823.jpeg\" decoding=\"async\" loading=\"lazy\"  \/>            <\/p>\n<p>                <img width=\"375\" height=\"500\" src=\"https:\/\/www.europesays.com\/fr\/wp-content\/uploads\/2025\/06\/il-felice-pizza-terrasse-pastaimg-9419-375x500.jpeg\" class=\"attachment-gallery size-gallery\" alt=\"Il felice pizza terrasse pastaIMG_9419\" data-full-url=\"https:\/\/pokaa.fr\/wp-content\/uploads\/2025\/06\/04\/il-felice-pizza-terrasse-pastaimg-9419.jpeg\" decoding=\"async\" loading=\"lazy\"  \/>            <\/p>\n<p>                <img width=\"375\" height=\"500\" src=\"https:\/\/www.europesays.com\/fr\/wp-content\/uploads\/2025\/06\/il-felice-pizza-terrasse-pastaimg-9525-375x500.jpeg\" class=\"attachment-gallery size-gallery\" alt=\"Il felice pizza terrasse pastaIMG_9525\" data-full-url=\"https:\/\/pokaa.fr\/wp-content\/uploads\/2025\/06\/04\/il-felice-pizza-terrasse-pastaimg-9525.jpeg\" decoding=\"async\" loading=\"lazy\"  \/>            <\/p>\n<p>                <img width=\"375\" height=\"500\" src=\"https:\/\/www.europesays.com\/fr\/wp-content\/uploads\/2025\/06\/il-felice-pizza-terrasse-pastaimg-9352-375x500.jpeg\" class=\"attachment-gallery size-gallery\" alt=\"Il felice pizza terrasse pastaIMG_9352\" data-full-url=\"https:\/\/pokaa.fr\/wp-content\/uploads\/2025\/06\/04\/il-felice-pizza-terrasse-pastaimg-9352.jpeg\" decoding=\"async\" loading=\"lazy\"  \/>            <\/p>\n<p>                <img width=\"375\" height=\"500\" src=\"https:\/\/www.europesays.com\/fr\/wp-content\/uploads\/2025\/06\/il-felice-pizza-terrasse-pastaimg-9350-375x500.jpeg\" class=\"attachment-gallery size-gallery\" alt=\"Il felice pizza terrasse pastaIMG_9350\" data-full-url=\"https:\/\/pokaa.fr\/wp-content\/uploads\/2025\/06\/04\/il-felice-pizza-terrasse-pastaimg-9350.jpeg\" decoding=\"async\" loading=\"lazy\"  \/>            <\/p>\n<p>                <img width=\"375\" height=\"500\" src=\"https:\/\/www.europesays.com\/fr\/wp-content\/uploads\/2025\/06\/il-felice-pizza-terrasse-pastaimg-9347-375x500.jpeg\" class=\"attachment-gallery size-gallery\" alt=\"Il felice pizza terrasse pastaIMG_9347\" data-full-url=\"https:\/\/pokaa.fr\/wp-content\/uploads\/2025\/06\/04\/il-felice-pizza-terrasse-pastaimg-9347.jpeg\" decoding=\"async\" loading=\"lazy\"  \/>            <\/p>\n<p>                <img width=\"667\" height=\"500\" src=\"https:\/\/www.europesays.com\/fr\/wp-content\/uploads\/2025\/06\/il-felice-pizza-terrasse-pastaimg-9322-2-667x500.jpeg\" class=\"attachment-gallery size-gallery\" alt=\"Il felice pizza terrasse pastaIMG_9322 2\" data-full-url=\"https:\/\/pokaa.fr\/wp-content\/uploads\/2025\/06\/04\/il-felice-pizza-terrasse-pastaimg-9322-2.jpeg\" decoding=\"async\" loading=\"lazy\"  \/>            <\/p>\n<p>                    \u00a9 Bastien Pietronave \/ Pokaa<\/p>\n<p><script async src=\"\/\/www.instagram.com\/embed.js\"><\/script><\/p>\n","protected":false},"excerpt":{"rendered":"Accueil \/ Bonnes adresses \/ Pizza, primi et secondi piatti : on \u00e9tait chez \u00ab Il Felice \u00bb&hellip;\n","protected":false},"author":2,"featured_media":153701,"comment_status":"","ping_status":"","sticky":false,"template":"","format":"standard","meta":{"footnotes":""},"categories":[2820],"tags":[1111,11,1777,674,1011,27,775,28353,28354,12,8819,25,1340,640],"class_list":{"0":"post-153700","1":"post","2":"type-post","3":"status-publish","4":"format-standard","5":"has-post-thumbnail","7":"category-strasbourg","8":"tag-actu","9":"tag-actualites","10":"tag-eu","11":"tag-europe","12":"tag-fr","13":"tag-france","14":"tag-grand-est","15":"tag-il-felice","16":"tag-italien","17":"tag-news","18":"tag-pizzeria","19":"tag-republique-francaise","20":"tag-restaurant","21":"tag-strasbourg"},"share_on_mastodon":{"url":"https:\/\/pubeurope.com\/@fr\/114630270285243091","error":""},"_links":{"self":[{"href":"https:\/\/www.europesays.com\/fr\/wp-json\/wp\/v2\/posts\/153700","targetHints":{"allow":["GET"]}}],"collection":[{"href":"https:\/\/www.europesays.com\/fr\/wp-json\/wp\/v2\/posts"}],"about":[{"href":"https:\/\/www.europesays.com\/fr\/wp-json\/wp\/v2\/types\/post"}],"author":[{"embeddable":true,"href":"https:\/\/www.europesays.com\/fr\/wp-json\/wp\/v2\/users\/2"}],"replies":[{"embeddable":true,"href":"https:\/\/www.europesays.com\/fr\/wp-json\/wp\/v2\/comments?post=153700"}],"version-history":[{"count":0,"href":"https:\/\/www.europesays.com\/fr\/wp-json\/wp\/v2\/posts\/153700\/revisions"}],"wp:featuredmedia":[{"embeddable":true,"href":"https:\/\/www.europesays.com\/fr\/wp-json\/wp\/v2\/media\/153701"}],"wp:attachment":[{"href":"https:\/\/www.europesays.com\/fr\/wp-json\/wp\/v2\/media?parent=153700"}],"wp:term":[{"taxonomy":"category","embeddable":true,"href":"https:\/\/www.europesays.com\/fr\/wp-json\/wp\/v2\/categories?post=153700"},{"taxonomy":"post_tag","embeddable":true,"href":"https:\/\/www.europesays.com\/fr\/wp-json\/wp\/v2\/tags?post=153700"}],"curies":[{"name":"wp","href":"https:\/\/api.w.org\/{rel}","templated":true}]}}