{"id":153707,"date":"2025-06-05T10:26:09","date_gmt":"2025-06-05T10:26:09","guid":{"rendered":"https:\/\/www.europesays.com\/fr\/153707\/"},"modified":"2025-06-05T10:26:09","modified_gmt":"2025-06-05T10:26:09","slug":"joie-de-vivre-ensemble-a-nantes-un-sexagenaire-blesse-par-balle-pour-un-coup-de-klaxon-lagresseur-un-multirecidiviste-tunisien-interpelle","status":"publish","type":"post","link":"https:\/\/www.europesays.com\/fr\/153707\/","title":{"rendered":"Joie de \u00ab vivre ensemble \u00bb \u00e0 Nantes. Un sexag\u00e9naire bless\u00e9 par balle pour un coup de klaxon \u2014 l\u2019agresseur, un multir\u00e9cidiviste tunisien, interpell\u00e9"},"content":{"rendered":"<p>Un simple geste d\u2019agacement au volant a failli co\u00fbter la vie \u00e0 un automobiliste de 60 ans, samedi 1er juin \u00e0 Nantes.<\/p>\n<p>Une altercation routi\u00e8re qui vire \u00e0 la tentative d\u2019homicide<\/p>\n<p><a href=\"https:\/\/www.lejdd.fr\/Societe\/nantes-un-multirecidiviste-tunisien-blesse-par-balle-un-automobiliste-de-60-ans-apres-une-altercation-158817\" rel=\"nofollow noopener\" target=\"_blank\">Le drame s\u2019est d\u00e9roul\u00e9 en plein centre-ville de Nantes<\/a>. Un conducteur, manifestement exc\u00e9d\u00e9 apr\u00e8s s\u2019\u00eatre vu couper la route, a klaxonn\u00e9 un autre v\u00e9hicule. Le geste a suffi pour d\u00e9clencher une escalade de violence. Selon les premiers \u00e9l\u00e9ments de l\u2019enqu\u00eate, le conducteur vis\u00e9 \u2014 un ressortissant tunisien \u00e2g\u00e9 de 28 ans \u2014 est sorti de son v\u00e9hicule, arm\u00e9 d\u2019un pistolet de calibre 7,65 mm.<\/p>\n<p>Il aurait tir\u00e9 sur les pneus de la voiture du sexag\u00e9naire, avant de s\u2019en prendre directement \u00e0 ce dernier, qu\u2019il a bless\u00e9 \u00e0 la hanche. Une tentative de prise de photo par la victime aurait mis le feu aux poudres, l\u2019agresseur brisant alors le pare-brise avec la crosse de son arme et tirant sur l\u2019automobiliste.<\/p>\n<p>Un profil inqui\u00e9tant, d\u00e9j\u00e0 connu des services de police<\/p>\n<p>Le suspect n\u2019en est pas \u00e0 son coup d\u2019essai. Ce Tunisien, en situation irr\u00e9guli\u00e8re selon plusieurs sources, tra\u00eene derri\u00e8re lui un lourd pass\u00e9 judiciaire. En 2022, il avait d\u00e9j\u00e0 \u00e9t\u00e9 mis en cause pour avoir poignard\u00e9 sa compagne. Il est \u00e9galement soup\u00e7onn\u00e9 d\u2019une agression \u00e0 l\u2019arme blanche \u2014 au sabre \u2014 contre une femme, bless\u00e9e gravement (80 jours d\u2019ITT). Des faits d\u2019une gravit\u00e9 extr\u00eame qui n\u2019ont pourtant pas conduit \u00e0 une expulsion du territoire national.<\/p>\n<p>Trois jours apr\u00e8s les faits, il a \u00e9t\u00e9 interpell\u00e9 \u00e0 Rez\u00e9 par la BRI (Brigade de recherche et d\u2019intervention). La perquisition de son logement a r\u00e9v\u00e9l\u00e9 la pr\u00e9sence de plusieurs armes, dont le pistolet utilis\u00e9 lors de l\u2019agression, ainsi que des armes de poing suppl\u00e9mentaires et une r\u00e9plique de fusil d\u2019assaut. Le tout dans un appartement sous-lou\u00e9, potentiellement occup\u00e9 par d\u2019autres personnes.<\/p>\n<p>Une justice d\u00e9bord\u00e9e, un syst\u00e8me \u00e0 bout de souffle<\/p>\n<p>L\u2019enqu\u00eate a \u00e9t\u00e9 confi\u00e9e \u00e0 la division de la criminalit\u00e9 organis\u00e9e et sp\u00e9cialis\u00e9e de la police judiciaire de Nantes. Le parquet a ouvert une enqu\u00eate pour tentative d\u2019homicide volontaire. Mais derri\u00e8re le traitement judiciaire de cette affaire, c\u2019est un sentiment d\u2019incompr\u00e9hension et de lassitude qui domine chez les citoyens : comment un individu aussi dangereux peut-il encore circuler librement sur le territoire ? Pourquoi n\u2019est-il pas envoyer de force, imm\u00e9diatement, dans son pays d\u2019origine ?<\/p>\n<p>Ce nouvel \u00e9pisode de violence pose de nombreuses questions sur la gestion des multir\u00e9cidivistes violents, l\u2019inefficacit\u00e9 des proc\u00e9dures d\u2019expulsion, et plus globalement sur l\u2019\u00e9tat d\u2019impuissance de l\u2019\u00c9tat face \u00e0 une ins\u00e9curit\u00e9 banalis\u00e9e.<\/p>\n<p>Dans une ville d\u00e9j\u00e0 marqu\u00e9e par une hausse notable des violences, notamment celles li\u00e9es au trafic de drogue et aux agressions dans l\u2019espace public, cette affaire renforce l\u2019image d\u2019une m\u00e9tropole livr\u00e9e \u00e0 une ins\u00e9curit\u00e9 croissante. Le profil de l\u2019agresseur \u2014 \u00e9tranger, multir\u00e9cidiviste, arm\u00e9 \u2014 symbolise \u00e0 lui seul l\u2019\u00e9chec des politiques s\u00e9curitaires et migratoires actuelles.<\/p>\n<p>Illustration : DR<br \/>[cc] Breizh-info.com, 2025, d\u00e9p\u00eaches libres de copie et de diffusion sous r\u00e9serve de mention et de lien vers la source d\u2019origine<\/p>\n","protected":false},"excerpt":{"rendered":"Un simple geste d\u2019agacement au volant a failli co\u00fbter la vie \u00e0 un automobiliste de 60 ans, samedi&hellip;\n","protected":false},"author":2,"featured_media":153708,"comment_status":"","ping_status":"","sticky":false,"template":"","format":"standard","meta":{"footnotes":""},"categories":[2818],"tags":[1111,11,8230,3916,1777,674,1011,27,766,12,2636,25],"class_list":{"0":"post-153707","1":"post","2":"type-post","3":"status-publish","4":"format-standard","5":"has-post-thumbnail","7":"category-nantes","8":"tag-actu","9":"tag-actualites","10":"tag-agresseur","11":"tag-blesse","12":"tag-eu","13":"tag-europe","14":"tag-fr","15":"tag-france","16":"tag-nantes","17":"tag-news","18":"tag-pays-de-la-loire","19":"tag-republique-francaise"},"share_on_mastodon":{"url":"https:\/\/pubeurope.com\/@fr\/114630281383043125","error":""},"_links":{"self":[{"href":"https:\/\/www.europesays.com\/fr\/wp-json\/wp\/v2\/posts\/153707","targetHints":{"allow":["GET"]}}],"collection":[{"href":"https:\/\/www.europesays.com\/fr\/wp-json\/wp\/v2\/posts"}],"about":[{"href":"https:\/\/www.europesays.com\/fr\/wp-json\/wp\/v2\/types\/post"}],"author":[{"embeddable":true,"href":"https:\/\/www.europesays.com\/fr\/wp-json\/wp\/v2\/users\/2"}],"replies":[{"embeddable":true,"href":"https:\/\/www.europesays.com\/fr\/wp-json\/wp\/v2\/comments?post=153707"}],"version-history":[{"count":0,"href":"https:\/\/www.europesays.com\/fr\/wp-json\/wp\/v2\/posts\/153707\/revisions"}],"wp:featuredmedia":[{"embeddable":true,"href":"https:\/\/www.europesays.com\/fr\/wp-json\/wp\/v2\/media\/153708"}],"wp:attachment":[{"href":"https:\/\/www.europesays.com\/fr\/wp-json\/wp\/v2\/media?parent=153707"}],"wp:term":[{"taxonomy":"category","embeddable":true,"href":"https:\/\/www.europesays.com\/fr\/wp-json\/wp\/v2\/categories?post=153707"},{"taxonomy":"post_tag","embeddable":true,"href":"https:\/\/www.europesays.com\/fr\/wp-json\/wp\/v2\/tags?post=153707"}],"curies":[{"name":"wp","href":"https:\/\/api.w.org\/{rel}","templated":true}]}}