{"id":153715,"date":"2025-06-05T10:30:09","date_gmt":"2025-06-05T10:30:09","guid":{"rendered":"https:\/\/www.europesays.com\/fr\/153715\/"},"modified":"2025-06-05T10:30:09","modified_gmt":"2025-06-05T10:30:09","slug":"aeroport-de-toulouse-apres-la-fermeture-de-sa-base-easyjet-propose-de-nouveaux-vols-notamment-vers-paris","status":"publish","type":"post","link":"https:\/\/www.europesays.com\/fr\/153715\/","title":{"rendered":"A\u00e9roport de Toulouse. Apr\u00e8s la fermeture de sa base, Easyjet propose de nouveaux vols, notamment vers Paris"},"content":{"rendered":"<p>            Par<br \/>\n        <strong><br \/>\n            <a href=\"https:\/\/actu.fr\/auteur\/marie-lamarque\" title=\"Consulter tous les articles de Marie Lamarque\" target=\"_blank\" rel=\"noopener\">Marie Lamarque<\/a><br \/>\n        <\/strong><\/p>\n<p>        Publi\u00e9 le<\/p>\n<p>            5 juin 2025 \u00e0 12h17        <\/p>\n<p>Elle a chamboul\u00e9 l\u2019organisation des lignes low-cost au d\u00e9part de la Ville rose. Le 29 mars 2025, Easyjet <a href=\"https:\/\/actu.fr\/occitanie\/toulouse_31555\/fermeture-de-la-base-easyjet-a-l-aeroport-de-toulouse-toutes-les-lignes-supprimees-et-maintenues_62444757.html\" target=\"_blank\" rel=\"noopener\">fermait sa base<\/a> au sein de <a href=\"https:\/\/actu.fr\/tag\/aeroport-toulouse-blagnac\" target=\"_blank\" rel=\"noopener\">l\u2019a\u00e9roport Toulouse-Blagnac<\/a>, ce qui avait entra\u00een\u00e9<strong> la suppression de plusieurs de ses destinations<\/strong>.<\/p>\n<p class=\" wall-content\">Mais bonne nouvelle pour les voyageurs, pour cet hiver 2025-2026, la compagnie annonce la r\u00e9ouverture de deux de ses lignes, mais aussi un renforcement des vols qui relient <strong>Toulouse \u00e0 Paris-Orly, premi\u00e8re ligne Easyjet depuis la Ville rose<\/strong>.<\/p>\n<p>Nouveaux vols vers Paris-Orly<\/p>\n<p class=\" wall-content\">Ceux qui multiplient les allers-retours entre Toulouse et la capitale auront plus de choix. D\u00e8s le 27 octobre, les fr\u00e9quences seront renforc\u00e9es chez Easyjet. Les clients pourront profiter de <strong>six vols par jour les lundis et vendredis<\/strong>, soit \u00ab\u00a0un vol journalier suppl\u00e9mentaire sur ces deux jours par rapport \u00e0 l\u2019hiver pr\u00e9c\u00e9dent\u00a0\u00bb, explique la compagnie.<\/p>\n<p class=\" wall-content\">Cela repr\u00e9sente <strong>264 000 si\u00e8ges disponibles<\/strong> sur la saison hiver 2025-2026, tandis que, pour rappel, la navette Air France qui fait liaison avec l\u2019a\u00e9roport d\u2019Orly doit \u00eatre <a href=\"https:\/\/actu.fr\/occitanie\/toulouse_31555\/air-france-les-vols-entre-toulouse-et-paris-orly-c-est-bientot-fini_60221594.html\" target=\"_blank\" rel=\"noopener\">ferm\u00e9e en 2026<\/a>. Elle reportera ainsi l\u2019essentiel de ses activit\u00e9s vers Paris Charles-de-Gaulle. C\u2019est une autre compagnie low-cost, <strong>Transavia<\/strong>, <a href=\"https:\/\/actu.fr\/occitanie\/blagnac_31069\/air-france-arrete-la-navette-toulouse-paris-transavia-prend-la-suite-et-annonce-le-futur-rythme-des-vols_62600207.html\" target=\"_blank\" rel=\"noopener\">qui avait annonc\u00e9 prendre le relais<\/a> <strong>\u00e0 partir du 29 mars 2026<\/strong>.<\/p>\n<p>Hors France, deux autres lignes ouvertes cet hiver<\/p>\n<p class=\" wall-content\">Pour ses destinations \u00e0 l\u2019international, Easyjet a \u00e9galement annonc\u00e9 la reprise de deux de ses lignes pour l\u2019hiver \u00ab\u00a0tr\u00e8s pris\u00e9es par les Toulousains\u00a0\u00bb, souligne <strong>Bruno Balerdi<\/strong>, directeur commercial, clients et communication de l\u2019a\u00e9roport de Toulouse-Blagnac.<\/p>\n<p>Vid\u00e9os : en ce moment sur Actu<\/p>\n<p class=\" wall-content\">La compagnie reprendra ses vols<strong> vers Marrakech \u00e0 partir du 26 octobre<\/strong>, et jusqu\u2019\u00e0 la fin du mois de mars, au rythme de trois vols par semaine (le mardi, jeudi et samedi). En tout, <strong>24 000 si\u00e8ges seront propos\u00e9s<\/strong> sur la saison hiver.<\/p>\n<p class=\" wall-content\">La ligne<strong> Toulouse-Londres Gatwick<\/strong> sera \u00e9galement reprise <strong>d\u00e8s le 26 octobre<\/strong>, et jusqu\u2019\u00e0 la fin du mois de mars, au rythme de deux vols par semaine (le lundi et le vendredi) ; et jusqu\u2019\u00e0 six vols par semaine pendant la p\u00e9riode de No\u00ebl. <strong>22 000 si\u00e8ges sont disponibles<\/strong> sur la saison hiver.<\/p>\n<p>Au d\u00e9part de Toulouse, 11 destinations<\/p>\n<p class=\" wall-content\">Au total, Easyjet dessert <strong>11 destinations en direct<\/strong> depuis l\u2019a\u00e9roport Toulouse-Blagnac o\u00f9 elle est implant\u00e9e depuis 2003 :<\/p>\n<ul class=\" wall-content\">\n<li>dont cinq en France :<strong> Paris-Orly, B\u00e2le-Mulhouse, Lyon, Nantes et Nice<\/strong> ;<\/li>\n<li>et six \u00e0 l\u2019international :<strong> Londres Gatwick, Bristol, Gen\u00e8ve, Marrakech, Milan Malpensa et Palma de Majorque<\/strong>.<\/li>\n<\/ul>\n<p class=\" wall-content\">En 2024, elle avait transport\u00e9 <strong>1,7 million de passagers<\/strong> sur les <a href=\"https:\/\/www.toulouse.aeroport.fr\/sites\/default\/files\/2025-03\/ATB-perspectives%202025-v15.pdf\" target=\"_blank\" rel=\"noopener\">7,8 millions enregistr\u00e9s en 2024<\/a> par l\u2019a\u00e9roport de Toulouse-Blagnac.<\/p>\n<p class=\" wall-content\">Suivez toute l\u2019actualit\u00e9 de vos villes et m\u00e9dias favoris en vous inscrivant \u00e0 <a href=\"https:\/\/moncompte.actu.fr\" title=\"D\u00e9couvez Mon Actu\" rel=\"nofollow noopener\" data-trk=\"{&quot;cta&quot;:{&quot;action&quot;:&quot;https:\\\/\\\/moncompte.actu.fr&quot;,&quot;category&quot;:&quot;mon compte&quot;,&quot;from&quot;:&quot;article footer&quot;,&quot;name&quot;:&quot;Mon actu&quot;,&quot;type&quot;:&quot;cta&quot;}}\" target=\"_blank\">Mon Actu<\/a>.<\/p>\n<ul class=\"ac-article-tag wall-content\">\n<li><a href=\"https:\/\/actu.fr\/tag\/aeroport-toulouse-blagnac\" data-trk=\"{&quot;cta&quot;:{&quot;action&quot;:&quot;A\\u00e9roport Toulouse-Blagnac&quot;,&quot;category&quot;:&quot;tag&quot;,&quot;from&quot;:&quot;article footer&quot;,&quot;name&quot;:&quot;A\\u00e9roport Toulouse-Blagnac&quot;,&quot;type&quot;:&quot;cta&quot;}}\" target=\"_blank\" rel=\"noopener\">#A\u00e9roport Toulouse-Blagnac<\/a><\/li>\n<\/ul>\n","protected":false},"excerpt":{"rendered":"Par Marie Lamarque Publi\u00e9 le 5 juin 2025 \u00e0 12h17 Elle a chamboul\u00e9 l\u2019organisation des lignes low-cost au&hellip;\n","protected":false},"author":2,"featured_media":153716,"comment_status":"","ping_status":"","sticky":false,"template":"","format":"standard","meta":{"footnotes":""},"categories":[2816],"tags":[1111,11,103,1777,674,1011,27,12,2680,25,104,2312],"class_list":{"0":"post-153715","1":"post","2":"type-post","3":"status-publish","4":"format-standard","5":"has-post-thumbnail","7":"category-toulouse","8":"tag-actu","9":"tag-actualites","10":"tag-aeroport-toulouse-blagnac","11":"tag-eu","12":"tag-europe","13":"tag-fr","14":"tag-france","15":"tag-news","16":"tag-occitanie","17":"tag-republique-francaise","18":"tag-societe","19":"tag-toulouse"},"share_on_mastodon":{"url":"https:\/\/pubeurope.com\/@fr\/114630297162099547","error":""},"_links":{"self":[{"href":"https:\/\/www.europesays.com\/fr\/wp-json\/wp\/v2\/posts\/153715","targetHints":{"allow":["GET"]}}],"collection":[{"href":"https:\/\/www.europesays.com\/fr\/wp-json\/wp\/v2\/posts"}],"about":[{"href":"https:\/\/www.europesays.com\/fr\/wp-json\/wp\/v2\/types\/post"}],"author":[{"embeddable":true,"href":"https:\/\/www.europesays.com\/fr\/wp-json\/wp\/v2\/users\/2"}],"replies":[{"embeddable":true,"href":"https:\/\/www.europesays.com\/fr\/wp-json\/wp\/v2\/comments?post=153715"}],"version-history":[{"count":0,"href":"https:\/\/www.europesays.com\/fr\/wp-json\/wp\/v2\/posts\/153715\/revisions"}],"wp:featuredmedia":[{"embeddable":true,"href":"https:\/\/www.europesays.com\/fr\/wp-json\/wp\/v2\/media\/153716"}],"wp:attachment":[{"href":"https:\/\/www.europesays.com\/fr\/wp-json\/wp\/v2\/media?parent=153715"}],"wp:term":[{"taxonomy":"category","embeddable":true,"href":"https:\/\/www.europesays.com\/fr\/wp-json\/wp\/v2\/categories?post=153715"},{"taxonomy":"post_tag","embeddable":true,"href":"https:\/\/www.europesays.com\/fr\/wp-json\/wp\/v2\/tags?post=153715"}],"curies":[{"name":"wp","href":"https:\/\/api.w.org\/{rel}","templated":true}]}}