{"id":153719,"date":"2025-06-05T10:32:10","date_gmt":"2025-06-05T10:32:10","guid":{"rendered":"https:\/\/www.europesays.com\/fr\/153719\/"},"modified":"2025-06-05T10:32:10","modified_gmt":"2025-06-05T10:32:10","slug":"marguerite-pour-une-logistique-durable-actualites","status":"publish","type":"post","link":"https:\/\/www.europesays.com\/fr\/153719\/","title":{"rendered":"Marguerite, pour une logistique durable \/ Actualit\u00e9s"},"content":{"rendered":"<p><strong>La Ville de Lille et ses partenaires ont lanc\u00e9 le programme Marguerite, le 5 juin 2025. Au total, 14 solutions de logistique urbaine durable sont d\u00e9ploy\u00e9es \u00e0 destination des artisans et commer\u00e7ants lillois.<\/strong><\/p>\n<p>Poursuivant ses engagements ambitieux en faveur d\u2019une transition \u00e9cologique juste, la Ville de Lille\u00a0multiplie les initiatives dans le cadre du Plan lillois pour le climat et ses d\u00e9clinaisons\u00a0: le Pacte Bas Carbone et la Feuille de Route pour l\u2019Economie Circulaire.<\/p>\n<p>La logistique du dernier kilom\u00e8tre est un enjeu dans toutes les grandes villes pour \u00e0 la fois garder la ville attractive pour les commer\u00e7ants, accessible pour les artisans, tout en optimisant les flux de livraison. <strong>En partenariat avec la Ville de Lille, la CCI Grand Lille et la CMA Hauts-de-France, le Programme Marguerite<\/strong>, port\u00e9 par La Fabrique de la Logistique, <strong>se d\u00e9ploie \u00e0 Lille, Hellemmes et Lomme<\/strong>, comme territoire pilote pour la R\u00e9gion Hauts-de-France.<\/p>\n<p>            <img src-full=\"\/var\/www\/storage\/images\/mediatheque\/mairie-de-lille\/actualites\/images\/2025\/juin-2025\/programme-marguerite\/3781197-1-fre-FR\/Programme-Marguerite.jpg\" data-caption-full=\"Programme Marguerite, conf\u00e9rence de presse de pr\u00e9sentation, le 5 juin 2025. Photo TLP - Ville de Lille\" width=\"465\" height=\"310\" alt=\"Programme Marguerite\" title=\"Programme Marguerite\" class=\"align-\"\/>\n    <\/p>\n<p>14 solutions adapt\u00e9es au territoire<\/p>\n<p>Un <strong>catalogue de solutions de logistique urbaine<\/strong> (cyclo-logistique, livraisons mutualis\u00e9es, tourn\u00e9es d\u2019approvisionnement, \u00e9vacuation de d\u00e9chets, solutions de stockage&#8230;) <strong>est \u00e9dit\u00e9 pour apporter un v\u00e9ritable \u00ab coup de pouce en ville \u00bb aux artisans et commer\u00e7ants<\/strong>.<\/p>\n<p><strong>Adapt\u00e9es au territoire lillois, 14 solutions ont \u00e9t\u00e9 retenues par le Programme CEE Marguerite<\/strong> :<\/p>\n<ul class=\"listPuce\">\n<li>Happy Moov,<\/li>\n<li>2R Aventure,<\/li>\n<li>Les Ripeurs,<\/li>\n<li>Dooitch,<\/li>\n<li>Cit\u00e9liv,<\/li>\n<li>Le Fourgon,<\/li>\n<li>G\u00e9odis,<\/li>\n<li>Tri N Collect,<\/li>\n<li>Lille Bike,<\/li>\n<li>Woop,<\/li>\n<li>Log\u2019issimo,<\/li>\n<li>La Bici,<\/li>\n<li>Livrado,<\/li>\n<li>Carbon Z\u00e9ro.<\/li>\n<\/ul>\n<p>OBJECTIF N\u00b01<\/p>\n<p>Mettre en place un catalogue de solutions de logistique urbaines afin d\u2019accompagner les artisans \/ commer\u00e7ants \u00e0 <strong>r\u00e9duire ou optimiser l\u2019usage du v\u00e9hicule professionnel<\/strong> (cyclo-logistique, livraisons mutualis\u00e9es, tourn\u00e9es d\u2019approvisionnement, \u00e9vacuation de d\u00e9chets, solutions de stockage&#8230;).<\/p>\n<p>OBJECTIF N\u00b02<\/p>\n<p>G\u00e9n\u00e9rer des <strong>\u00e9conomies d\u2019\u00e9nergie<\/strong> en proposant aux artisans et commer\u00e7ants d\u2019adopter ces nouvelles pratiques. Une transformation d\u2019autant plus b\u00e9n\u00e9fique pour ces professionnels, qu\u2019elle s\u2019accompagne de gain de temps et d\u2019argent. <strong>Le territoire est le premier \u00e0 l\u2019\u00e9chelle nationale \u00e0 s\u2019engager dans cette d\u00e9marche<\/strong>.<\/p>\n<p>Pour le d\u00e9ploiement local, la Fabrique de la Logistique finance le recrutement de deux coordinateurs territoriaux au sein de la CCI Grand Lille et de la CMA Hauts de France charg\u00e9s de travailler sur les solutions (outils et accompagnement) \u00e0 proposer aux artisans, aux commer\u00e7ants et plus globalement aux TPE du territoire d\u2019action.<\/p>\n<p>\u00c0 propos du Programme Marguerite<\/p>\n<p>Le Programme Marguerite, soutenu par l\u2019\u00c9tat au travers du dispositif des <strong>Certificats d\u2019\u00e9conomies d\u2019\u00e9nergie<\/strong> (CEE) et port\u00e9 par La Fabrique de la Logistique est men\u00e9 en partenariat avec l\u2019Association des CCI m\u00e9tropolitaines et CMA France. Il se lance pour <strong>d\u00e9fi de transformer la logistique urbaine des artisans et commer\u00e7ants<\/strong>. Il vise, sur quatre ans, \u00e0 g\u00e9n\u00e9rer des \u00e9conomies d\u2019\u00e9nergie en proposant aux artisans et commer\u00e7ants en compte propre, c\u2019est-\u00e0-dire qui effectuent eux-m\u00eames leurs op\u00e9rations logistiques avec leur propre v\u00e9hicule, d\u2019en r\u00e9duire l\u2019utilisation en adoptant des pratiques logistiques mutualis\u00e9es ou plus sobres.<\/p>\n<p>Avec son <strong>catalogue de solutions<\/strong>, le Programme Marguerite encourage les artisans et commer\u00e7ants \u00e0 exp\u00e9rimenter de nouvelles pratiques logistiques tout en finan\u00e7ant la p\u00e9riode de test. Le Programme Marguerite se d\u00e9ploie sur six territoires en France : M\u00e9tropole du Grand Paris (territoire pilote), Ville de Lille, M\u00e9tropole de Nantes (sous le nom de SOLUCE), Bordeaux M\u00e9tropole, M\u00e9tropole de Lyon, M\u00e9tropole Aix Marseille.<\/p>\n","protected":false},"excerpt":{"rendered":"La Ville de Lille et ses partenaires ont lanc\u00e9 le programme Marguerite, le 5 juin 2025. Au total,&hellip;\n","protected":false},"author":2,"featured_media":153720,"comment_status":"","ping_status":"","sticky":false,"template":"","format":"standard","meta":{"footnotes":""},"categories":[2815],"tags":[1111,11,4763,1777,674,1011,27,811,1307,5415,12,25],"class_list":{"0":"post-153719","1":"post","2":"type-post","3":"status-publish","4":"format-standard","5":"has-post-thumbnail","7":"category-lille","8":"tag-actu","9":"tag-actualites","10":"tag-agenda","11":"tag-eu","12":"tag-europe","13":"tag-fr","14":"tag-france","15":"tag-hauts-de-france","16":"tag-lille","17":"tag-mairie","18":"tag-news","19":"tag-republique-francaise"},"share_on_mastodon":{"url":"https:\/\/pubeurope.com\/@fr\/114630305028142363","error":""},"_links":{"self":[{"href":"https:\/\/www.europesays.com\/fr\/wp-json\/wp\/v2\/posts\/153719","targetHints":{"allow":["GET"]}}],"collection":[{"href":"https:\/\/www.europesays.com\/fr\/wp-json\/wp\/v2\/posts"}],"about":[{"href":"https:\/\/www.europesays.com\/fr\/wp-json\/wp\/v2\/types\/post"}],"author":[{"embeddable":true,"href":"https:\/\/www.europesays.com\/fr\/wp-json\/wp\/v2\/users\/2"}],"replies":[{"embeddable":true,"href":"https:\/\/www.europesays.com\/fr\/wp-json\/wp\/v2\/comments?post=153719"}],"version-history":[{"count":0,"href":"https:\/\/www.europesays.com\/fr\/wp-json\/wp\/v2\/posts\/153719\/revisions"}],"wp:featuredmedia":[{"embeddable":true,"href":"https:\/\/www.europesays.com\/fr\/wp-json\/wp\/v2\/media\/153720"}],"wp:attachment":[{"href":"https:\/\/www.europesays.com\/fr\/wp-json\/wp\/v2\/media?parent=153719"}],"wp:term":[{"taxonomy":"category","embeddable":true,"href":"https:\/\/www.europesays.com\/fr\/wp-json\/wp\/v2\/categories?post=153719"},{"taxonomy":"post_tag","embeddable":true,"href":"https:\/\/www.europesays.com\/fr\/wp-json\/wp\/v2\/tags?post=153719"}],"curies":[{"name":"wp","href":"https:\/\/api.w.org\/{rel}","templated":true}]}}