{"id":15372,"date":"2025-04-10T16:14:20","date_gmt":"2025-04-10T16:14:20","guid":{"rendered":"https:\/\/www.europesays.com\/fr\/15372\/"},"modified":"2025-04-10T16:14:20","modified_gmt":"2025-04-10T16:14:20","slug":"benjamin-castaldi-annonce-larret-de-sa-matinale-sur-europe-2-et-evoque-ses-futurs-projets","status":"publish","type":"post","link":"https:\/\/www.europesays.com\/fr\/15372\/","title":{"rendered":"Benjamin Castaldi annonce l&rsquo;arr\u00eat de sa matinale sur Europe 2 et \u00e9voque ses futurs projets"},"content":{"rendered":"<p>Ce jeudi 10 avril, Benjamin Castaldi a annonc\u00e9 sur les r\u00e9seaux sociaux l&rsquo;arr\u00eat de la matinale qu&rsquo;il pr\u00e9sente depuis huit mois sur Europe 2. L&rsquo;animateur d\u00e9voile ses futurs projets.<\/p>\n<p>Il y a du changement sur Europe 2&#8230; En ao\u00fbt dernier,<a href=\"https:\/\/www.programme-tv.net\/news\/people\/359751-benjamin-castaldi-absent-au-debut-de-sa-matinale-sur-europe-2-le-presentateur-change-d-horaire-pour-la-suite-de-la-saison\/\" data-api-deeplink=\"teleloisirs:\/\/news\/359751\" target=\"_blank\" rel=\"noopener\"> Benjamin Castaldi prenait les commandes du programme matinal d&rsquo;Europe 2,<\/a> avec son \u00e9mission Castaldi r\u00e9veille la France. Depuis huit mois, l&rsquo;ancien chroniqueur anime donc l&rsquo;antenne de six heures \u00e0 dix heures avec un programme ponctu\u00e9 de chansons, de chroniques et d&rsquo;une bonne dose d&rsquo;humour. Si la bonne ambiance semble r\u00e9gner au sein de l&rsquo;\u00e9quipe d&rsquo;Europe 2, <a href=\"https:\/\/www.programme-tv.net\/news\/people\/375314-ce-n-est-pas-un-refus-simon-castaldi-explique-pourquoi-son-pere-benjamin-castaldi-ne-l-a-pas-engage-a-ses-cotes-dans-la-matinale-d-europe-2\/\" data-api-deeplink=\"teleloisirs:\/\/news\/375314\" target=\"_blank\" rel=\"noopener\">Benjamin Castaldi <\/a>a surpris les auditeurs, ce jeudi 10 avril, en annon\u00e7ant l&rsquo;arr\u00eat soudain de son \u00e9mission.<\/p>\n<p>\u00ab\u00a0Le format devait \u00e9voluer&#8230;\u00a0\u00bb : Benjamin Castaldi annonce l&rsquo;arr\u00eat de sa matinale sur Europe 2<\/p>\n<p>Ce jeudi 10 avril, \u00e0 la fin de son \u00e9mission quotidienne, Benjamin Castaldi a bri\u00e8vement lanc\u00e9 : \u00ab\u00a0J&rsquo;ai une pas tr\u00e8s bonne nouvelle : Castaldi sur Europe 2, c&rsquo;est fini. Mais on revient demain, qui sait ? \u00c0 demain !\u00a0\u00bb. Quelques heures apr\u00e8s cette annonce sur l&rsquo;antenne d&rsquo;Europe 2, le fils de Jean-Pierre Castaldi a post\u00e9 un message sur Instagram : <b>\u00ab\u00a0<\/b><b>Clap de fin pour mon \u00e9mission sur Europe 2. Merci \u00e0 tous ceux qui ont travaill\u00e9 \u00e0 mes c\u00f4t\u00e9s ! Merci Marie, merci Fabien, merci Laurent<\/b><b>\u00ab\u00a0, <\/b>\u00e9crit-il en story. L&rsquo;animateur ne semblait pas s&rsquo;attendre \u00e0 ce revirement de situation huit mois apr\u00e8s avoir pris les commandes de la matinale, puisqu&rsquo;il ajoute : \u00ab\u00a0Le format devait \u00e9voluer&#8230; Bonne chance \u00e0 toute l&rsquo;\u00e9quipe d&rsquo;Europe 2 pour la suite\u00a0\u00bb.<\/p>\n<p>                         \u00ab\u00a0Un retour avec mon ami Cyril Hanouna\u00a0\u00bb : Benjamin Castaldi \u00e9voque ses projets \u00e0 venir<\/p>\n<p>Dans la m\u00eame story Instagram, Benjamin Castaldi \u00e9voque son avenir <b>: \u00ab\u00a0<\/b><b>Je me consacre d\u00e9sormais \u00e0 de nouveaux projets, dont une aventure th\u00e9\u00e2trale pr\u00e9vue pour 2026<\/b><b>\u00ab\u00a0<\/b>, avant de mentionner Cyril Hanouna : \u00ab\u00a0<b>Et pourquoi pas un retour avec mon ami Cyril Hanouna au sein du groupe M6 ?<\/b><b>\u00ab\u00a0. <\/b>Apr\u00e8s la fermeture de C8 en f\u00e9vrier dernier, <a href=\"https:\/\/www.programme-tv.net\/news\/tv\/372479-cyril-hanouna-annonce-son-arrivee-dans-le-groupe-m6-sur-la-chaine-w9\/\" data-api-deeplink=\"teleloisirs:\/\/news\/372479\" target=\"_blank\" rel=\"noopener\">Cyril Hanouna avait annonc\u00e9 rejoindre W9<\/a> pour continuer son aventure avec l&rsquo;\u00e9quipe de <a href=\"https:\/\/www.programme-tv.net\/news\/tv\/375305-audiences-l-arret-de-touche-pas-a-mon-poste-a-t-il-profite-a-ses-concurrents-quotidien-et-c-a-vous\/\" data-api-deeplink=\"teleloisirs:\/\/news\/375305\" target=\"_blank\" rel=\"noopener\">Touche pas \u00e0 mon poste<\/a>. Une chose est s\u00fbre : Benjamin Castaldi a plus d&rsquo;une corde \u00e0 son arc : \u00ab\u00a0La vie c&rsquo;est comme une bo\u00eete de chocolats : on ne sait jamais sur quoi on va tomber&#8230;\u00a0\u00bb, lance-t-il. Il conclut sur la mythique phrase de Secret Story, qu&rsquo;il animait quelques ann\u00e9es auparavant : \u00ab\u00a0C&rsquo;est tout pour le moment. Merci \u00e0 tous, je vous aime\u00a0\u00bb.<\/p>\n","protected":false},"excerpt":{"rendered":"Ce jeudi 10 avril, Benjamin Castaldi a annonc\u00e9 sur les r\u00e9seaux sociaux l&rsquo;arr\u00eat de la matinale qu&rsquo;il pr\u00e9sente&hellip;\n","protected":false},"author":2,"featured_media":15373,"comment_status":"","ping_status":"","sticky":false,"template":"","format":"standard","meta":{"footnotes":""},"categories":[1586],"tags":[11,6468,244,1777,674,1011,27,12,25,1630],"class_list":{"0":"post-15372","1":"post","2":"type-post","3":"status-publish","4":"format-standard","5":"has-post-thumbnail","7":"category-europe","8":"tag-actualites","9":"tag-benjamin-castaldi","10":"tag-commentaire","11":"tag-eu","12":"tag-europe","13":"tag-fr","14":"tag-france","15":"tag-news","16":"tag-republique-francaise","17":"tag-zapping"},"share_on_mastodon":{"url":"https:\/\/pubeurope.com\/@fr\/114314560455773667","error":""},"_links":{"self":[{"href":"https:\/\/www.europesays.com\/fr\/wp-json\/wp\/v2\/posts\/15372","targetHints":{"allow":["GET"]}}],"collection":[{"href":"https:\/\/www.europesays.com\/fr\/wp-json\/wp\/v2\/posts"}],"about":[{"href":"https:\/\/www.europesays.com\/fr\/wp-json\/wp\/v2\/types\/post"}],"author":[{"embeddable":true,"href":"https:\/\/www.europesays.com\/fr\/wp-json\/wp\/v2\/users\/2"}],"replies":[{"embeddable":true,"href":"https:\/\/www.europesays.com\/fr\/wp-json\/wp\/v2\/comments?post=15372"}],"version-history":[{"count":0,"href":"https:\/\/www.europesays.com\/fr\/wp-json\/wp\/v2\/posts\/15372\/revisions"}],"wp:featuredmedia":[{"embeddable":true,"href":"https:\/\/www.europesays.com\/fr\/wp-json\/wp\/v2\/media\/15373"}],"wp:attachment":[{"href":"https:\/\/www.europesays.com\/fr\/wp-json\/wp\/v2\/media?parent=15372"}],"wp:term":[{"taxonomy":"category","embeddable":true,"href":"https:\/\/www.europesays.com\/fr\/wp-json\/wp\/v2\/categories?post=15372"},{"taxonomy":"post_tag","embeddable":true,"href":"https:\/\/www.europesays.com\/fr\/wp-json\/wp\/v2\/tags?post=15372"}],"curies":[{"name":"wp","href":"https:\/\/api.w.org\/{rel}","templated":true}]}}