{"id":153726,"date":"2025-06-05T10:36:14","date_gmt":"2025-06-05T10:36:14","guid":{"rendered":"https:\/\/www.europesays.com\/fr\/153726\/"},"modified":"2025-06-05T10:36:14","modified_gmt":"2025-06-05T10:36:14","slug":"lyon-un-homme-decede-dans-des-circonstances-dramatiques-a-lhopital-edouard-herriot","status":"publish","type":"post","link":"https:\/\/www.europesays.com\/fr\/153726\/","title":{"rendered":"Lyon. Un homme d\u00e9c\u00e8de dans \u00ab\u00a0des circonstances dramatiques\u00a0\u00bb \u00e0 l\u2019h\u00f4pital Edouard-Herriot"},"content":{"rendered":"<p>Un patient est d\u00e9c\u00e9d\u00e9, dans la nuit de dimanche \u00e0 lundi, au sein de l\u2019h\u00f4pital Edouard-Herriot (Lyon 3e ) \u00ab\u00a0dans des circonstances dramatiques\u00a0\u00bb, ont indiqu\u00e9 au Progr\u00e8s  les Hospices civils de Lyon (HCL), confirmant <a href=\"https:\/\/actu.fr\/auvergne-rhone-alpes\/lyon_69123\/lyon-un-patient-des-hcl-meurt-en-se-jetant-dans-le-vide-le-personnel-sous-le-choc_62729464.html\" target=\"_blank\" rel=\"nofollow noopener\">une information d\u2019<\/a><a href=\"https:\/\/actu.fr\/auvergne-rhone-alpes\/lyon_69123\/lyon-un-patient-des-hcl-meurt-en-se-jetant-dans-le-vide-le-personnel-sous-le-choc_62729464.html\" target=\"_blank\" rel=\"nofollow noopener\">Actu Lyon<\/a>.<\/p>\n<p>Le d\u00e9funt est un homme de 23 ans. Une \u00ab\u00a0enqu\u00eate pour recherches des causes de la mort\u00a0\u00bb a \u00e9t\u00e9 ouverte, a pr\u00e9cis\u00e9 la direction interd\u00e9partementale de la police nationale \u00e0 notre r\u00e9daction.<\/p>\n<p>D\u2019apr\u00e8s Actu Lyon , l\u2019homme se serait jet\u00e9 dans le vide apr\u00e8s avoir quitt\u00e9 sa chambre.<\/p>\n<p>  \u00ab\u00a0Prise en charge psychologique\u00a0\u00bb propos\u00e9e aux soignants<\/p>\n<p>\u00ab\u00a0L\u2019\u00e9v\u00e8nement a \u00e9t\u00e9 d\u00e9clar\u00e9 \u00e0 l\u2019Agence r\u00e9gionale de sant\u00e9 selon les proc\u00e9dures pr\u00e9vues et une enqu\u00eate judiciaire est en cours, ont d\u00e9taill\u00e9 au Progr\u00e8s  les HCL. Une instance extraordinaire du comit\u00e9 social d\u2019\u00e9tablissement local a eu lieu ce mardi 3\u00a0juin, pour \u00e9changer sur cette situation avec les repr\u00e9sentants du personnel.<\/p>\n<p>Une prise en charge psychologique a \u00e9t\u00e9 propos\u00e9e \u00e0 l\u2019\u00e9quipe de m\u00e9decine interne. La direction de l\u2019h\u00f4pital se tient \u00e0 leur \u00e9coute.\u00a0\u00bb<\/p>\n<p class=\"note\">Si vous avez des pens\u00e9es suicidaires, si vous voulez aider une personne en souffrance, vous pouvez contacter le num\u00e9ro national de pr\u00e9vention du suicide, le 3114.<\/p>\n","protected":false},"excerpt":{"rendered":"Un patient est d\u00e9c\u00e9d\u00e9, dans la nuit de dimanche \u00e0 lundi, au sein de l\u2019h\u00f4pital Edouard-Herriot (Lyon 3e&hellip;\n","protected":false},"author":2,"featured_media":153727,"comment_status":"","ping_status":"","sticky":false,"template":"","format":"standard","meta":{"footnotes":""},"categories":[1889],"tags":[1111,11,2430,3152,2757,1777,674,274,107,1011,27,2428,2756,12,25,2429],"class_list":{"0":"post-153726","1":"post","2":"type-post","3":"status-publish","4":"format-standard","5":"has-post-thumbnail","7":"category-lyon","8":"tag-actu","9":"tag-actualites","10":"tag-auvergne-rhone-alpes","11":"tag-edition-est-lyonnais","12":"tag-edition-lyon-villeurbanne","13":"tag-eu","14":"tag-europe","15":"tag-faits-divers-justice","16":"tag-fil-info","17":"tag-fr","18":"tag-france","19":"tag-lyon","20":"tag-lyon-bassin","21":"tag-news","22":"tag-republique-francaise","23":"tag-rhone"},"share_on_mastodon":{"url":"https:\/\/pubeurope.com\/@fr\/114630320678615864","error":""},"_links":{"self":[{"href":"https:\/\/www.europesays.com\/fr\/wp-json\/wp\/v2\/posts\/153726","targetHints":{"allow":["GET"]}}],"collection":[{"href":"https:\/\/www.europesays.com\/fr\/wp-json\/wp\/v2\/posts"}],"about":[{"href":"https:\/\/www.europesays.com\/fr\/wp-json\/wp\/v2\/types\/post"}],"author":[{"embeddable":true,"href":"https:\/\/www.europesays.com\/fr\/wp-json\/wp\/v2\/users\/2"}],"replies":[{"embeddable":true,"href":"https:\/\/www.europesays.com\/fr\/wp-json\/wp\/v2\/comments?post=153726"}],"version-history":[{"count":0,"href":"https:\/\/www.europesays.com\/fr\/wp-json\/wp\/v2\/posts\/153726\/revisions"}],"wp:featuredmedia":[{"embeddable":true,"href":"https:\/\/www.europesays.com\/fr\/wp-json\/wp\/v2\/media\/153727"}],"wp:attachment":[{"href":"https:\/\/www.europesays.com\/fr\/wp-json\/wp\/v2\/media?parent=153726"}],"wp:term":[{"taxonomy":"category","embeddable":true,"href":"https:\/\/www.europesays.com\/fr\/wp-json\/wp\/v2\/categories?post=153726"},{"taxonomy":"post_tag","embeddable":true,"href":"https:\/\/www.europesays.com\/fr\/wp-json\/wp\/v2\/tags?post=153726"}],"curies":[{"name":"wp","href":"https:\/\/api.w.org\/{rel}","templated":true}]}}