{"id":153736,"date":"2025-06-05T10:42:20","date_gmt":"2025-06-05T10:42:20","guid":{"rendered":"https:\/\/www.europesays.com\/fr\/153736\/"},"modified":"2025-06-05T10:42:20","modified_gmt":"2025-06-05T10:42:20","slug":"bientot-une-loi-pour-proteger-la-seine-la-ville-de-paris-lance-la-demarche-aupres-du-parlement","status":"publish","type":"post","link":"https:\/\/www.europesays.com\/fr\/153736\/","title":{"rendered":"Bient\u00f4t une loi pour prot\u00e9ger la Seine\u00a0? La ville de Paris lance la d\u00e9marche aupr\u00e8s du parlement"},"content":{"rendered":"<p>La Seine pourra-t-elle bient\u00f4t se retrouver face \u00e0 des industriels pollueurs dans des proc\u00e8s\u00a0? Dans un v\u0153u adopt\u00e9 mercredi 4 juin, le Conseil de Paris demande au parlement d\u2019adopter une loi conf\u00e9rant au fleuve une personnalit\u00e9 juridique.<\/p>\n<p>Cette reconnaissance doit permettre \u00e0 la Seine de d\u00e9fendre ses int\u00e9r\u00eats, et de garantir notamment la protection de son \u00e9cosyst\u00e8me. \u00abSous la forme d\u2019une personne morale de droit public\u00bb, la Seine \u2013 ou plut\u00f4t une autorit\u00e9 gardienne ind\u00e9pendante \u2013, pourra \u00abd\u00e9fendre en justice ses droits\u00bb, d\u00e9taille le Conseil de Paris.<\/p>\n<p>\u00abLa Seine doit pouvoir se d\u00e9fendre elle-m\u00eame, comme un sujet de droit et non comme un objet, parce qu\u2019elle sera toujours attaqu\u00e9e\u00bb, a d\u00e9clar\u00e9 la maire socialiste de Paris Anne Hidalgo. <\/p>\n<p>Cette reconnaissance s\u2019inscrit dans le cadre d\u2019un mouvement mondial qui a d\u00e9j\u00e0 permis d\u2019attribuer ce type de droit \u00e0 plusieurs sites. On peut citer le fleuve Whanganui, en Nouvelle-Z\u00e9lande, la lagune de Mar Menor en Espagne, ou encore la for\u00eat de Los Cedros, en Equateur.<\/p>\n<p>Des citoyens tir\u00e9s au sort<\/p>\n<p>D\u2019o\u00f9 vient cette id\u00e9e de faire de la Seine un \u00absujet de droit\u00bb\u00a0? Le Conseil de Paris s\u2019est appuy\u00e9 sur les conclusions d\u2019une convention citoyenne sur l\u2019avenir de la Seine, r\u00e9unie entre mars et mai 2025, dans la m\u00eame veine que d\u2019autres initiatives engag\u00e9es autour de la Loire et du Rh\u00f4ne.<\/p>\n<p>Cinquante citoyen\u00b7nes tir\u00e9\u00b7es au sort ont propos\u00e9, \u00e0 l\u2019issue de cette convention, d\u2019accorder \u00e0 la Seine des droits fondamentaux comme \u00able droit \u00e0 exister, \u00e0 couler, \u00e0 se r\u00e9g\u00e9n\u00e9rer\u00bb. D\u2019apr\u00e8s elle, le fleuve doit \u00eatre consid\u00e9r\u00e9 comme un \u00e9cosyst\u00e8me dont \u00abpersonne ne peut revendiquer la propri\u00e9t\u00e9\u00bb. Et la sauvegarde du vivant doit \u00abprimer sur tout\u00bb. <\/p>\n<p>Selon Aur\u00e9lie Huguet, rapporteure citoyenne, un \u00abparlement\u00bb du fleuve permettrait de \u00abpenser des d\u00e9cisions de long terme et contenir le poids des diff\u00e9rents lobbys\u00bb.<\/p>\n<p>39 esp\u00e8ces de poissons<\/p>\n<p>La convention note par ailleurs qu\u2019une dynamique \u00abpositive\u00bb de protection de la biodiversit\u00e9 a \u00e9t\u00e9 entreprise depuis plusieurs ann\u00e9es, avec la pi\u00e9tonisation des quais et la d\u00e9pollution de l\u2019eau, qui permettent aujourd\u2019hui au fleuve d\u2019h\u00e9berger 39 esp\u00e8ces de poissons, contre seulement quatre en 1970.<\/p>\n<p><img fetchpriority=\"high\" decoding=\"async\" width=\"1024\" height=\"683\" src=\"https:\/\/www.europesays.com\/fr\/wp-content\/uploads\/2025\/06\/amin-zabardast-qZw3Xp4gMzw-unsplash-1024x683.jpg\" alt=\"\" class=\"wp-image-42892\" style=\"width:1071px;height:auto\"  \/>\u00c0 Paris, les quais de Seine ont \u00e9t\u00e9 rendus aux pi\u00e9ton\u00b7nes, pour le plus grand plaisir\u2026 du fleuve. \u00a9 Amin Zabardast\/Unsplash<\/p>\n<p>Mais l\u2019\u00e9cosyst\u00e8me reste menac\u00e9\u00a0par la pollution, l\u2019augmentation de la temp\u00e9rature de l\u2019eau, l\u2019utilisation de pesticides dans l\u2019agriculture\u2026 <a href=\"https:\/\/vert.eco\/articles\/a-paris-la-baignade-dans-la-seine-autorisee-a-partir-du-5-juillet-un-objectif-dadaptation-au-changement-climatique\" target=\"_blank\" rel=\"noopener\">L\u2019ouverture de la baignade au public<\/a> pr\u00e9vue cet \u00e9t\u00e9, avec les installations qu\u2019elle implique, pourrait pr\u00e9senter \u00abdes risques suppl\u00e9mentaires\u00bb, avertissent les citoyen\u00b7nes.<\/p>\n<p>Cet hiver, les droits de la Seine avaient fait l\u2019objet d\u2019un proc\u00e8s fictif jou\u00e9 au th\u00e9\u00e2tre de la Concorde \u00e0 Paris (<a href=\"https:\/\/vert.eco\/articles\/droits-de-la-nature-un-proces-fictif-hors-norme-pour-donner-a-la-seine-les-moyens-de-se-defendre\" target=\"_blank\" rel=\"noopener\">notre reportage<\/a>), r\u00e9unissant notamment sur sc\u00e8ne l\u2019ancien procureur g\u00e9n\u00e9ral de la Cour de cassation Fran\u00e7ois Molins et l\u2019avocate Corinne Lepage, ex-ministre de l\u2019environnement. Un proc\u00e8s fictif singulier s\u2019\u00e9tait tenu, opposant une entreprise malveillante \u00e0 la Seine. Cette sc\u00e8ne pourrait-elle, bient\u00f4t, se jouer pour de vrai\u00a0?<\/p>\n","protected":false},"excerpt":{"rendered":"La Seine pourra-t-elle bient\u00f4t se retrouver face \u00e0 des industriels pollueurs dans des proc\u00e8s\u00a0? Dans un v\u0153u adopt\u00e9&hellip;\n","protected":false},"author":2,"featured_media":153737,"comment_status":"","ping_status":"","sticky":false,"template":"","format":"standard","meta":{"footnotes":""},"categories":[1888],"tags":[11,2618,6592,1777,674,1011,27,12,626,25,13527],"class_list":{"0":"post-153736","1":"post","2":"type-post","3":"status-publish","4":"format-standard","5":"has-post-thumbnail","7":"category-paris","8":"tag-actualites","9":"tag-anne-hidalgo","10":"tag-droite","11":"tag-eu","12":"tag-europe","13":"tag-fr","14":"tag-france","15":"tag-news","16":"tag-paris","17":"tag-republique-francaise","18":"tag-seine"},"share_on_mastodon":{"url":"https:\/\/pubeurope.com\/@fr\/114630344334279984","error":""},"_links":{"self":[{"href":"https:\/\/www.europesays.com\/fr\/wp-json\/wp\/v2\/posts\/153736","targetHints":{"allow":["GET"]}}],"collection":[{"href":"https:\/\/www.europesays.com\/fr\/wp-json\/wp\/v2\/posts"}],"about":[{"href":"https:\/\/www.europesays.com\/fr\/wp-json\/wp\/v2\/types\/post"}],"author":[{"embeddable":true,"href":"https:\/\/www.europesays.com\/fr\/wp-json\/wp\/v2\/users\/2"}],"replies":[{"embeddable":true,"href":"https:\/\/www.europesays.com\/fr\/wp-json\/wp\/v2\/comments?post=153736"}],"version-history":[{"count":0,"href":"https:\/\/www.europesays.com\/fr\/wp-json\/wp\/v2\/posts\/153736\/revisions"}],"wp:featuredmedia":[{"embeddable":true,"href":"https:\/\/www.europesays.com\/fr\/wp-json\/wp\/v2\/media\/153737"}],"wp:attachment":[{"href":"https:\/\/www.europesays.com\/fr\/wp-json\/wp\/v2\/media?parent=153736"}],"wp:term":[{"taxonomy":"category","embeddable":true,"href":"https:\/\/www.europesays.com\/fr\/wp-json\/wp\/v2\/categories?post=153736"},{"taxonomy":"post_tag","embeddable":true,"href":"https:\/\/www.europesays.com\/fr\/wp-json\/wp\/v2\/tags?post=153736"}],"curies":[{"name":"wp","href":"https:\/\/api.w.org\/{rel}","templated":true}]}}