{"id":153738,"date":"2025-06-05T10:43:09","date_gmt":"2025-06-05T10:43:09","guid":{"rendered":"https:\/\/www.europesays.com\/fr\/153738\/"},"modified":"2025-06-05T10:43:09","modified_gmt":"2025-06-05T10:43:09","slug":"attaques-ukrainiennes-contre-des-aerodromes-larmee-russe-decidera-quand-et-comment-riposter","status":"publish","type":"post","link":"https:\/\/www.europesays.com\/fr\/153738\/","title":{"rendered":"Attaques ukrainiennes contre des a\u00e9rodromes\u00a0: l\u2019arm\u00e9e russe d\u00e9cidera \u00ab\u00a0quand et comment\u00a0\u00bb riposter"},"content":{"rendered":"<p>La riposte interviendra \u00ab quand et comment nos militaires le jugeront opportun \u00bb, a dit Dmitri Peskov au cours de son briefing quotidien, ce jeudi, auquel participait l\u2019AFP.<\/p>\n<p><a href=\"https:\/\/www.letelegramme.fr\/monde\/guerre-ukraine-russie\/\" target=\"_blank\" rel=\"nofollow noopener\">L\u2019Ukraine<\/a> a cibl\u00e9 le week-end dernier l\u2019aviation militaire russe sur plusieurs a\u00e9rodromes, jusqu\u2019\u00e0 des milliers de kilom\u00e8tres de ses fronti\u00e8res, apr\u00e8s avoir introduit clandestinement en Russie des drones explosifs pendant une op\u00e9ration complexe.<\/p>\n<p>Moscou a \u00e9galement accus\u00e9 mardi Kiev d\u2019\u00eatre \u00e0 l\u2019origine des explosions ayant provoqu\u00e9 le week-end dernier l\u2019effondrement de deux ponts et des accidents de trains qui ont fait sept morts et plus de cent bless\u00e9s, dont des enfants, dans les r\u00e9gions russes de Koursk et de Briansk, frontali\u00e8res de l\u2019Ukraine.<\/p>\n","protected":false},"excerpt":{"rendered":"La riposte interviendra \u00ab quand et comment nos militaires le jugeront opportun \u00bb, a dit Dmitri Peskov au&hellip;\n","protected":false},"author":2,"featured_media":153739,"comment_status":"","ping_status":"","sticky":false,"template":"","format":"standard","meta":{"footnotes":""},"categories":[1591],"tags":[11,765,1887,131,2069,74,12,1885,1886,132,220],"class_list":{"0":"post-153738","1":"post","2":"type-post","3":"status-publish","4":"format-standard","5":"has-post-thumbnail","7":"category-russie","8":"tag-actualites","9":"tag-en-continu","10":"tag-federation-de-russie","11":"tag-guerre-en-ukraine","12":"tag-guerre-ukraine-russie","13":"tag-monde","14":"tag-news","15":"tag-russia","16":"tag-russian-federation","17":"tag-russie","18":"tag-ukraine"},"share_on_mastodon":{"url":"https:\/\/pubeurope.com\/@fr\/114630348365231876","error":""},"_links":{"self":[{"href":"https:\/\/www.europesays.com\/fr\/wp-json\/wp\/v2\/posts\/153738","targetHints":{"allow":["GET"]}}],"collection":[{"href":"https:\/\/www.europesays.com\/fr\/wp-json\/wp\/v2\/posts"}],"about":[{"href":"https:\/\/www.europesays.com\/fr\/wp-json\/wp\/v2\/types\/post"}],"author":[{"embeddable":true,"href":"https:\/\/www.europesays.com\/fr\/wp-json\/wp\/v2\/users\/2"}],"replies":[{"embeddable":true,"href":"https:\/\/www.europesays.com\/fr\/wp-json\/wp\/v2\/comments?post=153738"}],"version-history":[{"count":0,"href":"https:\/\/www.europesays.com\/fr\/wp-json\/wp\/v2\/posts\/153738\/revisions"}],"wp:featuredmedia":[{"embeddable":true,"href":"https:\/\/www.europesays.com\/fr\/wp-json\/wp\/v2\/media\/153739"}],"wp:attachment":[{"href":"https:\/\/www.europesays.com\/fr\/wp-json\/wp\/v2\/media?parent=153738"}],"wp:term":[{"taxonomy":"category","embeddable":true,"href":"https:\/\/www.europesays.com\/fr\/wp-json\/wp\/v2\/categories?post=153738"},{"taxonomy":"post_tag","embeddable":true,"href":"https:\/\/www.europesays.com\/fr\/wp-json\/wp\/v2\/tags?post=153738"}],"curies":[{"name":"wp","href":"https:\/\/api.w.org\/{rel}","templated":true}]}}