{"id":153743,"date":"2025-06-05T10:46:09","date_gmt":"2025-06-05T10:46:09","guid":{"rendered":"https:\/\/www.europesays.com\/fr\/153743\/"},"modified":"2025-06-05T10:46:09","modified_gmt":"2025-06-05T10:46:09","slug":"comment-le-royaume-uni-en-est-arrive-a-reintroduire-un-delit-de-blaspheme-contre-lislam","status":"publish","type":"post","link":"https:\/\/www.europesays.com\/fr\/153743\/","title":{"rendered":"Comment le Royaume-Uni en est arriv\u00e9 \u00e0 r\u00e9introduire un d\u00e9lit de blasph\u00e8me contre l\u2019Islam"},"content":{"rendered":"<p>Libert\u00e9 d&rsquo;expression<\/p>\n<p>Les lois anglaises sur le blasph\u00e8me ont \u00e9t\u00e9 officiellement abolies il y a pr\u00e8s de vingt ans. Mais les d\u00e9fenseurs de la libert\u00e9 d&rsquo;expression avertissent qu&rsquo;elles sont revenues, sauf de nom, apr\u00e8s qu&rsquo;un homme qui a mis le feu \u00e0 un exemplaire du Coran devant le consulat turc de Londres a \u00e9t\u00e9 condamn\u00e9 lundi pour trouble \u00e0 l&rsquo;ordre public aggrav\u00e9 par des consid\u00e9rations raciales.<\/p>\n","protected":false},"excerpt":{"rendered":"Libert\u00e9 d&rsquo;expression Les lois anglaises sur le blasph\u00e8me ont \u00e9t\u00e9 officiellement abolies il y a pr\u00e8s de vingt&hellip;\n","protected":false},"author":2,"featured_media":153744,"comment_status":"","ping_status":"","sticky":false,"template":"","format":"standard","meta":{"footnotes":""},"categories":[1588],"tags":[11,27731,1777,674,5318,28355,12,4020,473,1853,1851,1850,1852],"class_list":{"0":"post-153743","1":"post","2":"type-post","3":"status-publish","4":"format-standard","5":"has-post-thumbnail","7":"category-royaume-uni","8":"tag-actualites","9":"tag-blaspheme","10":"tag-eu","11":"tag-europe","12":"tag-islam","13":"tag-liberte-d","14":"tag-news","15":"tag-religion","16":"tag-royaume-uni","17":"tag-royaume-uni-de-grande-bretagne-et-dirlande-du-nord","18":"tag-uk","19":"tag-united-kingdom","20":"tag-united-kingdom-of-great-britain-and-northern-ireland"},"share_on_mastodon":{"url":"https:\/\/pubeurope.com\/@fr\/114630360103855121","error":""},"_links":{"self":[{"href":"https:\/\/www.europesays.com\/fr\/wp-json\/wp\/v2\/posts\/153743","targetHints":{"allow":["GET"]}}],"collection":[{"href":"https:\/\/www.europesays.com\/fr\/wp-json\/wp\/v2\/posts"}],"about":[{"href":"https:\/\/www.europesays.com\/fr\/wp-json\/wp\/v2\/types\/post"}],"author":[{"embeddable":true,"href":"https:\/\/www.europesays.com\/fr\/wp-json\/wp\/v2\/users\/2"}],"replies":[{"embeddable":true,"href":"https:\/\/www.europesays.com\/fr\/wp-json\/wp\/v2\/comments?post=153743"}],"version-history":[{"count":0,"href":"https:\/\/www.europesays.com\/fr\/wp-json\/wp\/v2\/posts\/153743\/revisions"}],"wp:featuredmedia":[{"embeddable":true,"href":"https:\/\/www.europesays.com\/fr\/wp-json\/wp\/v2\/media\/153744"}],"wp:attachment":[{"href":"https:\/\/www.europesays.com\/fr\/wp-json\/wp\/v2\/media?parent=153743"}],"wp:term":[{"taxonomy":"category","embeddable":true,"href":"https:\/\/www.europesays.com\/fr\/wp-json\/wp\/v2\/categories?post=153743"},{"taxonomy":"post_tag","embeddable":true,"href":"https:\/\/www.europesays.com\/fr\/wp-json\/wp\/v2\/tags?post=153743"}],"curies":[{"name":"wp","href":"https:\/\/api.w.org\/{rel}","templated":true}]}}