{"id":153745,"date":"2025-06-05T10:47:09","date_gmt":"2025-06-05T10:47:09","guid":{"rendered":"https:\/\/www.europesays.com\/fr\/153745\/"},"modified":"2025-06-05T10:47:09","modified_gmt":"2025-06-05T10:47:09","slug":"en-allemagne-tout-le-monde-apprehende-lentrevue","status":"publish","type":"post","link":"https:\/\/www.europesays.com\/fr\/153745\/","title":{"rendered":"en Allemagne, \u201ctout le monde appr\u00e9hende l\u2019entrevue\u201d"},"content":{"rendered":"\n<p>Pour Friedrich Merz, il s\u2019agit d\u2019\u201cune mission \u00e0 hauts risques\u201d, <a href=\"https:\/\/www.t-online.de\/nachrichten\/ausland\/internationale-politik\/id_100751580\/merz-trifft-trump-im-weissen-haus-der-druck-ist-gross-usa.html\" rel=\"nofollow noopener\" target=\"_blank\">assure <strong>T-Online<\/strong><\/a><strong>.<\/strong> Le nouveau chancelier conservateur allemand doit rencontrer officiellement pour la premi\u00e8re fois, jeudi\u00a05\u00a0juin, le pr\u00e9sident am\u00e9ricain Donald Trump. Et le moins que l\u2019on puisse dire, c\u2019est que cette entrevue est scrut\u00e9e par la presse d\u2019outre-Rhin. Car \u201cen r\u00e9alit\u00e9, tout le monde appr\u00e9hende l\u2019entrevue \u00e0 Berlin\u201d.<\/p>\n<p>De nombreux journaux allemands craignent que la rencontre ne tourne au vinaigre, comme ce fut le cas pour les pr\u00e9sidents ukrainien et sud-africain, <a href=\"https:\/\/www.courrierinternational.com\/sujet\/volodymyr-zelensky\" rel=\"nofollow noopener\" target=\"_blank\">Volodymyr Zelensky<\/a> et <a href=\"https:\/\/www.courrierinternational.com\/sujet\/cyril-ramaphosa\" rel=\"nofollow noopener\" target=\"_blank\">Cyril Ramaphosa<\/a>. Par le pass\u00e9, le pr\u00e9sident am\u00e9ricain n\u2019a pas \u00e9t\u00e9 tendre avec l\u2019Europe \u2013 <a href=\"https:\/\/www.courrierinternational.com\/article\/inquietudes-soif-de-vengeance-l-allemagne-s-attend-au-pire-pour-le-second-mandat-de-trump_226723\" rel=\"nofollow noopener\" target=\"_blank\">et particuli\u00e8rement avec l\u2019Allemagne<\/a> qu\u2019il voit comme une concurrente \u00e9conomique et non comme une alli\u00e9e. Surtout, le locataire de la Maison-Blanche est connu pour sa propension \u00e0 humilier ceux qu\u2019il consid\u00e8re comme des adversaires. <a class=\"ithalc\" data-ithal=\"lien_externe\" data-ithalc=\"[nav_article]\" target=\"_blank\" href=\"https:\/\/www.sueddeutsche.de\/kultur\/donald-trump-friedrich-merz-staatsbesuch-weisses-haus-li.3262760\" rel=\"nofollow noopener\">La <strong>S\u00fcddeutsche Zeitung<\/strong> estime m\u00eame<\/a> que le bureau ovale s\u2019est chang\u00e9 en \u201cchambre des horreurs\u201d politique depuis le retour au pouvoir de Donald Trump.<\/p>\n<p>\u201cJusqu\u2019\u00e0 r\u00e9cemment, on voyait rarement des invit\u00e9s \u00e9trangers se faire remonter publiquement les bretelles dans le Bureau ovale, commente le journal bavarois. Mais \u2018jusqu\u2019\u00e0 r\u00e9cemment\u2019 est justement le r\u00e9f\u00e9rentiel id\u00e9<\/p>\n","protected":false},"excerpt":{"rendered":"Pour Friedrich Merz, il s\u2019agit d\u2019\u201cune mission \u00e0 hauts risques\u201d, assure T-Online. Le nouveau chancelier conservateur allemand doit&hellip;\n","protected":false},"author":2,"featured_media":153746,"comment_status":"","ping_status":"","sticky":false,"template":"","format":"standard","meta":{"footnotes":""},"categories":[1587],"tags":[11,672,3822,1804,1805,1803,75,1777,674,4710,1801,1892,12,1802,770],"class_list":{"0":"post-153745","1":"post","2":"type-post","3":"status-publish","4":"format-standard","5":"has-post-thumbnail","7":"category-allemagne","8":"tag-actualites","9":"tag-allemagne","10":"tag-amu00e9riques","11":"tag-bundesrepublik-deutschland","12":"tag-de","13":"tag-deutschland","14":"tag-donald-trump","15":"tag-eu","16":"tag-europe","17":"tag-friedrich-merz","18":"tag-germany","19":"tag-gu00e9opolitique","20":"tag-news","21":"tag-republique-federale-dallemagne","22":"tag-u00e9tats-unis"},"share_on_mastodon":{"url":"https:\/\/pubeurope.com\/@fr\/114630363945931117","error":""},"_links":{"self":[{"href":"https:\/\/www.europesays.com\/fr\/wp-json\/wp\/v2\/posts\/153745","targetHints":{"allow":["GET"]}}],"collection":[{"href":"https:\/\/www.europesays.com\/fr\/wp-json\/wp\/v2\/posts"}],"about":[{"href":"https:\/\/www.europesays.com\/fr\/wp-json\/wp\/v2\/types\/post"}],"author":[{"embeddable":true,"href":"https:\/\/www.europesays.com\/fr\/wp-json\/wp\/v2\/users\/2"}],"replies":[{"embeddable":true,"href":"https:\/\/www.europesays.com\/fr\/wp-json\/wp\/v2\/comments?post=153745"}],"version-history":[{"count":0,"href":"https:\/\/www.europesays.com\/fr\/wp-json\/wp\/v2\/posts\/153745\/revisions"}],"wp:featuredmedia":[{"embeddable":true,"href":"https:\/\/www.europesays.com\/fr\/wp-json\/wp\/v2\/media\/153746"}],"wp:attachment":[{"href":"https:\/\/www.europesays.com\/fr\/wp-json\/wp\/v2\/media?parent=153745"}],"wp:term":[{"taxonomy":"category","embeddable":true,"href":"https:\/\/www.europesays.com\/fr\/wp-json\/wp\/v2\/categories?post=153745"},{"taxonomy":"post_tag","embeddable":true,"href":"https:\/\/www.europesays.com\/fr\/wp-json\/wp\/v2\/tags?post=153745"}],"curies":[{"name":"wp","href":"https:\/\/api.w.org\/{rel}","templated":true}]}}