{"id":15376,"date":"2025-04-10T16:16:14","date_gmt":"2025-04-10T16:16:14","guid":{"rendered":"https:\/\/www.europesays.com\/fr\/15376\/"},"modified":"2025-04-10T16:16:14","modified_gmt":"2025-04-10T16:16:14","slug":"un-electeur-de-saint-jean-de-luz-et-de-marseille-doivent-avoir-la-meme-voix","status":"publish","type":"post","link":"https:\/\/www.europesays.com\/fr\/15376\/","title":{"rendered":"\u00abUn \u00e9lecteur de Saint-Jean-de-Luz et de Marseille doivent avoir la m\u00eame voix\u00bb"},"content":{"rendered":"<p><strong>ENTRETIEN &#8211; <\/strong>Le maire de la cit\u00e9 phoc\u00e9enne se r\u00e9jouit que la r\u00e9forme du mode de scrutin pour Paris, Lyon et Marseille soit adopt\u00e9e \u00e0 l\u2019Assembl\u00e9e nationale.<\/p>\n<p class=\"fig-paragraph\">Beno\u00eet Payan est maire ex-PS de Marseille.<\/p>\n<p class=\"fig-paragraph\"><strong>LE FIGARO. &#8211; La r\u00e9forme du mode de scrutin pour Paris, Lyon et Marseille a \u00e9t\u00e9\u00a0<\/strong><a href=\"http:\/\/www.lefigaro.fr\/politique\/municipales-l-assemblee-se-penche-sur-la-reforme-des-modes-de-scrutin-de-paris-lyon-et-marseille-20250407\" data-fig-type=\"Article\" data-gtm-custom-categorie=\"navigation\" data-gtm-custom-action=\"crossclick\" data-gtm-custom-label=\"Contextuel\" data-gtm-event=\"customEventSPE\" data-fig-domain=\"LEFIGARO\" target=\"_blank\" rel=\"noopener\"><strong>vot\u00e9e \u00e0 l\u2019Assembl\u00e9e nationale ce mercredi<\/strong><\/a> <strong>. Si le texte est d\u00e9finitivement adopt\u00e9, l\u2019\u00e9lection du maire de la ville ne devrait donc plus passer par l\u2019\u00e9chelon des arrondissements. Est-ce une bonne nouvelle\u00a0?<\/strong><\/p>\n<p class=\"fig-paragraph\"><strong>Beno\u00eet PAYAN.<\/strong> &#8211; J\u2019ai toujours \u00e9t\u00e9 favorable \u00e0 une r\u00e9novation compl\u00e8te de cette loi \u00e9lectorale qui permet aujourd\u2019hui \u00e0 quelqu\u2019un de remporter une de ces trois villes au nombre de si\u00e8ges d\u2019\u00e9lus, et non au nombre de voix d\u2019\u00e9lecteurs. J\u2019ai toujours consid\u00e9r\u00e9 qu\u2019il fallait en finir avec ce syst\u00e8me qui ne correspond plus \u00e0 rien. Je suis favorable au droit commun\u00a0: celui qui a le plus de voix a gagn\u00e9. C\u2019est simple. Un \u00e9lecteur de Saint-Jean-de-Luz, de Saint-Denis, de Lille, de Bordeaux, de Paris, de Lyon, de Marseille doivent avoir la m\u00eame voix. J\u2019ai du mal \u00e0 comprendre pourquoi certains s\u2019y opposent. J\u2019entends toute la classe politique dire qu\u2019il faut plus de d\u00e9mocratie\u2026<\/p>\n<p class=\"fig-premium-paywall__infos\">\n        Cet article est r\u00e9serv\u00e9 aux abonn\u00e9s.        Il vous reste 70% \u00e0 d\u00e9couvrir.\n    <\/p>\n<p>                <img  data- alt=\"Le Figaro\" class=\"fig-img--complete fig-img\"\/><\/p>\n<p class=\"fig-premium-paywall__title\">Vous avez envie de lire la suite ?<\/p>\n<p class=\"fig-premium-paywall__subtitle\">D\u00e9bloquez tous les articles imm\u00e9diatement.<\/p>\n<p class=\"fig-premium-paywall__connect\">\n                D\u00e9j\u00e0 abonn\u00e9\u00a0?                <a class=\"fig-premium-paywall__connect-link\" href=\"https:\/\/connect.lefigaro.fr\/login?client=horizon_web&amp;type=main&amp;redirect_uri=https%3A%2F%2Fwww.lefigaro.fr%2Fpolitique%2Fbenoit-payan-un-electeur-de-saint-jean-de-luz-et-de-marseille-doivent-avoir-la-meme-voix-20250409\" data-js-gtm=\"{&quot;customCategorie&quot;: &quot;conversion&quot;, &quot;customAction&quot;: &quot;before_Landing_Connexion_paywall_auto&quot;, &quot;customLabel&quot;: &quot;bGVmaWdhcm8uZnJfXzFmMDE1NWI1LTA0ZTgtNjA3ZS1iYmZlLWE5YTJiYjYzYmZmM19fQXJ0aWNsZQ==_Beno\u00eet Payan\u00a0: \u00abUn \u00e9lecteur de Saint-Jean-de-Luz et de Marseille doivent avoir la m\u00eame voix\u00bb_669&quot;, &quot;customIDSPE&quot;: &quot;bGVmaWdhcm8uZnJfXzFmMDE1NWI1LTA0ZTgtNjA3ZS1iYmZlLWE5YTJiYjYzYmZmM19fQXJ0aWNsZQ==&quot;, &quot;event&quot;: &quot;customEventSPE&quot;}\" target=\"_blank\" rel=\"noopener\"><br \/>\n                    Connectez-vous<br \/>\n                <\/a>\n            <\/p>\n","protected":false},"excerpt":{"rendered":"ENTRETIEN &#8211; Le maire de la cit\u00e9 phoc\u00e9enne se r\u00e9jouit que la r\u00e9forme du mode de scrutin pour&hellip;\n","protected":false},"author":2,"featured_media":15377,"comment_status":"","ping_status":"","sticky":false,"template":"","format":"standard","meta":{"footnotes":""},"categories":[2],"tags":[11,2618,6469,426,427,422,423,4188,1011,27,418,424,425,420,421,2428,884,12,419,626,316,429,25,428],"class_list":{"0":"post-15376","1":"post","2":"type-post","3":"status-publish","4":"format-standard","5":"has-post-thumbnail","7":"category-actualites","8":"tag-actualites","9":"tag-anne-hidalgo","10":"tag-benoit-payan","11":"tag-candidat","12":"tag-candidats","13":"tag-depute","14":"tag-deputes","15":"tag-elections-municipales","16":"tag-fr","17":"tag-france","18":"tag-gouvernement","19":"tag-institution","20":"tag-institutions","21":"tag-loi","22":"tag-lois","23":"tag-lyon","24":"tag-marseille","25":"tag-news","26":"tag-opposition","27":"tag-paris","28":"tag-politique","29":"tag-ps","30":"tag-republique-francaise","31":"tag-ump"},"share_on_mastodon":{"url":"https:\/\/pubeurope.com\/@fr\/114314568277746596","error":""},"_links":{"self":[{"href":"https:\/\/www.europesays.com\/fr\/wp-json\/wp\/v2\/posts\/15376","targetHints":{"allow":["GET"]}}],"collection":[{"href":"https:\/\/www.europesays.com\/fr\/wp-json\/wp\/v2\/posts"}],"about":[{"href":"https:\/\/www.europesays.com\/fr\/wp-json\/wp\/v2\/types\/post"}],"author":[{"embeddable":true,"href":"https:\/\/www.europesays.com\/fr\/wp-json\/wp\/v2\/users\/2"}],"replies":[{"embeddable":true,"href":"https:\/\/www.europesays.com\/fr\/wp-json\/wp\/v2\/comments?post=15376"}],"version-history":[{"count":0,"href":"https:\/\/www.europesays.com\/fr\/wp-json\/wp\/v2\/posts\/15376\/revisions"}],"wp:featuredmedia":[{"embeddable":true,"href":"https:\/\/www.europesays.com\/fr\/wp-json\/wp\/v2\/media\/15377"}],"wp:attachment":[{"href":"https:\/\/www.europesays.com\/fr\/wp-json\/wp\/v2\/media?parent=15376"}],"wp:term":[{"taxonomy":"category","embeddable":true,"href":"https:\/\/www.europesays.com\/fr\/wp-json\/wp\/v2\/categories?post=15376"},{"taxonomy":"post_tag","embeddable":true,"href":"https:\/\/www.europesays.com\/fr\/wp-json\/wp\/v2\/tags?post=15376"}],"curies":[{"name":"wp","href":"https:\/\/api.w.org\/{rel}","templated":true}]}}