{"id":153761,"date":"2025-06-05T10:56:10","date_gmt":"2025-06-05T10:56:10","guid":{"rendered":"https:\/\/www.europesays.com\/fr\/153761\/"},"modified":"2025-06-05T10:56:10","modified_gmt":"2025-06-05T10:56:10","slug":"sabalenka-swiatek-combat-de-reines-pour-une-place-en-finale","status":"publish","type":"post","link":"https:\/\/www.europesays.com\/fr\/153761\/","title":{"rendered":"Sabalenka-Swiatek, combat de reines pour une place en finale"},"content":{"rendered":"<p>C&rsquo;est la rivalit\u00e9 qui structure le circuit f\u00e9minin depuis quelques ann\u00e9es: la N.1 mondiale Aryna Sabalenka affronte jeudi en demi-finales de Roland-Garros la triple tenante du titre et ex-d\u00e9tentrice du tr\u00f4ne mondial Iga Swiatek (5e).<\/p>\n<p>Le monde du tennis attendait le duel depuis le 18 ao\u00fbt 2024, date du dernier affrontement entre la B\u00e9larusse, qui s&rsquo;\u00e9tait impos\u00e9e en deux sets en demi-finales du WTA 1000 de Cincinnati (dur), et la Polonaise.<\/p>\n<p>Neuf mois et demi, une \u00e9ternit\u00e9 \u00e0 l&rsquo;\u00e9chelle de ce qui est devenue une affiche classique du circuit WTA, disput\u00e9 douze fois en moins de trois ans et remport\u00e9 \u00e0 huit reprises par Swiatek.<\/p>\n<p>\u00ab\u00a0J&rsquo;aime les d\u00e9fis difficiles\u00a0\u00bb, a saliv\u00e9 par avance mardi Sabalenka (27 ans), qui a d\u00e9tr\u00f4n\u00e9 Swiatek de la place de N.1 mondiale \u00e0 l&rsquo;automne 2024.<\/p>\n<p>\u00ab\u00a0C&rsquo;est toujours un d\u00e9fi de jouer Aryna, elle a un jeu qui convient \u00e0 toutes les surfaces. J&rsquo;ai h\u00e2te!\u00a0\u00bb s&rsquo;est \u00a0d\u00e9lect\u00e9e en retour la Varsovienne de 24 ans.<\/p>\n<p>Jusqu&rsquo;\u00e0 tout r\u00e9cemment, la dynamique semblait clairement du c\u00f4t\u00e9 de la native de Minsk, triple laur\u00e9ate en Grand Chelem (Open d&rsquo;Australie 2023 et 2024, US Open 2024) et sacr\u00e9e d\u00e9but mai au WTA 1000 de Madrid sur terre battue.<\/p>\n<p>Sevr\u00e9e de troph\u00e9es depuis son quatri\u00e8me succ\u00e8s \u00e0 Roland-Garros en juin 2024, suspendue un mois en fin d&rsquo;ann\u00e9e apr\u00e8s un contr\u00f4le positif \u00e0 une substance interdite (finalement attribu\u00e9 \u00e0 un m\u00e9dicament contamin\u00e9), sa rivale polonaise encha\u00eenait elle les d\u00e9ceptions.<\/p>\n<p>Demi-finale perdue \u00e0 l&rsquo;Open d&rsquo;Australie malgr\u00e9 une balle de match en sa faveur, correction inflig\u00e9e par Coco Gauff en demi-finales du WTA 1000 de Madrid dont elle \u00e9tait tenante du titre, \u00e9limination pr\u00e9coce \u00e0 Rome&#8230; la quintuple laur\u00e9ate en Grand Chelem semblait chercher d\u00e9sesp\u00e9r\u00e9ment le chemin qui la ram\u00e8nerait vers les sommets.<\/p>\n<p>Son succ\u00e8s en trois sets contre Elena Rybakina (11e) en huiti\u00e8mes de finale, malgr\u00e9 une premi\u00e8re manche catastrophique, a peut-\u00eatre chang\u00e9 la donne.<\/p>\n<p>\u00ab\u00a0J&rsquo;avais besoin de ce genre de victoire\u00a0\u00bb, a reconnu Swiatek apr\u00e8s avoir vaincu 1-6, 6-3, 7-5 la Kazakhe.<\/p>\n<p>Elle a confirm\u00e9 en quarts de finale, livrant une partition propre contre la coriace Elina Svitolina (14e), battue 6-1, 7-5 malgr\u00e9 un break de retard dans le deuxi\u00e8me set et un vent \u00e0 d\u00e9corner les b\u0153ufs sur le Central.<\/p>\n<p>&#8211; Danse et entra\u00eenement &#8211;<\/p>\n<p>\u00ab\u00a0Contre moi, elle joue toujours bien\u00a0\u00bb, l&rsquo;a f\u00e9licit\u00e9e l&rsquo;Ukrainienne, men\u00e9e 4-1 dans ses duels contre la joueuse titr\u00e9e \u00e0 quatre reprises porte d&rsquo;Auteuil (2020, 2022, 2023, 2024).<\/p>\n<p>Et contre Sabalenka? \u00ab\u00a0Je dirais que c&rsquo;est du 50-50\u00a0\u00bb, a pr\u00e9dit Svitolina.<\/p>\n<p>\u00ab\u00a0Iga a gagn\u00e9 de nombreuses fois ici, j&rsquo;ai l&rsquo;impression qu&rsquo;elle revient en forme&#8230; Je pense qu&rsquo;elle a un ascendant sur ce court, elle y a accumul\u00e9 beaucoup de confiance\u00a0\u00bb, a compl\u00e9t\u00e9 l&rsquo;ex-N.3 mondiale, stopp\u00e9e pour la cinqui\u00e8me fois de sa carri\u00e8re en quarts de finale de Roland-Garros.<\/p>\n<p>L&rsquo;affiche de jeudi sera en r\u00e9alit\u00e9 la deuxi\u00e8me confrontation entre Sabalenka et Swiatek cette ann\u00e9e \u00e0 Paris. Au tout d\u00e9but de la quinzaine, durant la semaine des qualifications, les deux joueuses s&rsquo;\u00e9taient entra\u00een\u00e9es ensemble \u00e0 l&rsquo;abri des regards et des plantes tropicales du court Simonne-Mathieu.<\/p>\n<p>\u00ab\u00a0On a juste jou\u00e9 pendant une heure. En gros, on s&rsquo;est \u00e9chauff\u00e9es et on a jou\u00e9 quelques points\u00a0\u00bb, a relativis\u00e9 la Polonaise. \u00ab\u00a0C&rsquo;\u00e9tait il y a deux semaines, beaucoup de choses ont chang\u00e9 depuis\u00a0\u00bb, a-t-elle ajout\u00e9.<\/p>\n<p>Au-del\u00e0 de la rivalit\u00e9 sportive, Aryna Sabalenka a racont\u00e9 mardi en conf\u00e9rence de presse qu&rsquo;un lien plus personnel avec sa rivale s&rsquo;\u00e9tait tiss\u00e9 depuis la fin 2024.<\/p>\n<p>\u00ab\u00a0Je pense que tout a commenc\u00e9 quand j&rsquo;ai \u00e9t\u00e9 la voir pour lui demander de faire une vid\u00e9o TikTok lors des Finales WTA \u00e0 Ryad\u00a0\u00bb, au d\u00e9but du mois de novembre 2024.<\/p>\n<p>\u00ab\u00a0On a fait une petite danse ensemble et depuis, on a r\u00e9alis\u00e9 qu&rsquo;on pouvait communiquer, \u00eatre bienveillantes l&rsquo;une vis-\u00e0-vis de l&rsquo;autre, nous entra\u00eener ensemble parfois\u00a0\u00bb, a souri Sabalenka, aussi extravertie que Swiatek est r\u00e9put\u00e9e perfectionniste.<\/p>\n<p>Mais la B\u00e9larusse pr\u00e9vient d\u00e9j\u00e0: jeudi, elle fera \u00ab\u00a0tout ce qui est n\u00e9cessaire pour arracher la victoire\u00a0\u00bb.<\/p>\n<p>dga\/smr<\/p>\n","protected":false},"excerpt":{"rendered":"C&rsquo;est la rivalit\u00e9 qui structure le circuit f\u00e9minin depuis quelques ann\u00e9es: la N.1 mondiale Aryna Sabalenka affronte jeudi&hellip;\n","protected":false},"author":2,"featured_media":153762,"comment_status":"","ping_status":"","sticky":false,"template":"","format":"standard","meta":{"footnotes":""},"categories":[1415],"tags":[7615,1011,27,2200,5573,4171,60,11800,1467,26946,4170],"class_list":{"0":"post-153761","1":"post","2":"type-post","3":"status-publish","4":"format-standard","5":"has-post-thumbnail","7":"category-tennis","8":"tag-aryna-sabalenka","9":"tag-fr","10":"tag-france","11":"tag-iga-swiatek","12":"tag-quarts-de-finale","13":"tag-roland-garros","14":"tag-sports","15":"tag-swiatek","16":"tag-tennis","17":"tag-tournoi-de-roland-garros","18":"tag-wta"},"share_on_mastodon":{"url":"https:\/\/pubeurope.com\/@fr\/114630399291220255","error":""},"_links":{"self":[{"href":"https:\/\/www.europesays.com\/fr\/wp-json\/wp\/v2\/posts\/153761","targetHints":{"allow":["GET"]}}],"collection":[{"href":"https:\/\/www.europesays.com\/fr\/wp-json\/wp\/v2\/posts"}],"about":[{"href":"https:\/\/www.europesays.com\/fr\/wp-json\/wp\/v2\/types\/post"}],"author":[{"embeddable":true,"href":"https:\/\/www.europesays.com\/fr\/wp-json\/wp\/v2\/users\/2"}],"replies":[{"embeddable":true,"href":"https:\/\/www.europesays.com\/fr\/wp-json\/wp\/v2\/comments?post=153761"}],"version-history":[{"count":0,"href":"https:\/\/www.europesays.com\/fr\/wp-json\/wp\/v2\/posts\/153761\/revisions"}],"wp:featuredmedia":[{"embeddable":true,"href":"https:\/\/www.europesays.com\/fr\/wp-json\/wp\/v2\/media\/153762"}],"wp:attachment":[{"href":"https:\/\/www.europesays.com\/fr\/wp-json\/wp\/v2\/media?parent=153761"}],"wp:term":[{"taxonomy":"category","embeddable":true,"href":"https:\/\/www.europesays.com\/fr\/wp-json\/wp\/v2\/categories?post=153761"},{"taxonomy":"post_tag","embeddable":true,"href":"https:\/\/www.europesays.com\/fr\/wp-json\/wp\/v2\/tags?post=153761"}],"curies":[{"name":"wp","href":"https:\/\/api.w.org\/{rel}","templated":true}]}}