{"id":153763,"date":"2025-06-05T10:58:09","date_gmt":"2025-06-05T10:58:09","guid":{"rendered":"https:\/\/www.europesays.com\/fr\/153763\/"},"modified":"2025-06-05T10:58:09","modified_gmt":"2025-06-05T10:58:09","slug":"ai-ogura-de-retour-en-motogp-il-ne-reste-plus-que-le-oui-de-lequipe-medicale","status":"publish","type":"post","link":"https:\/\/www.europesays.com\/fr\/153763\/","title":{"rendered":"Ai Ogura de retour en MotoGP, il ne reste plus que le \u00ab\u00a0oui\u00a0\u00bb de l&rsquo;\u00e9quipe m\u00e9dicale."},"content":{"rendered":"<p>Ai Ogura se pr\u00e9pare \u00e0 revenir en comp\u00e9tition au Grand Prix d\u2019Aragon apr\u00e8s avoir manqu\u00e9 la majeure partie du week-end de Silverstone en raison d\u2019une lourde chute lors de la premi\u00e8re s\u00e9ance d\u2019essais libres. Le pilote japonais de l\u2019\u00e9quipe Trackhouse MotoGP a subi une fracture du tibia sup\u00e9rieur droit qui a n\u00e9cessit\u00e9 une intervention chirurgicale \u00e0 Barcelone.<\/p>\n<p>La chirurgie a \u00e9t\u00e9 r\u00e9alis\u00e9e mardi dernier, o\u00f9 un fragment osseux d\u00e9plac\u00e9 a \u00e9t\u00e9 retir\u00e9 avec succ\u00e8s. Depuis, Ogura est sous surveillance m\u00e9dicale durant son processus de r\u00e9habilitation, travaillant intensivement pour retrouver la condition physique n\u00e9cessaire pour concourir au plus haut niveau de la course de moto.<\/p>\n<p>Le pilote de 23 ans a un palmar\u00e8s mitig\u00e9 \u00e0 Aragon, ayant obtenu la deuxi\u00e8me place lors de sa premi\u00e8re visite sur le circuit espagnol en 2019 dans la cat\u00e9gorie Moto3. En 2022, d\u00e9j\u00e0 dans la cat\u00e9gorie Moto2, il a r\u00e9alis\u00e9 une respectable quatri\u00e8me place, d\u00e9montrant sa capacit\u00e9 \u00e0 s\u2019adapter \u00e0 cette configuration technique.<\/p>\n<p>En tant que rookie dans la cat\u00e9gorie reine, Ogura apprend encore \u00e0 g\u00e9rer la performance des pneus et \u00e0 tirer le maximum des compos\u00e9s de caoutchouc de Michelin. Le circuit d\u2019Aragon, connu pour ses conditions chaudes, sera un test important pour le jeune pilote, surtout apr\u00e8s le resurfa\u00e7age de l\u2019ann\u00e9e derni\u00e8re qui a n\u00e9cessit\u00e9 trois nouvelles options de pneus.<\/p>\n<p>L\u2019\u00e9valuation m\u00e9dicale d\u00e9cisive est pr\u00e9vue pour jeudi, avant le d\u00e9but des activit\u00e9s sur la piste. L\u2019\u00e9quipe Trackhouse attend avec impatience le retour de leur pilote sur l\u2019Aprilia RS-GP25, lors d\u2019une course qui sera cruciale pour continuer son processus d\u2019apprentissage en MotoGP.<\/p>\n","protected":false},"excerpt":{"rendered":"Ai Ogura se pr\u00e9pare \u00e0 revenir en comp\u00e9tition au Grand Prix d\u2019Aragon apr\u00e8s avoir manqu\u00e9 la majeure partie&hellip;\n","protected":false},"author":2,"featured_media":153764,"comment_status":"","ping_status":"","sticky":false,"template":"","format":"standard","meta":{"footnotes":""},"categories":[1413],"tags":[3378,1011,27,1457,1456,1458,60],"class_list":{"0":"post-153763","1":"post","2":"type-post","3":"status-publish","4":"format-standard","5":"has-post-thumbnail","7":"category-moto","8":"tag-ai-ogura","9":"tag-fr","10":"tag-france","11":"tag-moto","12":"tag-motocycle","13":"tag-motogp","14":"tag-sports"},"share_on_mastodon":{"url":"https:\/\/pubeurope.com\/@fr\/114630407177698671","error":""},"_links":{"self":[{"href":"https:\/\/www.europesays.com\/fr\/wp-json\/wp\/v2\/posts\/153763","targetHints":{"allow":["GET"]}}],"collection":[{"href":"https:\/\/www.europesays.com\/fr\/wp-json\/wp\/v2\/posts"}],"about":[{"href":"https:\/\/www.europesays.com\/fr\/wp-json\/wp\/v2\/types\/post"}],"author":[{"embeddable":true,"href":"https:\/\/www.europesays.com\/fr\/wp-json\/wp\/v2\/users\/2"}],"replies":[{"embeddable":true,"href":"https:\/\/www.europesays.com\/fr\/wp-json\/wp\/v2\/comments?post=153763"}],"version-history":[{"count":0,"href":"https:\/\/www.europesays.com\/fr\/wp-json\/wp\/v2\/posts\/153763\/revisions"}],"wp:featuredmedia":[{"embeddable":true,"href":"https:\/\/www.europesays.com\/fr\/wp-json\/wp\/v2\/media\/153764"}],"wp:attachment":[{"href":"https:\/\/www.europesays.com\/fr\/wp-json\/wp\/v2\/media?parent=153763"}],"wp:term":[{"taxonomy":"category","embeddable":true,"href":"https:\/\/www.europesays.com\/fr\/wp-json\/wp\/v2\/categories?post=153763"},{"taxonomy":"post_tag","embeddable":true,"href":"https:\/\/www.europesays.com\/fr\/wp-json\/wp\/v2\/tags?post=153763"}],"curies":[{"name":"wp","href":"https:\/\/api.w.org\/{rel}","templated":true}]}}