{"id":153770,"date":"2025-06-05T11:02:14","date_gmt":"2025-06-05T11:02:14","guid":{"rendered":"https:\/\/www.europesays.com\/fr\/153770\/"},"modified":"2025-06-05T11:02:14","modified_gmt":"2025-06-05T11:02:14","slug":"la-princesse-alexandra-de-hanovre-sinquiete-pour-son-pere-et-se-rend-au-chevet-du-prince-ernst-august-a-madrid","status":"publish","type":"post","link":"https:\/\/www.europesays.com\/fr\/153770\/","title":{"rendered":"La princesse Alexandra de Hanovre s&rsquo;inqui\u00e8te pour son p\u00e8re et se rend au chevet du prince Ernst August \u00e0 Madrid"},"content":{"rendered":"<p>La princesse Alexandra de Hanovre a \u00e9t\u00e9 aper\u00e7ue \u00e0 Madrid cette semaine. Sa visite en Espagne lui permet de rendre visite \u00e0 son p\u00e8re, le prince Ernst August, qui multiplie les s\u00e9jours \u00e0 l\u2019h\u00f4pital depuis quelques mois. La princesse Alexandra a donn\u00e9 des nouvelles du chef de la famille royale de Hanovre, dont l\u2019\u00e9tat de sant\u00e9 est pr\u00e9occupant. La fille de la princesse Caroline a d\u00e9cid\u00e9 de rester quelque temps au chevet de son p\u00e8re en Espagne.<\/p>\n<p><strong>Lire aussi : <a href=\"https:\/\/histoiresroyales.fr\/sante-prince-ernst-august-de-hanovre-preoccupante-operation-hanche\/\" target=\"_blank\" rel=\"noopener\">La sant\u00e9 du prince Ernst August de Hanovre est pr\u00e9occupante depuis son op\u00e9ration \u00e0 la hanche<\/a><\/strong><\/p>\n<p>La princesse Alexandra de Hanovre se rend \u00e0 Madrid pour se rapprocher de son p\u00e8re<\/p>\n<p>Ce n\u2019est pas un hasard si la <a href=\"https:\/\/histoiresroyales.fr\/famille-princiere-monegasque\/alexandra-de-hanovre\/\" target=\"_blank\" rel=\"noopener\">princesse Alexandra de Hanovre<\/a>, 25 ans, qui vit habituellement entre Paris, la C\u00f4te d\u2019Azur et Monaco, a \u00e9t\u00e9 aper\u00e7ue \u00e0 Madrid cette semaine. La ni\u00e8ce du prince Albert II de Monaco a assist\u00e9 \u00e0 la c\u00e9r\u00e9monie des Elle Style Awards ce mercredi soir au Th\u00e9\u00e2tre royal mais son s\u00e9jour dans la capitale espagnole est aussi d\u2019ordre familial. C\u2019est \u00e0 Madrid que son p\u00e8re, le prince Ernst August de Hanovre, 71 ans, a trouv\u00e9 refuge il y a quelques ann\u00e9es. Poursuivi par diverses pol\u00e9miques et condamn\u00e9 par la justice autrichienne, le chef de la famille royale de Hanovre vit paisiblement \u00e0 Madrid. Depuis quelques mois, son \u00e9tat de sant\u00e9 est pr\u00e9occupant et il multiplie les s\u00e9jours \u00e0 l\u2019h\u00f4pital.<\/p>\n<p><img fetchpriority=\"high\" decoding=\"async\" width=\"933\" height=\"1400\" src=\"https:\/\/www.europesays.com\/fr\/wp-content\/uploads\/2025\/06\/princesse-alexandra-de-hanovre-elle-style-awards-madrid-933x1400.jpg\" alt=\"\" class=\"wp-image-207029 lazyload\" data-  \/>La princesse Alexandra de Hanovre a fait une apparition remarqu\u00e9e \u00e0 Madrid ce 4 juin 2025 (Photo : GTres\/ABACAPRESS.COM)<\/p>\n<p><strong>Lire aussi : <a href=\"https:\/\/histoiresroyales.fr\/princesse-alexandra-de-hanovre-porte-pluie-de-diamants-cartier-350-000-euros-bal-de-la-rose-2025\/\" target=\"_blank\" rel=\"noopener\">La princesse Alexandra de Hanovre porte une pluie de diamants Cartier \u00e0 350\u00a0000 euros au Bal de la Rose 2025<\/a><\/strong><\/p>\n<p>Alors qu\u2019elle posait \u00e0 l\u2019entr\u00e9e du th\u00e9\u00e2tre avec un grand sourire, la princesse Alexandra a \u00e9t\u00e9 interpell\u00e9e par les journalistes pr\u00e9sents \u00e0 la soir\u00e9e organis\u00e9e pour les 80 ans du magazine Elle. La jeune femme a admis que sa pr\u00e9sence \u00e0 Madrid \u00e9tait aussi li\u00e9e \u00e0 la sant\u00e9 de son p\u00e8re. Le prince Ernst August, descendant des rois de Hanovre et des souverains du duch\u00e9 de Brunswick, est actuellement hospitalis\u00e9 suite \u00e0 un \u00e9ni\u00e8me souci de sant\u00e9.<\/p>\n<p><img loading=\"lazy\" decoding=\"async\" width=\"933\" height=\"1400\" src=\"https:\/\/www.europesays.com\/fr\/wp-content\/uploads\/2025\/06\/sante-degrade-prince-ernst-august-hanovre-hanche-933x1400.jpg\" alt=\"\" class=\"wp-image-147368 lazyload\" data-  \/>Apr\u00e8s avoir subi par le pass\u00e9 des interventions en raison d\u2019une pancr\u00e9atite aigu\u00eb, l\u2019ablation d\u2019une tumeur et plusieurs op\u00e9rations \u00e0 la hanche, le prince Ernst August de Hanovre peine \u00e0 se remettre de son dernier s\u00e9jour \u00e0 l\u2019h\u00f4pital \u00e0 Madrid pour une insuffisance r\u00e9nale. Il a de nouveau \u00e9t\u00e9 hospitalis\u00e9 la semaine derni\u00e8re suite \u00e0 une chute (Photo : BABIRAD\/ SIPA)<\/p>\n<p><strong>Lire aussi :\u00a0<a href=\"https:\/\/histoiresroyales.fr\/prince-hereditaire-ernst-august-de-hanovre-accueille-quatrieme-enfant\/\" target=\"_blank\" rel=\"noopener\">Le prince h\u00e9r\u00e9ditaire de Hanovre accueille son quatri\u00e8me enfant et d\u00e9voile le pr\u00e9nom du b\u00e9b\u00e9<\/a><\/strong><\/p>\n<p>La princesse Alexandra donne des nouvelles du prince Ernst August de Hanovre<\/p>\n<p>La sant\u00e9 du prince Ernst August, qui <a href=\"https:\/\/histoiresroyales.fr\/ernst-august-de-hanovre-proces-verdict-peine-prison\/\" target=\"_blank\" rel=\"noopener\">a \u00e9t\u00e9 condamn\u00e9 \u00e0 10 mois de prison avec sursis en 2021 en Autriche<\/a> pour une s\u00e9rie de violences envers des policiers et des employ\u00e9s de maison, inqui\u00e8te ses proches. Il a subi une premi\u00e8re op\u00e9ration \u00e0 la hanche en novembre 2024 \u00e0 la Clinica Ruber, un prestigieux \u00e9tablissement hospitalier de Madrid. La gu\u00e9rison ayant \u00e9t\u00e9 probl\u00e9matique, il a \u00e9t\u00e9 r\u00e9op\u00e9r\u00e9 au mois de d\u00e9cembre. Depuis lors, le duc de Brunswick multiplie les allers-retours \u00e0 l\u2019h\u00f4pital. D\u00e9but avril, il a pass\u00e9 plusieurs jours aux soins intensifs pour une insuffisance r\u00e9nale. R\u00e9cemment, on le pensait tir\u00e9 d\u2019affaires, mais la semaine derni\u00e8re, le magazine <a href=\"https:\/\/www.bild.de\/unterhaltung\/stars-und-leute\/prinz-ernst-august-von-hannover-wieder-in-der-klinik-6837104465affa2cddcde2c1\" target=\"_blank\" rel=\"noreferrer noopener nofollow\">Bild<\/a> r\u00e9v\u00e9lait que le prince Ernst August avait \u00e9t\u00e9 emmen\u00e9 \u00e0 l\u2019h\u00f4pital. Il s\u2019agit d\u00e9j\u00e0 de son troisi\u00e8me s\u00e9jour \u00e0 l\u2019h\u00f4pital en un peu moins de deux mois. La raison de sa derni\u00e8re hospitalisation serait due \u00e0 une chute.<\/p>\n<p><img loading=\"lazy\" decoding=\"async\" width=\"867\" height=\"1400\" src=\"https:\/\/www.europesays.com\/fr\/wp-content\/uploads\/2025\/06\/prince-ernst-august-de-hanovre-deambulateur-sante-867x1400.jpg\" alt=\"\" class=\"wp-image-147369 lazyload\" data-  \/>Le prince Ernst August cumule les soucis de sant\u00e9 (Photo : Willi Schneider\/REX\/REX\/SIPA)<\/p>\n<p><strong>Lire aussi :\u00a0<a href=\"https:\/\/histoiresroyales.fr\/selfies-princesse-alexandra-de-hanovre-simplicite-famille\/\" target=\"_blank\" rel=\"noopener\">Les selfies de la princesse Alexandra de Hanovre en toute simplicit\u00e9 avec sa famille<\/a><\/strong><\/p>\n<p>La princesse Alexandra, qui est la troisi\u00e8me enfant du prince Ernst August et la seule issue de son remariage avec la princesse Caroline, a trouv\u00e9 la situation suffisamment grave pour faire le voyage jusqu\u2019en Espagne. Le magazine <a href=\"https:\/\/www.diezminutos.es\/famosos-corazon\/famosos-extranjeros\/a64971799\/alexandra-de-hannover-salud-padre-ingreso\/\" target=\"_blank\" rel=\"noreferrer noopener nofollow\">Diez Minutos<\/a> rapporte les propos prononc\u00e9s par la princesse Alexandra \u00e0 l\u2019entr\u00e9e du Th\u00e9\u00e2tre national.  Elle a fait part de son intention\u00a0de rester quelques jours \u00e0 Madrid.\u00a0Elle affirme avoir pass\u00e9 du temps avec son p\u00e8re. Alexandra affirme \u00eatre \u00ab\u00a0soulag\u00e9e \u00bb car le prince serait \u00ab en assez bonne sant\u00e9 \u00bb au vu des circonstances.<\/p>\n<p>Le prince Ernst August de Hanovre a \u00e9lu domicile \u00e0 Madrid, aupr\u00e8s de celle qui partage sa vie depuis quelques ann\u00e9es, l\u2019artiste espagnole de 20 ans sa cadette, Claudia Stilianopoulos. Le prince Ernst August aime notamment se promener dans les espaces verts de la capitale espagnole avec son deuxi\u00e8me fils, le prince Christian, et ses petits-enfants. Le prince Ernst August a coup\u00e9 les ponts avec son fils a\u00een\u00e9 et h\u00e9ritier dynastique, le prince h\u00e9r\u00e9ditiaire Ernst August Jr. <\/p>\n<p><img loading=\"lazy\" decoding=\"async\" width=\"1300\" height=\"1625\" src=\"https:\/\/www.europesays.com\/fr\/wp-content\/uploads\/2025\/06\/famille-de-hanovre-enfant-alexia.jpg\" alt=\"\" class=\"wp-image-122548 lazyload\" data-  \/>Le prince Ernst August est le chef de la famille royale depuis 1987, descendant du dernier souverain de Brunswick et des anciens rois de Hanovre et de Grande-Bretagne (Image : Histoires Royales)<\/p>\n<p>Le prince Ernst August a d\u00e9j\u00e0 subi plusieurs op\u00e9rations. En 2005, le prince Ernst August n\u2019avait pas pu assister aux fun\u00e9railles de son beau-p\u00e8re, le prince Rainier III de Monaco, car il se trouvait au m\u00eame moment dans un coma artificiel, en raison d\u2019une inflammation au pancr\u00e9as li\u00e9e \u00e0 sa consommation d\u2019alcool. Plus tard, il a \u00e9t\u00e9 op\u00e9r\u00e9 du genou, puis il a subi une intervention chirurgicale d\u2019urgence pour retirer un ulc\u00e8re au duod\u00e9num en 2018. En 2019, il a suivi un traitement par cryoth\u00e9rapie pour se d\u00e9barrasser d\u2019une tumeur canc\u00e9reuse au cou.<\/p>\n<p>\t\t\t\t<img loading=\"lazy\" alt=\"Avatar photo\" src=\"https:\/\/www.europesays.com\/fr\/wp-content\/uploads\/2025\/04\/1516945716303-164x164.jpeg\"  class=\"avatar avatar-164 photo lazyload\" height=\"164\" width=\"164\" decoding=\"async\"\/><br \/>\n\t\t<a href=\"https:\/\/histoiresroyales.fr\/author\/royaliste123\/\" target=\"_blank\" rel=\"noopener\">Nicolas Fontaine<\/a><br \/>\n\t\t\t\t\tR\u00e9dacteur en chef<\/p>\n<p>Nicolas Fontaine a \u00e9t\u00e9 concepteur-r\u00e9dacteur et auteur pour de nombreuses marques et m\u00e9dias belges et fran\u00e7ais. Sp\u00e9cialiste de l&rsquo;actualit\u00e9 des familles royales, Nicolas a fond\u00e9 le site Histoires royales dont il est le r\u00e9dacteur en chef.&#13;<br \/>\n&#13;<br \/>\nnicolas@histoiresroyales.fr<\/p>\n<p>\t\t\t\t\t\t\t<a href=\"https:\/\/twitter.com\/ActusRoyales\" class=\"boxed-icon fill twitter\" target=\"_blank\" rel=\"noopener\"><\/a><br \/>\n\t\t\t\t\t\t\t\t\t<a href=\"https:\/\/www.instagram.com\/histoiresroyales.fr\/\" class=\"boxed-icon fill instagram\" target=\"_blank\" rel=\"noopener\"><\/a><\/p>\n<p>\t\t\t\t\t\t\t\t\t\t\t\t\t<script async src=\"https:\/\/platform.twitter.com\/widgets.js\" charset=\"utf-8\"><\/script><script async src=\"\/\/www.instagram.com\/embed.js\"><\/script><\/p>\n","protected":false},"excerpt":{"rendered":"La princesse Alexandra de Hanovre a \u00e9t\u00e9 aper\u00e7ue \u00e0 Madrid cette semaine. Sa visite en Espagne lui permet&hellip;\n","protected":false},"author":2,"featured_media":153771,"comment_status":"","ping_status":"","sticky":false,"template":"","format":"standard","meta":{"footnotes":""},"categories":[1359],"tags":[28360,58,59,28361,1011,27,28362,973,8755],"class_list":{"0":"post-153770","1":"post","2":"type-post","3":"status-publish","4":"format-standard","5":"has-post-thumbnail","7":"category-people","8":"tag-alexandra-de-hanovre","9":"tag-divertissement","10":"tag-entertainment","11":"tag-ernst-august-de-hanovre","12":"tag-fr","13":"tag-france","14":"tag-hu00f4pital","15":"tag-people","16":"tag-santu00e9"},"share_on_mastodon":{"url":"https:\/\/pubeurope.com\/@fr\/114630423010408795","error":""},"_links":{"self":[{"href":"https:\/\/www.europesays.com\/fr\/wp-json\/wp\/v2\/posts\/153770","targetHints":{"allow":["GET"]}}],"collection":[{"href":"https:\/\/www.europesays.com\/fr\/wp-json\/wp\/v2\/posts"}],"about":[{"href":"https:\/\/www.europesays.com\/fr\/wp-json\/wp\/v2\/types\/post"}],"author":[{"embeddable":true,"href":"https:\/\/www.europesays.com\/fr\/wp-json\/wp\/v2\/users\/2"}],"replies":[{"embeddable":true,"href":"https:\/\/www.europesays.com\/fr\/wp-json\/wp\/v2\/comments?post=153770"}],"version-history":[{"count":0,"href":"https:\/\/www.europesays.com\/fr\/wp-json\/wp\/v2\/posts\/153770\/revisions"}],"wp:featuredmedia":[{"embeddable":true,"href":"https:\/\/www.europesays.com\/fr\/wp-json\/wp\/v2\/media\/153771"}],"wp:attachment":[{"href":"https:\/\/www.europesays.com\/fr\/wp-json\/wp\/v2\/media?parent=153770"}],"wp:term":[{"taxonomy":"category","embeddable":true,"href":"https:\/\/www.europesays.com\/fr\/wp-json\/wp\/v2\/categories?post=153770"},{"taxonomy":"post_tag","embeddable":true,"href":"https:\/\/www.europesays.com\/fr\/wp-json\/wp\/v2\/tags?post=153770"}],"curies":[{"name":"wp","href":"https:\/\/api.w.org\/{rel}","templated":true}]}}