{"id":153772,"date":"2025-06-05T11:03:08","date_gmt":"2025-06-05T11:03:08","guid":{"rendered":"https:\/\/www.europesays.com\/fr\/153772\/"},"modified":"2025-06-05T11:03:08","modified_gmt":"2025-06-05T11:03:08","slug":"au-louvre-comme-a-central-parc-cinema-paradiso-donne-un-second-souffle-au-7e-art","status":"publish","type":"post","link":"https:\/\/www.europesays.com\/fr\/153772\/","title":{"rendered":"Au Louvre comme \u00e0 Central Parc, Cin\u00e9ma Paradiso donne un second souffle au 7e art"},"content":{"rendered":"<p>Des chefs-d\u2019\u0153uvre projet\u00e9s sur le plus grand \u00e9cran d\u2019Europe \u00e0 voir sur une chaise longue apr\u00e8s une soir\u00e9e festive avec bars, food-trucks et concerts&#8230; Le concept sous les \u00e9toiles de MK2 s\u00e9duit les foules.<\/p>\n<p class=\"fig-paragraph\">Sous le ciel \u00e9toil\u00e9 de Paris, les soir\u00e9es de d\u00e9but juillet s\u2019annoncent particuli\u00e8rement joyeuses. En se dirigeant vers le Louvre, on s\u2019arr\u00eatera d\u2019abord sous la\u00a0<a href=\"http:\/\/www.lefigaro.fr\/sports\/jeux-olympiques\/la-vasque-olympique-en-libre-acces-a-partir-du-21-juin-au-jardin-des-tuileries-20250515\" data-fig-type=\"NewsFlash\" data-gtm-custom-categorie=\"navigation\" data-gtm-custom-action=\"crossclick\" data-gtm-custom-label=\"Contextuel\" data-gtm-event=\"customEventSPE\" data-fig-domain=\"LEFIGARO\" target=\"_blank\" rel=\"noopener\">vasque olympique revenue<\/a>\u00a0au-dessus des Tuileries. Puis direction, le plus beau mus\u00e9e du monde avec sa cour carr\u00e9e illumin\u00e9e de lampions. Du 2 au 5 juillet, Elisha Karmitz directeur g\u00e9n\u00e9ral de MK2 et\u00a0<a href=\"http:\/\/www.lefigaro.fr\/culture\/laurence-des-cars-premiere-femme-a-la-tete-du-louvre-20210526\" data-fig-type=\"Article\" data-gtm-custom-categorie=\"navigation\" data-gtm-custom-action=\"crossclick\" data-gtm-custom-label=\"Contextuel\" data-gtm-event=\"customEventSPE\" data-fig-domain=\"LEFIGARO\" target=\"_blank\" rel=\"noopener\">Laurence des Cars<\/a>\u00a0pr\u00e9sidente du Louvre y recevront chaque soir, 2500 heureux \u00e9lus venus assister \u00e0 un \u00e9v\u00e8nement hybride r\u00e9unissant cin\u00e9ma, gastronomie et musique.<\/p>\n<p class=\"fig-paragraph\">Pour esp\u00e9rer d\u00e9crocher l\u2019un des 10\u00a0000 billets gratuits, il faut s\u2019inscrire sur le site de MK2 (*). Trois tirages au sort auront lieu les 11, 18 et 25 juin. Mieux vaut faire la d\u00e9marche d\u00e8s maintenant car il y a deux fois plus de demandes que de places. Pour remercier les m\u00e9c\u00e8nes Chanel et le conglom\u00e9rat japonais Kinoshita (l\u2019un des groupes \u00e9trangers les plus g\u00e9n\u00e9reux avec culture en France), 15 \u00e0 20% des chaises longues sont r\u00e9serv\u00e9es \u00e0 leurs invit\u00e9s. \u00abLe budget de 1,5 million d\u2019euros est uniquement financ\u00e9 avec de l\u2019argent priv\u00e9, le Louvre est coproducteur mais Cin\u00e9ma Paradiso ne p\u00e8se pas sur notre budget, pr\u00e9cise Luc Bouniol Laffont directeur de l\u2019auditorium et des spectacles au Louvre. \u00c0 son arriv\u00e9e, Laurence des Cars a tout de suite rencontr\u00e9 Elisha Karmitz pour renouveler sa confiance \u00e0 ce concept mis en place au Louvre d\u00e8s 2019. Cin\u00e9ma Paradiso correspond parfaitement \u00e0 sa strat\u00e9gie qui est d\u2019ouvrir le mus\u00e9e sur la ville, \u00eatre pluridisciplinaire et tout public.\u00bb\u00a0C\u2019est aussi l\u2019occasion de montrer que le Louvre s\u2019adresse aux Parisiens et pas seulement aux touristes internationaux. <\/p>\n<p class=\"fig-paragraph\">Un Limonc\u00e8 Spritz \u00e0 la main, on grignotera devant l\u2019un des sept food-trucks de Pizza del Popolo, de New Soul Food ou du Camion qui fume. Sur le coup de 21 heures, place \u00e0 la musique. De l\u2019\u00e9lectro avec la Dj Piu Piu au hip-hop d\u00e9licat d\u2019Asfar Shamsi \u00e0 la pop d\u00e9coiffante de Sam Sauvage, au rap fusion du franco-camerounais Tuerie jusqu\u2019\u00e0 l\u2019ambiance sixties d\u2019Anne Jean et de son groupe Juniore, la programmation de cette ann\u00e9e est franchement int\u00e9ressante. Comme Asfar Shamsi gagnante du concours du Fair, elle met en avant des artistes consid\u00e9r\u00e9s comme les \u00e9toiles de demain par le milieu de la musique.<\/p>\n<p>Sofia Coppola, Wong Kar Wai, David Lynch&#8230; Demandez le programme\u00a0!<\/p>\n<p class=\"fig-paragraph\">Sur le coup de 22 heures, il sera temps de rejoindre l\u2019une des 2500 chaises longues dispos\u00e9es face au plus grand \u00e9cran d\u2019Europe. Pas question dans un lieu aussi chic d\u2019asseoir les spectateurs par terre comme cela se fait \u00e0 Londres aux projections en plein air \u00e0 Canary Wharf, dans les Kew Gardens, \u00e0 Vauxhall Pleasure Garden et au British Summer Time. \u00c0 Paris, si l\u2019accord avec une c\u00e9l\u00e8bre marque automobile est sign\u00e9 \u00e0 temps, quatre spectateurs pourront regarder le film en d\u00e9capotable depuis un mini-drive-in. Toujours dans cette id\u00e9e de bien recevoir les spectateurs, \u00abchaque soir, une actrice ou un r\u00e9alisateur de notori\u00e9t\u00e9 internationale viendra pr\u00e9senter le film programm\u00e9 et raconter la trace \u00e9motionnelle qu\u2019il lui a laiss\u00e9e et l\u2019inspiration qu\u2019il lui a apport\u00e9e\u00bb, explique Elisha Karmitz.<\/p>\n<p class=\"fig-paragraph\">Le soir d\u2019ouverture, Sofia Coppola viendra pr\u00e9senter son premier film Virgin Suicides qui a marqu\u00e9 toute une g\u00e9n\u00e9ration. Le film de cl\u00f4ture sera une avant-premi\u00e8re\u00a0: le Br\u00e9silien\u00a0<a href=\"https:\/\/www.lefigaro.fr\/festival-de-cannes\/2017\/03\/20\/03011-20170320ARTFIG00171-festival-de-cannes-2017-kleber-mendonca-filho-presidera-la-semaine-de-la-critique.php\" data-fig-type=\"Article\" data-gtm-custom-categorie=\"navigation\" data-gtm-custom-action=\"crossclick\" data-gtm-custom-label=\"Contextuel\" data-gtm-event=\"customEventSPE\" data-fig-domain=\"LEFIGARO\" target=\"_blank\" rel=\"noopener\">Kleber Mendon\u00e7a Filko<\/a>\u00a0r\u00e9compens\u00e9 par les prix de la mise en sc\u00e8ne et de l\u2019interpr\u00e9tation masculine au Festival de Cannes pr\u00e9sentera\u00a0<a href=\"http:\/\/www.lefigaro.fr\/festival-de-cannes\/notre-critique-de-l-agent-secret-recife-ne-repond-plus-20250518\" data-fig-type=\"Article\" data-gtm-custom-categorie=\"navigation\" data-gtm-custom-action=\"crossclick\" data-gtm-custom-label=\"Contextuel\" data-gtm-event=\"customEventSPE\" data-fig-domain=\"LEFIGARO\" target=\"_blank\" rel=\"noopener\">son polar Agent secret<\/a> . Le 2 juillet, on reverra la sublime fresque In the Mood for love de Wong Kar Wai qui se passe \u00e0 Hong Kong dans les ann\u00e9es 1960. MK2 qui a beaucoup soutenu la carri\u00e8re de David Lynch lui rendra \u00e9videmment hommage. Pour la s\u00e9ance du vendredi 3 juillet, Elisha Karmitz a choisi Twin peaks\u00a0: Fine walk with me o\u00f9 David Lynch filme la derni\u00e8re semaine de vie de Laura Palmer, h\u00e9ro\u00efne de la s\u00e9rie \u00e9ponyme. Ce choix artistique illustre l\u2019\u00e9volution du concept. D\u00e9sormais, Cin\u00e9ma Paradiso s\u2019inscrit dans les \u00c9t\u00e9s du Louvre et reprend un th\u00e8me des expositions du mus\u00e9e. Cette ann\u00e9e, c\u2019est la mode et la couture d\u2019o\u00f9 la venue de Sofia Coppola, par exemple.<\/p>\n<p class=\"fig-paragraph\">Rentr\u00e9 particuli\u00e8rement heureux du\u00a0<a href=\"http:\/\/www.lefigaro.fr\/festival-de-cannes\/un-simple-accident-valeur-sentimentale-l-agent-secret-quand-pourra-t-on-voir-les-films-primes-a-cannes-20250529\" data-fig-type=\"Article\" data-gtm-custom-categorie=\"navigation\" data-gtm-custom-action=\"crossclick\" data-gtm-custom-label=\"Contextuel\" data-gtm-event=\"customEventSPE\" data-fig-domain=\"LEFIGARO\" target=\"_blank\" rel=\"noopener\">Festival de Cannes<\/a>\u00a0o\u00f9 les films financ\u00e9s par MK2 ont remport\u00e9 six des huit prix, Elisha Karmitz, 40 ans, a \u00e9galement de quoi \u00eatre fier de Cin\u00e9ma Paradiso. Lanc\u00e9 avec succ\u00e8s en 2013 au Grand Palais, ce concept du \u00abplus grand cin\u00e9ma \u00e9ph\u00e9m\u00e8re du monde\u00bb est aujourd\u2019hui implant\u00e9 au Louvre, d\u00e9clin\u00e9 sur le parvis de la Seine Musicale dans l\u2019ouest parisien comme aux 24 heures du Mans. Il s\u2019exporte m\u00eame jusqu\u2019\u00e0 Central Park \u00e0 New York. \u00abLe but est de cr\u00e9er un \u00e9merveillement pour le cin\u00e9ma, explique Elisha Karmitz. Depuis une dizaine d\u2019ann\u00e9es, ce dernier multiplie les id\u00e9es comme les premiers h\u00f4tels cin\u00e9ma au monde pour inventer de nouveaux usages autour du septi\u00e8me art. Nous ne gagnons pas sp\u00e9cialement d\u2019argent mais n\u2019en perdons pas. Notre visibilit\u00e9 sur place est r\u00e9duite. Nous ne mettons pas notre logo MK2 partout.\u00bb C\u2019est particuli\u00e8rement vrai au Plaza, avenue Montaigne \u00e0 Paris o\u00f9 le chef \u00e9toil\u00e9 Jean Imbert propose un d\u00eener gastronomique th\u00e9matique autour du film projet\u00e9 dans la cour jardin du palace. Sa collaboration sur ce concept avec les fr\u00e8res Karmitz remonte \u00e0 des ann\u00e9es. Ces soir\u00e9es d\u2019exception sont r\u00e9serv\u00e9es aux privil\u00e9gi\u00e9s susceptibles de d\u00e9penser 340 euros. Pour les autres lieux de Cin\u00e9ma Paradiso, tout repose sur les m\u00e9c\u00e8nes.<\/p>\n<p class=\"fig-paragraph\">Or, les m\u00e9c\u00e8nes, \u00e0 commencer par les groupes implant\u00e9s aux \u00c9tats-Unis, s\u2019inqui\u00e8tent des prises de position de Donald Trump et de ses multiples revirements. Au Louvre et chez MK2, Laurence des Cars et Elisha Karmitz sont oblig\u00e9s de tenir compte de ce climat d\u2019instabilit\u00e9.<\/p>\n<p class=\"fig-paragraph\">(* www.mk2-festivalparadiso.com)<\/p>\n","protected":false},"excerpt":{"rendered":"Des chefs-d\u2019\u0153uvre projet\u00e9s sur le plus grand \u00e9cran d\u2019Europe \u00e0 voir sur une chaise longue apr\u00e8s une soir\u00e9e&hellip;\n","protected":false},"author":2,"featured_media":153773,"comment_status":"","ping_status":"","sticky":false,"template":"","format":"standard","meta":{"footnotes":""},"categories":[1358],"tags":[2084,1348,1384,1385,2083,2080,650,1386,58,59,2081,1346,1011,27,11274,28363,2082],"class_list":{"0":"post-153772","1":"post","2":"type-post","3":"status-publish","4":"format-standard","5":"has-post-thumbnail","7":"category-arts-et-design","8":"tag-affiche","9":"tag-arts","10":"tag-arts-and-design","11":"tag-arts-et-design","12":"tag-bandes-annonces","13":"tag-box-office","14":"tag-cinema","15":"tag-design","16":"tag-divertissement","17":"tag-entertainment","18":"tag-film","19":"tag-films","20":"tag-fr","21":"tag-france","22":"tag-louvre","23":"tag-mk2","24":"tag-salles"},"share_on_mastodon":{"url":"https:\/\/pubeurope.com\/@fr\/114630427105799825","error":""},"_links":{"self":[{"href":"https:\/\/www.europesays.com\/fr\/wp-json\/wp\/v2\/posts\/153772","targetHints":{"allow":["GET"]}}],"collection":[{"href":"https:\/\/www.europesays.com\/fr\/wp-json\/wp\/v2\/posts"}],"about":[{"href":"https:\/\/www.europesays.com\/fr\/wp-json\/wp\/v2\/types\/post"}],"author":[{"embeddable":true,"href":"https:\/\/www.europesays.com\/fr\/wp-json\/wp\/v2\/users\/2"}],"replies":[{"embeddable":true,"href":"https:\/\/www.europesays.com\/fr\/wp-json\/wp\/v2\/comments?post=153772"}],"version-history":[{"count":0,"href":"https:\/\/www.europesays.com\/fr\/wp-json\/wp\/v2\/posts\/153772\/revisions"}],"wp:featuredmedia":[{"embeddable":true,"href":"https:\/\/www.europesays.com\/fr\/wp-json\/wp\/v2\/media\/153773"}],"wp:attachment":[{"href":"https:\/\/www.europesays.com\/fr\/wp-json\/wp\/v2\/media?parent=153772"}],"wp:term":[{"taxonomy":"category","embeddable":true,"href":"https:\/\/www.europesays.com\/fr\/wp-json\/wp\/v2\/categories?post=153772"},{"taxonomy":"post_tag","embeddable":true,"href":"https:\/\/www.europesays.com\/fr\/wp-json\/wp\/v2\/tags?post=153772"}],"curies":[{"name":"wp","href":"https:\/\/api.w.org\/{rel}","templated":true}]}}