{"id":153776,"date":"2025-06-05T11:05:34","date_gmt":"2025-06-05T11:05:34","guid":{"rendered":"https:\/\/www.europesays.com\/fr\/153776\/"},"modified":"2025-06-05T11:05:34","modified_gmt":"2025-06-05T11:05:34","slug":"loana-est-elle-vraiment-livree-a-elle-meme-a-nice-une-proche-revele-si-elle-a-ete-placee-sous-tutelle","status":"publish","type":"post","link":"https:\/\/www.europesays.com\/fr\/153776\/","title":{"rendered":"Loana est-elle vraiment livr\u00e9e \u00e0 elle-m\u00eame \u00e0 Nice ? Une proche r\u00e9v\u00e8le si elle a \u00e9t\u00e9 plac\u00e9e sous tutelle"},"content":{"rendered":"<p>La vid\u00e9o de Loana en train de nourrir une nu\u00e9e de pigeons sur son balcon \u00e0 Nice a choqu\u00e9 et d\u00e9go\u00fbt\u00e9 les internautes. Mais l\u2019ancienne star de Loft Story a-t-elle \u00e9t\u00e9 plac\u00e9e sous tutelle ? Une amie a fait des r\u00e9v\u00e9lations.<\/p>\n<p>Elle met du vieux pain sur son balcon, pour attirer les moineaux, les pigeons. Qui eut cru que les paroles de cette chanson de <a href=\"https:\/\/www.voici.fr\/bios-people\/jean-jacques-goldman\" data-link-people=\"cb849552-01a0-42f2-8f41-07613187054e\" rel=\"nofollow noopener\" target=\"_blank\">Jean-Jacques Goldman<\/a>, sortie en 1985, s\u2019adapteraient plus que jamais \u00e0 Loana ? Et pourtant, le 2 juin dernier, <strong>l\u2019ancienne lofteuse <\/strong>a surpris tout le monde en postant une vid\u00e9o de son appartement situ\u00e9 \u00e0 Nice, <a href=\"https:\/\/www.voici.fr\/news-people\/j-ai-senti-l-odeur-a-travers-le-telephone-loana-devoile-une-video-de-son-appartement-de-nice-rempli-de-pigeons-805481\" rel=\"nofollow noopener\" target=\"_blank\">dont le balcon est compl\u00e8tement envahi par les pigeons. <\/a><strong>Au programme : roucoulades, plumes et fientes.<\/strong> Un menu loin d\u2019\u00eatre all\u00e9chant, qui pourtant ne semble pas d\u00e9ranger la fille de Violette.<\/p>\n<p>Cette derni\u00e8re a m\u00eame demand\u00e9 \u00e0 Titi, son fid\u00e8le chien, de \u201cne pas les emb\u00eater\u201d. <a href=\"https:\/\/www.voici.fr\/news-people\/tu-lui-payes-encore-son-loyer-alexia-laroche-joubert-se-confie-sur-la-relation-quelle-entretient-avec-loana-803196\" rel=\"nofollow noopener\" target=\"_blank\">Du c\u00f4t\u00e9 des internautes, personne n\u2019a \u00e9t\u00e9 tendre avec Loana<\/a>. \u201c<strong>J\u2019ai senti l\u2019odeur de l\u2019appartement \u00e0 travers le t\u00e9l\u00e9phone\u00a0\u00bb, \u00ab\u00a0Les voisins doivent appr\u00e9cier. Son appartement a l&rsquo;air n\u00e9glig\u00e9\u00a0\u00bb, \u00ab\u00a0Mais comment vit-elle l\u00e0-dedans ?<\/strong>\u201d, ont-ils \u00e9crit dans les commentaires, scandalis\u00e9s.<\/p>\n<p>Loana a-t-elle \u00e9t\u00e9 plac\u00e9e sous tutelle ? Sylvie Ortega fait une r\u00e9v\u00e9lation sur son amie<\/p>\n<p>Loana vit-elle r\u00e9ellement dans des conditions insalubres, comme l\u2019imaginent ses abonn\u00e9s ? Si on sait qu\u2019<strong>Alexia Laroche-Joubert continue de payer son loyer<\/strong>, elle participe \u00e9galement \u00e0 ses frais de m\u00e9nage. C\u2019est ce que vient de d\u00e9voiler Sylvie Ortega, <a href=\"https:\/\/www.voici.fr\/news-people\/loana-dans-un-epuisement-extreme-sylvie-ortega-donne-des-nouvelles-peu-rassurantes-de-l-ancienne-lofteuse-799436\" rel=\"nofollow noopener\" target=\"_blank\">grande amie de Loana<\/a>, en story sur Instagram. \u201cFoutez-moi la paix avec ses pigeons sur son balcon, ce n\u2019est absolument pas mon probl\u00e8me.<strong> Loana a 47 ans, ce n\u2019est pas une enfant et elle g\u00e8re sa vie comme bon lui semble.<\/strong> Elle est compl\u00e8tement libre et en aucun cas sous tutelle. <strong>Quant \u00e0 son m\u00e9nage, Alexia Laroche-Joubert lui fait venir une femme de m\u00e9nage \u00e0 sa demande<\/strong>\u201d, a expliqu\u00e9<a href=\"https:\/\/www.voici.fr\/news-people\/sylvie-ortega-munos-frappee-par-eryl-prayer-elle-devoile-la-plainte-deposee-au-commissariat-713432\" rel=\"nofollow noopener\" target=\"_blank\"> l\u2019ennemie jur\u00e9e d\u2019Eryl Prayer.<\/a><\/p>\n<p>                                                                        Pourquoi Loana ne voit-elle plus sa fille Mindy ?<\/p>\n<p>Depuis <a href=\"https:\/\/www.voici.fr\/news-people\/loana-filmee-dans-les-rues-de-nice-une-video-inquietante-de-la-star-de-loft-story-circule-sur-la-toile-799386\" rel=\"nofollow noopener\" target=\"_blank\">ses d\u00e9buts fracassants dans Loft Story<\/a>, Loana n\u2019a jamais quitt\u00e9 le feu des projecteurs\u2026 ni les temp\u00eates m\u00e9diatiques. Mais derri\u00e8re les paillettes et les pol\u00e9miques se cache une blessure plus intime : <strong>sa relation rompue avec sa fille Mindy<\/strong>. N\u00e9e en 1998, Mindy a \u00e9t\u00e9 confi\u00e9e tr\u00e8s jeune \u00e0 une famille d\u2019accueil, Loana estimant ne pas \u00eatre en mesure de lui offrir la stabilit\u00e9 qu\u2019elle m\u00e9ritait. Depuis, les retrouvailles ont \u00e9t\u00e9 rares et distantes. Si l\u2019ex-lofteuse a exprim\u00e9 \u00e0 plusieurs reprises <a href=\"https:\/\/www.voici.fr\/news-people\/loana-nostalgique-elle-partage-un-rare-cliche-d-elle-avec-sa-fille-mindy-804725\" rel=\"nofollow noopener\" target=\"_blank\">son d\u00e9sir de renouer le lien<\/a>, <strong>Mindy, de son c\u00f4t\u00e9, a choisi de rester \u00e0 l\u2019\u00e9cart, pr\u00e9f\u00e9rant pr\u00e9server son anonymat et sa tranquillit\u00e9. <\/strong>Un drame silencieux pour Loana, qui confie r\u00e9guli\u00e8rement dans les m\u00e9dias sa douleur de ne pas partager la vie de sa fille.<\/p>\n<p><img decoding=\"async\" src=\"https:\/\/www.europesays.com\/fr\/wp-content\/uploads\/2025\/06\/1749121534_435_picture.jpg\" alt=\"\" class=\"allowseedtag apply-ratio lazyload\"\/>\u00a9 Capture d&rsquo;\u00e9cran Instagram<\/p>\n","protected":false},"excerpt":{"rendered":"La vid\u00e9o de Loana en train de nourrir une nu\u00e9e de pigeons sur son balcon \u00e0 Nice a&hellip;\n","protected":false},"author":2,"featured_media":153777,"comment_status":"","ping_status":"","sticky":false,"template":"","format":"standard","meta":{"footnotes":""},"categories":[1356],"tags":[587,58,59,1011,27,2440,13033,588,1908,14372,252,3604,1364],"class_list":{"0":"post-153776","1":"post","2":"type-post","3":"status-publish","4":"format-standard","5":"has-post-thumbnail","7":"category-television","8":"tag-alexia-laroche-joubert","9":"tag-divertissement","10":"tag-entertainment","11":"tag-fr","12":"tag-france","13":"tag-instagram","14":"tag-loana","15":"tag-loft-story","16":"tag-logement","17":"tag-ru00e9seaux-sociaux","18":"tag-television","19":"tag-tu00e9lu00e9-ru00e9alitu00e9","20":"tag-tv"},"share_on_mastodon":{"url":"https:\/\/pubeurope.com\/@fr\/114630434763625381","error":""},"_links":{"self":[{"href":"https:\/\/www.europesays.com\/fr\/wp-json\/wp\/v2\/posts\/153776","targetHints":{"allow":["GET"]}}],"collection":[{"href":"https:\/\/www.europesays.com\/fr\/wp-json\/wp\/v2\/posts"}],"about":[{"href":"https:\/\/www.europesays.com\/fr\/wp-json\/wp\/v2\/types\/post"}],"author":[{"embeddable":true,"href":"https:\/\/www.europesays.com\/fr\/wp-json\/wp\/v2\/users\/2"}],"replies":[{"embeddable":true,"href":"https:\/\/www.europesays.com\/fr\/wp-json\/wp\/v2\/comments?post=153776"}],"version-history":[{"count":0,"href":"https:\/\/www.europesays.com\/fr\/wp-json\/wp\/v2\/posts\/153776\/revisions"}],"wp:featuredmedia":[{"embeddable":true,"href":"https:\/\/www.europesays.com\/fr\/wp-json\/wp\/v2\/media\/153777"}],"wp:attachment":[{"href":"https:\/\/www.europesays.com\/fr\/wp-json\/wp\/v2\/media?parent=153776"}],"wp:term":[{"taxonomy":"category","embeddable":true,"href":"https:\/\/www.europesays.com\/fr\/wp-json\/wp\/v2\/categories?post=153776"},{"taxonomy":"post_tag","embeddable":true,"href":"https:\/\/www.europesays.com\/fr\/wp-json\/wp\/v2\/tags?post=153776"}],"curies":[{"name":"wp","href":"https:\/\/api.w.org\/{rel}","templated":true}]}}