{"id":153786,"date":"2025-06-05T11:10:09","date_gmt":"2025-06-05T11:10:09","guid":{"rendered":"https:\/\/www.europesays.com\/fr\/153786\/"},"modified":"2025-06-05T11:10:09","modified_gmt":"2025-06-05T11:10:09","slug":"chris-martin-et-dakota-johnson-se-separent-apres-huit-ans-de-relation","status":"publish","type":"post","link":"https:\/\/www.europesays.com\/fr\/153786\/","title":{"rendered":"Chris Martin et Dakota Johnson se s\u00e9parent apr\u00e8s huit ans de relation"},"content":{"rendered":"<p>Apr\u00e8s presque huit ann\u00e9es de relation et des fian\u00e7ailles discr\u00e8tes, l\u2019actrice de Cinquante nuances de Grey et le leader de Coldplay ont d\u00e9cid\u00e9 de mettre fin \u00e0 leur histoire d\u2019amour.<\/p>\n<p class=\"fig-paragraph\">Clap de fin. C\u2019est une page qui se tourne\u00a0:\u00a0<a href=\"https:\/\/madame.lefigaro.fr\/tag\/chris-martin\" target=\"_blank\" rel=\"noopener\" data-gtm-custom-categorie=\"navigation\" data-gtm-custom-action=\"crossclick\" data-gtm-custom-label=\"Contextuel\" data-gtm-event=\"customEventSPE\">Chris Martin<\/a>\u00a0et\u00a0<a href=\"https:\/\/madame.lefigaro.fr\/tag\/dakota-johnson\" target=\"_blank\" rel=\"noopener\" data-gtm-custom-categorie=\"navigation\" data-gtm-custom-action=\"crossclick\" data-gtm-custom-label=\"Contextuel\" data-gtm-event=\"customEventSPE\">Dakota Johnson<\/a>\u00a0se s\u00e9parent apr\u00e8s presque huit ann\u00e9es de relation et des\u00a0<a href=\"https:\/\/www.mirror.co.uk\/3am\/celebrity-news\/chris-martin-dakota-johnson-engaged-32290448\" target=\"_blank\" rel=\"nofollow noopener\" data-gtm-custom-categorie=\"navigation\" data-gtm-custom-action=\"crossclick\" data-gtm-custom-label=\"Contextuel\" data-gtm-event=\"customEventSPE\">fian\u00e7ailles r\u00e9v\u00e9l\u00e9es en mars 2024<\/a>. La rupture entre l\u2019actrice am\u00e9ricaine de Cinquante nuances de Grey (35 ans) et le chanteur britannique de Coldplay (48 ans) aurait eu lieu r\u00e9cemment,\u00a0<a href=\"https:\/\/www.dailymail.co.uk\/tvshowbiz\/article-14781081\/dakota-johnson-chris-martin-split-engagement.html\" target=\"_blank\" rel=\"nofollow noopener\" data-gtm-custom-categorie=\"navigation\" data-gtm-custom-action=\"crossclick\" data-gtm-custom-label=\"Contextuel\" data-gtm-event=\"customEventSPE\">selon les informations du Daily Mail<\/a> \u00a0ce jeudi 16 juin. \u00abLeur relation est finie depuis longtemps, ils n\u2019ont seulement pas r\u00e9ussi \u00e0 l\u2019officialiser\u00bb, confie une source proche du couple au tablo\u00efd britannique. \u00abDakota gardait espoir qu\u2019ils puissent rester ensemble parce qu\u2019elle l\u2019aimait \u00e9norm\u00e9ment et adorait ses enfants.\u00bb<\/p>\n<p class=\"fig-paragraph\">Cette m\u00eame source du Daily Mail d\u00e9crit une relation en dents de scie\u00a0: \u00abIls ont continu\u00e9 \u00e0 rompre et \u00e0 se remettre ensemble. Parfois, les choses fonctionnaient quand ils \u00e9taient s\u00e9par\u00e9s et quand ils travaillaient, parce que l\u2019absence renforce l\u2019amour, mais ensuite ils se remettaient ensemble et de petites choses s\u2019accumulaient jusqu\u2019\u00e0 ce qu\u2019ils ne soient plus faits l\u2019un pour l\u2019autre.\u00bb<\/p>\n<p>Dakota Johnson \u00abd\u00e9vast\u00e9e\u00bb<\/p>\n<p class=\"fig-paragraph\">Seulement, l\u2019h\u00e9ro\u00efne de la saga Cinquante nuances craint que la s\u00e9paration ne l\u2019\u00e9loigne des deux enfants de Chris Martin. \u00abDakota est d\u00e9vast\u00e9e \u00e0 l\u2019id\u00e9e de ne plus \u00eatre autant aupr\u00e8s de ses enfants, mais elle veut qu\u2019ils sachent qu\u2019elle sera toujours l\u00e0 pour eux\u00bb, pr\u00e9cise le proche au Daily Mail. Le chanteur de Coldplay est, en effet, le p\u00e8re de deux enfants\u00a0: Apple (21 ans) et Moses (19 ans), tous deux issus de son mariage avec Gwyneth Paltrow.<\/p>\n<p class=\"fig-paragraph\">Mercredi 4 juin, Dakota Johnson a \u00e9t\u00e9 photographi\u00e9e dans les rues de New York, quelques heures avant que la nouvelle de leur s\u00e9paration ne soit r\u00e9v\u00e9l\u00e9e. Et, d\u00e9tail qui n\u2019en est pas un, elle ne portait plus sa bague de fian\u00e7ailles. Le week-end dernier, l\u2019actrice de 35 ans avait \u00e9galement \u00e9t\u00e9 aper\u00e7ue en compagnie de Jennifer Lawrence, une amie proche mais aussi&#8230; l\u2019ex-petite amie de Chris Martin.<\/p>\n<p>Espoir de r\u00e9conciliation\u00a0?<\/p>\n<p class=\"fig-paragraph\">Malgr\u00e9 cette s\u00e9paration, tout ne serait pas d\u00e9finitivement perdu pour le couple. Toujours d\u2019apr\u00e8s la source du Daily Mail, il y a une chance qu\u2019ils se r\u00e9concilient \u00abmais en ce moment, \u00eatre s\u00e9par\u00e9s leur fera le plus grand bien s\u2019ils devaient avoir un quelconque avenir ensemble\u00bb.<\/p>\n<p class=\"fig-paragraph\">Cette rupture n\u2019est d\u2019ailleurs pas la premi\u00e8re de leur relation. En 2019, le couple s\u2019\u00e9tait d\u00e9j\u00e0 s\u00e9par\u00e9. On soufflait \u00e0 l\u2019\u00e9poque que des tensions \u00e9taient n\u00e9es \u00e0 cause du d\u00e9sir de Chris Martin d\u2019avoir des enfants avec Dakota Johnson. Le couple s\u2019\u00e9tait finalement tr\u00e8s vite r\u00e9concili\u00e9.<\/p>\n","protected":false},"excerpt":{"rendered":"Apr\u00e8s presque huit ann\u00e9es de relation et des fian\u00e7ailles discr\u00e8tes, l\u2019actrice de Cinquante nuances de Grey et le&hellip;\n","protected":false},"author":2,"featured_media":153787,"comment_status":"","ping_status":"","sticky":false,"template":"","format":"standard","meta":{"footnotes":""},"categories":[8],"tags":[976,972,28364,1193,28365,58,59,638,1011,27,977,973,975,974],"class_list":{"0":"post-153786","1":"post","2":"type-post","3":"status-publish","4":"format-standard","5":"has-post-thumbnail","7":"category-divertissement","8":"tag-actu-people","9":"tag-celebrite","10":"tag-chris-martin","11":"tag-couple","12":"tag-dakota-johnson","13":"tag-divertissement","14":"tag-entertainment","15":"tag-figaro","16":"tag-fr","17":"tag-france","18":"tag-madame","19":"tag-people","20":"tag-potain-de-stars","21":"tag-star"},"share_on_mastodon":{"url":"https:\/\/pubeurope.com\/@fr\/114630454775839557","error":""},"_links":{"self":[{"href":"https:\/\/www.europesays.com\/fr\/wp-json\/wp\/v2\/posts\/153786","targetHints":{"allow":["GET"]}}],"collection":[{"href":"https:\/\/www.europesays.com\/fr\/wp-json\/wp\/v2\/posts"}],"about":[{"href":"https:\/\/www.europesays.com\/fr\/wp-json\/wp\/v2\/types\/post"}],"author":[{"embeddable":true,"href":"https:\/\/www.europesays.com\/fr\/wp-json\/wp\/v2\/users\/2"}],"replies":[{"embeddable":true,"href":"https:\/\/www.europesays.com\/fr\/wp-json\/wp\/v2\/comments?post=153786"}],"version-history":[{"count":0,"href":"https:\/\/www.europesays.com\/fr\/wp-json\/wp\/v2\/posts\/153786\/revisions"}],"wp:featuredmedia":[{"embeddable":true,"href":"https:\/\/www.europesays.com\/fr\/wp-json\/wp\/v2\/media\/153787"}],"wp:attachment":[{"href":"https:\/\/www.europesays.com\/fr\/wp-json\/wp\/v2\/media?parent=153786"}],"wp:term":[{"taxonomy":"category","embeddable":true,"href":"https:\/\/www.europesays.com\/fr\/wp-json\/wp\/v2\/categories?post=153786"},{"taxonomy":"post_tag","embeddable":true,"href":"https:\/\/www.europesays.com\/fr\/wp-json\/wp\/v2\/tags?post=153786"}],"curies":[{"name":"wp","href":"https:\/\/api.w.org\/{rel}","templated":true}]}}