{"id":153788,"date":"2025-06-05T11:11:13","date_gmt":"2025-06-05T11:11:13","guid":{"rendered":"https:\/\/www.europesays.com\/fr\/153788\/"},"modified":"2025-06-05T11:11:13","modified_gmt":"2025-06-05T11:11:13","slug":"final-fantasy-tactics-le-remaster-est-confirme-avec-sa-date-de-sortie-actu","status":"publish","type":"post","link":"https:\/\/www.europesays.com\/fr\/153788\/","title":{"rendered":"Final Fantasy Tactics : le remaster est confirm\u00e9 avec sa date de sortie &#8211; Actu"},"content":{"rendered":"<p>R\u00e9sum\u00e9<\/p>\n<ol class=\"gk__text__list\">\n<li>Final Fantasy Tactics revient le 30 septembre sur toutes les plateformes sous le nom The Ivalice Chronicles.<\/li>\n<li>Les joueurs auront le choix entre une version am\u00e9lior\u00e9e et une classique fid\u00e8le \u00e0 l\u2019original de 1997.<\/li>\n<\/ol>\n<p class=\"gk__text__p\">Dans la famille Final Fantasy, je demande le cousin Tactics, et le fr\u00e8re IX. Les deux membres de la famille ont eu droit, depuis des ann\u00e9es maintenant, \u00e0 tout un tas de rumeurs et de fuites les concernant, lesquelles indiquaient un retour annonc\u00e9, soit sous la forme d&rsquo;un remaster pour l&rsquo;un ou d&rsquo;un remake pour l&rsquo;autre. Le State of Play de ce mercredi 4 juin aura permis de lever le voile sur l&rsquo;un des deux projets : <a href=\"https:\/\/www.gamekult.com\/jeux\/final-fantasy-tactics-the-ivalice-chronicles-3050888565.html\" rel=\"nofollow noopener\" target=\"_blank\">Final Fantasy Tactics : The Ivalice Chronicles<\/a> devient enfin r\u00e9alit\u00e9 et il sortira le 30 septembre sur toutes les plateformes. Pour le fameux remake de <a href=\"https:\/\/www.gamekult.com\/jeux\/final-fantasy-ix-3010007885.html\" rel=\"nofollow noopener\" target=\"_blank\">Final Fantasy IX<\/a>, en revanche, il faudra patienter.<\/p>\n<p class=\"gk__text__p\">Le journaliste Jason Schreier s&rsquo;\u00e9tait permis <a target=\"_blank\" href=\"https:\/\/bsky.app\/profile\/jasonschreier.bsky.social\/post\/3lqpsz6mslk2o\" rel=\"noopener noreferrer nofollow\">une innocente publication sur Bluesky<\/a> hier (\u00ab\u00a0Final Fantasy Tactics est un des meilleurs jeux jamais faits\u00a0\u00bb), tandis que l&rsquo;illustre Yasumi Matsuno, responsable majeur de la r\u00e9ussite des jeux <a href=\"https:\/\/www.gamekult.com\/jeux\/ogre-battle-the-march-of-the-black-queen-3010001689.html\" rel=\"nofollow noopener\" target=\"_blank\">Ogre Battle<\/a>, <a href=\"https:\/\/www.gamekult.com\/jeux\/tactics-ogre-let-us-cling-together-3010001688.html\" rel=\"nofollow noopener\" target=\"_blank\">Tactics Ogre<\/a>, <a href=\"https:\/\/www.gamekult.com\/jeux\/final-fantasy-xii-4674.html\" rel=\"nofollow noopener\" target=\"_blank\">Final Fantasy XII<\/a>, et bien entendu, <a href=\"https:\/\/www.gamekult.com\/jeux\/final-fantasy-tactics-3010003306.html\" rel=\"nofollow noopener\" target=\"_blank\">Final Fantasy Tactics<\/a>, s&rsquo;\u00e9tait permis de retweeter l&rsquo;annonce du State of Play.<\/p>\n<p class=\"gk__text__p\">\u00ab Sorti pour la premi\u00e8re fois en 1997 sur PlayStation, Final Fantasy Tactics n&rsquo;est autre que l\u2019un des titres les plus adul\u00e9s de la franchise, notamment pour son sc\u00e9nario fouill\u00e9, ainsi que pour son gameplay tout aussi strat\u00e9gique que profond \u00bb, <a target=\"_blank\" href=\"https:\/\/blog.fr.playstation.com\/2025\/06\/05\/final-fantasy-tactics-the-ivalice-chronicles-arrive-sur-ps5-et-ps4-le-30-septembre-2025\/\" rel=\"noopener noreferrer nofollow\">se r\u00e9jouit Square Enix<\/a>, qui a confi\u00e9 la r\u00e9alisation de ce remaster au Creative Studio III, le d\u00e9partement de Naoki Yoshida (<a href=\"https:\/\/www.gamekult.com\/jeux\/final-fantasy-xiv-dawntrail-3050887027.html\" rel=\"nofollow noopener\" target=\"_blank\">Final Fantasy 14<\/a>, <a href=\"https:\/\/www.gamekult.com\/jeux\/final-fantasy-xvi-3050882809.html\" rel=\"nofollow noopener\" target=\"_blank\">Final Fantasy 16<\/a>), sous la houlette de membres de l&rsquo;\u00e9quipe de l&rsquo;\u00e9poque, notamment Kazutoyo Maehiro (r\u00e9alisateur), Hiroshi Minagawa (directeur artistique) et Yasumi Matsuno (sc\u00e9nariste).<\/p>\n<p class=\"gk__text__p\">Pour m\u00e9nager les sensibilit\u00e9s, l&rsquo;\u00e9quipe de d\u00e9veloppement a inclus deux visions de ce grand classique. Ainsi, la version am\u00e9lior\u00e9e se d\u00e9marque par des dialogues enti\u00e8rement doubl\u00e9s en japonais et en anglais, une interface utilisateur optimis\u00e9e, une refonte visuelle et d&rsquo;autres fonctionnalit\u00e9s inh\u00e9rentes au confort de jeu, dont une vitesse acc\u00e9l\u00e9r\u00e9e, une vue tactique a\u00e9rienne, une sauvegarde automatique et une difficult\u00e9 \u00ab histoire \u00bb pour plus de bienveillance. En outre, le jeu sera sous-titr\u00e9 en fran\u00e7ais pour la premi\u00e8re fois.<\/p>\n<p class=\"gk__text__p\">Quant aux joueurs qui veulent se rapprocher de sensations de l&rsquo;\u00e9poque, ils peuvent jeter leur d\u00e9volu sur la version classique. Ils profiteront ainsi des graphismes et de la jouabilit\u00e9 du jeu original de 1997, accompagn\u00e9s de la traduction de The War of the Lions (qui revisitait d\u00e9j\u00e0 Final Fantasy Tactics sur PSP en 2007). Cette version sera tout de m\u00eame agr\u00e9ment\u00e9e de quelques fonctions pratiques, telles que la sauvegarde auto. Mais pour le reste, c&rsquo;est du vintage.<\/p>\n<p class=\"gk__text__p\">L&rsquo;illustrateur Akihiko Yoshida s&rsquo;est fendu d&rsquo;une nouvelle illustration des protagonistes de cette histoire, Ramza et Delita, qui repr\u00e9sente la relation complexe entre les deux amis d&rsquo;enfance. Se tiennent-ils c\u00f4te \u00e0 c\u00f4te pour se prot\u00e9ger mutuellement, ou s&rsquo;agit-il du d\u00e9but d&rsquo;une s\u00e9paration alors qu&rsquo;ils empruntent des chemins divergents ? Pour le savoir, les joueurs devront ma\u00eetriser une s\u00e9lection de plus de 20 classes et de 300 comp\u00e9tences pour dompter les rouages du syst\u00e8me au tour par tour.<\/p>\n<p class=\"gk__text__p\">Des versions physiques sont disponibles seulement sur PS5 et Switch (pas Switch 2) au prix de 60 euros. On peut \u00e9galement trouver un <a target=\"_blank\" href=\"https:\/\/fr.store.square-enix-games.com\/final-fantasy-tactics--the-ivalice-chronicles--collectors-box\" rel=\"noopener noreferrer nofollow\">coffret collector<\/a> \u00e0 230 euros sur la boutique de Square Enix.<\/p>\n<p><img decoding=\"async\" data-lazyload=\"\" src=\"https:\/\/www.europesays.com\/fr\/wp-content\/uploads\/2025\/06\/final-fantasy-tactics-le-remaster-est-confirme-avec-sa-date-de-sortie-2fd5303b__w830.png\" width=\"830\" alt=\"\"\/><\/p>\n","protected":false},"excerpt":{"rendered":"R\u00e9sum\u00e9 Final Fantasy Tactics revient le 30 septembre sur toutes les plateformes sous le nom The Ivalice Chronicles.&hellip;\n","protected":false},"author":2,"featured_media":153789,"comment_status":"","ping_status":"","sticky":false,"template":"","format":"standard","meta":{"footnotes":""},"categories":[7],"tags":[1011,27,43,40,41,39,42,44],"class_list":{"0":"post-153788","1":"post","2":"type-post","3":"status-publish","4":"format-standard","5":"has-post-thumbnail","7":"category-sciences-et-technologies","8":"tag-fr","9":"tag-france","10":"tag-science","11":"tag-science-and-technology","12":"tag-sciences","13":"tag-sciences-et-technologies","14":"tag-technologies","15":"tag-technology"},"share_on_mastodon":{"url":"https:\/\/pubeurope.com\/@fr\/114630458427173229","error":""},"_links":{"self":[{"href":"https:\/\/www.europesays.com\/fr\/wp-json\/wp\/v2\/posts\/153788","targetHints":{"allow":["GET"]}}],"collection":[{"href":"https:\/\/www.europesays.com\/fr\/wp-json\/wp\/v2\/posts"}],"about":[{"href":"https:\/\/www.europesays.com\/fr\/wp-json\/wp\/v2\/types\/post"}],"author":[{"embeddable":true,"href":"https:\/\/www.europesays.com\/fr\/wp-json\/wp\/v2\/users\/2"}],"replies":[{"embeddable":true,"href":"https:\/\/www.europesays.com\/fr\/wp-json\/wp\/v2\/comments?post=153788"}],"version-history":[{"count":0,"href":"https:\/\/www.europesays.com\/fr\/wp-json\/wp\/v2\/posts\/153788\/revisions"}],"wp:featuredmedia":[{"embeddable":true,"href":"https:\/\/www.europesays.com\/fr\/wp-json\/wp\/v2\/media\/153789"}],"wp:attachment":[{"href":"https:\/\/www.europesays.com\/fr\/wp-json\/wp\/v2\/media?parent=153788"}],"wp:term":[{"taxonomy":"category","embeddable":true,"href":"https:\/\/www.europesays.com\/fr\/wp-json\/wp\/v2\/categories?post=153788"},{"taxonomy":"post_tag","embeddable":true,"href":"https:\/\/www.europesays.com\/fr\/wp-json\/wp\/v2\/tags?post=153788"}],"curies":[{"name":"wp","href":"https:\/\/api.w.org\/{rel}","templated":true}]}}