{"id":153798,"date":"2025-06-05T11:16:11","date_gmt":"2025-06-05T11:16:11","guid":{"rendered":"https:\/\/www.europesays.com\/fr\/153798\/"},"modified":"2025-06-05T11:16:11","modified_gmt":"2025-06-05T11:16:11","slug":"firminy-le-bien-etre-physique-moral-ou-sexuel-au-coeur-dun-salon-ce-week-end","status":"publish","type":"post","link":"https:\/\/www.europesays.com\/fr\/153798\/","title":{"rendered":"Firminy. Le bien-\u00eatre physique, moral ou sexuel au c\u0153ur d\u2019un salon ce week-end"},"content":{"rendered":"<p>Si l\u2019on en croit les diff\u00e9rentes d\u00e9finitions du terme bien-\u00eatre, celui-ci fait r\u00e9f\u00e9rence \u00e0 un \u00e9tat agr\u00e9able procur\u00e9 par la satisfaction des besoins physiques, psychiques, sociaux, mat\u00e9riels,\u00a0etc.<\/p>\n<p>  M\u00e9decines douces, alternatives\u00a0: \u00ab\u00a0En France, on est \u00e0 la tra\u00eene\u00a0\u00bb<\/p>\n<p>La recherche de sensations positives dans quelque domaine que ce soit, finalement\u2026 Pour Estelle Besset et C\u00e9line Rabesco, la qu\u00eate du bien-\u00eatre, c\u2019est celle d\u2019une \u00ab\u00a0meilleure qualit\u00e9 de vie\u00a0\u00bb. C\u2019est pour \u00e7a que toutes deux ont cr\u00e9\u00e9 l\u2019association Les C\u00e9lestes l\u2019ann\u00e9e derni\u00e8re pour regrouper diff\u00e9rents th\u00e9rapeutes dans le champ des m\u00e9decines douces, alternatives et pour les faire conna\u00eetre au grand public. En parall\u00e8le, elles ont \u00e9galement organis\u00e9 l\u2019ann\u00e9e derni\u00e8re leur premier Salon du bien-\u00eatre , \u00e0 Firminy. La deuxi\u00e8me \u00e9dition aura lieu le week-end prochain, les 7 et 8\u00a0juin, \u00e0 la Bourse du travail.<\/p>\n<p>Si le recours \u00e0 ces m\u00e9decines dites alternatives a tendance \u00e0 se d\u00e9velopper, on n\u2019en oublie pas moins qu\u2019elles ont leurs d\u00e9tracteurs. \u00ab\u00a0En France, on est \u00e0 la tra\u00eene, sur \u00e7a comme sur plein d\u2019autres choses, on n\u2019est peut-\u00eatre pas aussi ouverts que dans d\u2019autres pays\u00a0\u00bb, r\u00e9agit Estelle Besset, sp\u00e9cialis\u00e9e dans les massages qui rajoute d\u2019embl\u00e9e, \u00ab\u00a0on n\u2019est pas m\u00e9decin, on propose simplement un accompagnement pour am\u00e9liorer le quotidien\u00a0\u00bb. Ce qui peut concerner aussi bien des troubles du sommeil, que des questionnements sur son alimentation ou encore des inconforts dans la vie de tous les jours\u2026<\/p>\n<p>  Une sexoth\u00e9rapeute au salon\u00a0: \u00ab\u00a0La sexualit\u00e9, \u00e7a fait partie du bien-\u00eatre global\u00a0\u00bb<\/p>\n<p>Sur les vingt-deux exposants pr\u00e9sents, \u00ab\u00a0tous sont form\u00e9s et\/ou dipl\u00f4m\u00e9s, ont des comp\u00e9tences reconnues\u00a0\u00bb, pr\u00e9cise Estelle qui admet \u00ab\u00a0qu\u2019il y a aussi des charlatans\u00a0\u00bb.<\/p>\n<p>Il y aura, par ailleurs, une sexoth\u00e9rapeute, en la personne d\u2019Eva Martins qui aura termin\u00e9 sa formation d\u2019ici peu et qui souhaite ouvrir un cabinet \u00e0 Firminy. \u00ab\u00a0La sexualit\u00e9, ce n\u2019est pas tabou, c\u2019est humain, \u00e7a fait partie du bien-\u00eatre global d\u2019une personne, c\u2019est reconnu par l\u2019Organisation mondiale de la Sant\u00e9, explique Eva. Il peut y avoir beaucoup de tensions au sein des couples, \u00e7a peut \u00eatre d\u00fb \u00e0 un manque de communication. Il faut savoir s\u2019\u00e9couter, \u00e9couter son corps, exprimer ses envies, conna\u00eetre ses limites,\u00a0etc.\u00a0\u00bb<\/p>\n<p>Eva, qui anime <a href=\"https:\/\/www.leprogres.fr\/societe\/2022\/08\/11\/sex-toys-a-domicile-de-quoi-faire-palir-de-jalousie-nos-partenaires\" target=\"_blank\" rel=\"nofollow noopener\">des r\u00e9unions sex-toys<\/a> sur tout le d\u00e9partement, s\u2019est justement rendu compte, durant ces soir\u00e9es plut\u00f4t festives, des nombreuses probl\u00e9matiques qui pouvaient exister autour de la sexualit\u00e9. Des tabous qui persistent, des r\u00e9ticences. \u00ab\u00a0Parler de soi et \u00e9voquer son intimit\u00e9, ce n\u2019est pas si simple m\u00eame si les gens sont un peu plus ouverts qu\u2019avant. Il faut instaurer de la confiance, cr\u00e9er un lien.\u00a0\u00bb<\/p>\n","protected":false},"excerpt":{"rendered":"Si l\u2019on en croit les diff\u00e9rentes d\u00e9finitions du terme bien-\u00eatre, celui-ci fait r\u00e9f\u00e9rence \u00e0 un \u00e9tat agr\u00e9able procur\u00e9&hellip;\n","protected":false},"author":2,"featured_media":153799,"comment_status":"","ping_status":"","sticky":false,"template":"","format":"standard","meta":{"footnotes":""},"categories":[9653],"tags":[1111,11,2430,7539,1777,674,10282,10283,1011,27,12,25,4001,104],"class_list":{"0":"post-153798","1":"post","2":"type-post","3":"status-publish","4":"format-standard","5":"has-post-thumbnail","7":"category-saint-etienne","8":"tag-actu","9":"tag-actualites","10":"tag-auvergne-rhone-alpes","11":"tag-edition-loire-sud","12":"tag-eu","13":"tag-europe","14":"tag-firminy","15":"tag-firminy-ville","16":"tag-fr","17":"tag-france","18":"tag-news","19":"tag-republique-francaise","20":"tag-saint-etienne","21":"tag-societe"},"share_on_mastodon":{"url":"https:\/\/pubeurope.com\/@fr\/114630478071141212","error":""},"_links":{"self":[{"href":"https:\/\/www.europesays.com\/fr\/wp-json\/wp\/v2\/posts\/153798","targetHints":{"allow":["GET"]}}],"collection":[{"href":"https:\/\/www.europesays.com\/fr\/wp-json\/wp\/v2\/posts"}],"about":[{"href":"https:\/\/www.europesays.com\/fr\/wp-json\/wp\/v2\/types\/post"}],"author":[{"embeddable":true,"href":"https:\/\/www.europesays.com\/fr\/wp-json\/wp\/v2\/users\/2"}],"replies":[{"embeddable":true,"href":"https:\/\/www.europesays.com\/fr\/wp-json\/wp\/v2\/comments?post=153798"}],"version-history":[{"count":0,"href":"https:\/\/www.europesays.com\/fr\/wp-json\/wp\/v2\/posts\/153798\/revisions"}],"wp:featuredmedia":[{"embeddable":true,"href":"https:\/\/www.europesays.com\/fr\/wp-json\/wp\/v2\/media\/153799"}],"wp:attachment":[{"href":"https:\/\/www.europesays.com\/fr\/wp-json\/wp\/v2\/media?parent=153798"}],"wp:term":[{"taxonomy":"category","embeddable":true,"href":"https:\/\/www.europesays.com\/fr\/wp-json\/wp\/v2\/categories?post=153798"},{"taxonomy":"post_tag","embeddable":true,"href":"https:\/\/www.europesays.com\/fr\/wp-json\/wp\/v2\/tags?post=153798"}],"curies":[{"name":"wp","href":"https:\/\/api.w.org\/{rel}","templated":true}]}}