{"id":153800,"date":"2025-06-05T11:17:11","date_gmt":"2025-06-05T11:17:11","guid":{"rendered":"https:\/\/www.europesays.com\/fr\/153800\/"},"modified":"2025-06-05T11:17:11","modified_gmt":"2025-06-05T11:17:11","slug":"saint-etienne-de-cuines-alixe-rochette-cinquieme-generation-de-musiciens-et-cheffe-a-15-ans","status":"publish","type":"post","link":"https:\/\/www.europesays.com\/fr\/153800\/","title":{"rendered":"Saint-\u00c9tienne-de-Cuines. Alixe Rochette, cinqui\u00e8me g\u00e9n\u00e9ration de musiciens et cheffe \u00e0 15 ans"},"content":{"rendered":"<p>Corneille fait dire \u00e0 Rodrigue \u201cJe suis jeune, il est vrai, mais aux \u00e2mes bien n\u00e9es, la valeur n\u2019attend point le nombre des ann\u00e9es\u201d\u00a0: l\u2019auteur du Cid ne connaissait pas Alixe Rochette qui, du haut de ses 15 ans, se voit confier le poste de cheffe de musique de l\u2019\u00c9cho du Bugeon.<\/p>\n<p>Un destin hors normes pour la native de Saint-\u00c9tienne-de-Cuines, sur les traces d\u2019une grande famille de musiciens. Ernest Rochette, son trisa\u00efeul, \u00e9tait chef de musique de l\u2019\u00c9cho de la Ruche, cr\u00e9\u00e9 en 1899 par <a href=\"https:\/\/www.ledauphine.com\/savoie\/2015\/11\/13\/l-hommage-de-la-commune-a-emmanuel-bozon-verduraz\" target=\"_blank\" rel=\"noopener\">Emmanuel Bozon-Verduraz<\/a>, le fabricant des p\u00e2tes alimentaires <a href=\"https:\/\/www.ledauphine.com\/savoie\/2016\/05\/17\/pasta-et-aromi-relance-la-marque-la-lune\" target=\"_blank\" rel=\"noopener\">\u201cLa Ruche\u201d, puis \u201cLa Lune\u201d<\/a>, un mod\u00e8le de cr\u00e9ation et de d\u00e9veloppement.<\/p>\n<p>Outre ses actions commerciales et sociales, la famille Bozon-Verduraz est influente culturellement. La fanfare fond\u00e9e par Emmanuel gagnera de nombreux prix, et animera les f\u00eates de la commune et autres villages voisins. Elle a compt\u00e9 jusqu\u2019\u00e0 une cinquantaine de musiciens de tous \u00e2ges, dirig\u00e9s par Delphin Boffa, Victor Col, Bastien Oreste, Anatole Apouchkine, et donc Ernest Rochette, l\u2019arri\u00e8re-arri\u00e8re-grand-p\u00e8re de celle qui a grandi au sein d\u2019une famille de musiciens.<\/p>\n<p>  Du violon d\u2019Ernest \u00e0 la trompette de son p\u00e8re, et \u00e0 la sienne<\/p>\n<p>\u00ab\u00a0Ernest jouait du violon, mon arri\u00e8re-grand-p\u00e8re de la trompette, mon grand-p\u00e8re de l\u2019euphonium. Mon p\u00e8re joue de la trompette, et il y a moi, \u00e9galement trompettiste\u00a0\u00bb, raconte Alixe, plong\u00e9e dans la musique depuis son plus jeune \u00e2ge. Elle a commenc\u00e9 alors qu\u2019elle \u00e9tait en CM1, \u00e0 l\u2019\u00e2ge de 9 ans, \u00e0 l\u2019\u00e9cole de musique de La Chambre. Un an tout en parcours de d\u00e9couvertes. Arriv\u00e9e en 6e , elle a int\u00e9gr\u00e9 la chorale et la classe artistique du coll\u00e8ge, puis de la 5e\u00a0 \u00e0 la 3e\u00a0 la Cham (classe a horaire am\u00e9nag\u00e9 de musique), en plus de la chorale.<\/p>\n<p>\u00ab\u00a0Gr\u00e2ce \u00e0 ces options, j\u2019ai pu toucher \u00e0 tout\u00a0!\u00a0\u00bb se f\u00e9licite-t-elle, \u00ab\u00a0j\u2019ai aussi obtenu mon premier cycle [NDLR, approximativement, ce qui correspond \u00e0 l\u2019\u00e9l\u00e9mentaire dans l\u2019enseignement g\u00e9n\u00e9ral], et pu int\u00e9grer diff\u00e9rents groupes et orchestres comme l\u2019ensemble \u201cvent\u201d, le brassband ou encore Zic-zac\u00a0\u00bb. Elle a rejoint l\u2019\u00c9cho du Bugeon il y a deux ans.<\/p>\n<p>Cheffe de musique \u00e0 15 ans\u00a0? \u00ab\u00a0Je ressens cette place comme une fiert\u00e9, un honneur d\u2019avoir ce r\u00f4le entre les mains, \u00e0 mon \u00e2ge. Le d\u00e9but \u00e9tait assez stressant mais je me sens beaucoup plus \u00e0 l\u2019aise maintenant. Ce r\u00f4le me permet de d\u00e9couvrir de nouvelles choses, de prendre confiance en moi. Je n\u2019ai pas de formation mais j\u2019envisagerai de faire un stage pour approfondir mon exp\u00e9rience\u00a0\u00bb.<\/p>\n<p>Alixe Rochette n\u2019a pas vraiment de ma\u00eetres qui ont influenc\u00e9 sa passion depuis ses d\u00e9buts musicaux, sauf s\u00fbrement ses a\u00efeux et ses proches, indissociables d\u2019une partition \u00e9crite pour elle.<\/p>\n<p class=\"insetTitle\">Elle est aussi maire jeune de sa commune<\/p>\n<p>En classe de seconde Esabac (sp\u00e9cialit\u00e9 italien) au lyc\u00e9e Paul-H\u00e9roult a Saint-Jean-de-Maurienne, Alixe Rochette a tout de m\u00eame une vie principalement musicale, du mardi au samedi.<\/p>\n<p>Maire du conseil municipal des jeunes de Saint-\u00c9tienne-de-Cuines, elle m\u00e8ne avec son \u00e9quipe, de nombreux projets pour la commune. Pour convaincre un jeune de pratiquer la musique, elle lui dirait \u00ab\u00a0c\u2019est un moyen tr\u00e8s simple de faire de nouvelles rencontres de tous \u00e2ges. La musique est un langage mondial, un tr\u00e8s bon moyen de s\u2019exprimer et surtout le meilleur antistress possible. Elle permet aussi d\u2019avoir un passe-temps et une passion, de travailler sa m\u00e9moire, sa patience, sa pers\u00e9v\u00e9rance ou sa coordination\u00a0\u00bb.<\/p>\n<p>Pour elle, \u00ab\u00a0on peut aussi cr\u00e9er son propre style, se d\u00e9marquer des autres, se fixer plusieurs objectifs et prendre confiance en soi. Il y a toujours quelque chose d\u2019int\u00e9ressant \u00e0 la musique. C\u2019est aussi une mani\u00e8re d\u2019approfondir sa culture g\u00e9n\u00e9rale.\u00a0\u00bb<\/p>\n","protected":false},"excerpt":{"rendered":"Corneille fait dire \u00e0 Rodrigue \u201cJe suis jeune, il est vrai, mais aux \u00e2mes bien n\u00e9es, la valeur&hellip;\n","protected":false},"author":2,"featured_media":153801,"comment_status":"","ping_status":"","sticky":false,"template":"","format":"standard","meta":{"footnotes":""},"categories":[9653],"tags":[1111,11,2430,1687,7003,1777,674,1011,27,1757,28020,873,12,25,4001,28366,5508],"class_list":{"0":"post-153800","1":"post","2":"type-post","3":"status-publish","4":"format-standard","5":"has-post-thumbnail","7":"category-saint-etienne","8":"tag-actu","9":"tag-actualites","10":"tag-auvergne-rhone-alpes","11":"tag-culture-loisirs","12":"tag-edition-tarentaise-maurienne","13":"tag-eu","14":"tag-europe","15":"tag-fr","16":"tag-france","17":"tag-insolite","18":"tag-maurienne","19":"tag-musique","20":"tag-news","21":"tag-republique-francaise","22":"tag-saint-etienne","23":"tag-saint-etienne-de-cuines","24":"tag-savoie"},"share_on_mastodon":{"url":"https:\/\/pubeurope.com\/@fr\/114630481980713648","error":""},"_links":{"self":[{"href":"https:\/\/www.europesays.com\/fr\/wp-json\/wp\/v2\/posts\/153800","targetHints":{"allow":["GET"]}}],"collection":[{"href":"https:\/\/www.europesays.com\/fr\/wp-json\/wp\/v2\/posts"}],"about":[{"href":"https:\/\/www.europesays.com\/fr\/wp-json\/wp\/v2\/types\/post"}],"author":[{"embeddable":true,"href":"https:\/\/www.europesays.com\/fr\/wp-json\/wp\/v2\/users\/2"}],"replies":[{"embeddable":true,"href":"https:\/\/www.europesays.com\/fr\/wp-json\/wp\/v2\/comments?post=153800"}],"version-history":[{"count":0,"href":"https:\/\/www.europesays.com\/fr\/wp-json\/wp\/v2\/posts\/153800\/revisions"}],"wp:featuredmedia":[{"embeddable":true,"href":"https:\/\/www.europesays.com\/fr\/wp-json\/wp\/v2\/media\/153801"}],"wp:attachment":[{"href":"https:\/\/www.europesays.com\/fr\/wp-json\/wp\/v2\/media?parent=153800"}],"wp:term":[{"taxonomy":"category","embeddable":true,"href":"https:\/\/www.europesays.com\/fr\/wp-json\/wp\/v2\/categories?post=153800"},{"taxonomy":"post_tag","embeddable":true,"href":"https:\/\/www.europesays.com\/fr\/wp-json\/wp\/v2\/tags?post=153800"}],"curies":[{"name":"wp","href":"https:\/\/api.w.org\/{rel}","templated":true}]}}