{"id":153805,"date":"2025-06-05T11:20:08","date_gmt":"2025-06-05T11:20:08","guid":{"rendered":"https:\/\/www.europesays.com\/fr\/153805\/"},"modified":"2025-06-05T11:20:08","modified_gmt":"2025-06-05T11:20:08","slug":"pour-profiter-de-la-mer-en-toute-securite-2","status":"publish","type":"post","link":"https:\/\/www.europesays.com\/fr\/153805\/","title":{"rendered":"Pour profiter de la mer en toute s\u00e9curit\u00e9"},"content":{"rendered":"\n<p>\u00c7a y est, tout est pr\u00eat pour accueillir en s\u00e9curit\u00e9 estivants et Toulonnais sur les plages du port du Levant, qui sont \u00e9quip\u00e9es et accessibles \u00e0 tous, y compris aux personnes \u00e0 mobilit\u00e9 r\u00e9duite (PMR) gr\u00e2ce \u00e0 des fauteuils adapt\u00e9s.<\/p>\n<p>C\u2019est au poste principal de secours de la plage du Mourillon que le dispositif de surveillance des baignades a \u00e9t\u00e9 rappel\u00e9 mercredi matin. Celle-ci est assur\u00e9e sept jours sur sept via les 6\u00a0postes de secours arm\u00e9s par 143\u00a0sapeurs-pompiers et 25\u00a0saisonniers. Ils disposent pour assurer leurs missions sur les anses de Pipady, la Mitre, du Mourillon et de M\u00e9jan, de tous les moyens nautiques pour intervenir au plus vite, tels qu\u2019un jet-ski, des embarcations semi-rigides et une vedette.<\/p>\n<p>L\u2019occasion d\u2019ailleurs pour les sapeurs-pompiers de d\u00e9livrer une nouvelle fois les messages de pr\u00e9vention en rappelant que lors de la saison estivale 2024, 2\u00a0000\u00a0interventions ont \u00e9t\u00e9 comptabilis\u00e9s. Heureusement pas toutes au m\u00eame niveau de gravit\u00e9, puisque cela allait de la simple piq\u00fbre de m\u00e9duse ou d\u2019oursins jusqu\u2019au malaise et \u00e0 la noyade. Les quatre d\u00e9c\u00e8s survenus l\u2019ann\u00e9e pass\u00e9e sur les plages toulonnaises sont d\u2019ailleurs survenus hors p\u00e9riode de surveillance, qui s\u2019op\u00e8re de 10h \u00e0 19h, g\u00e9n\u00e9ralement avant l\u2019ouverture matinale des postes, explique le lieutenant Lucas Mulet.<\/p>\n<p>\u00ab\u00a0Les plages sont s\u00e9curis\u00e9es pour cet \u00e9t\u00e9, pr\u00eates encore \u00e0 accueillir beaucoup de monde en juillet et en ao\u00fbt dans les meilleures conditions. Nous allons y veiller\u00a0\u00bb, a soulign\u00e9 la maire (SE) de Toulon, Jos\u00e9e Massi.<\/p>\n<p>\u00c0 noter \u00e9galement que la qualit\u00e9 des eaux est tout aussi strictement surveill\u00e9e par diff\u00e9rents contr\u00f4les men\u00e9s quotidiennement tout au long de l\u2019\u00e9t\u00e9, a-t-il \u00e9t\u00e9 pr\u00e9cis\u00e9.<\/p>\n<p>Diff\u00e9rentes actions de sensibilisation vont \u00eatre \u00e9galement organis\u00e9es pendant cette p\u00e9riode de grosse affluence, pour informer un public le plus large possible sur la protection du milieu marin et sur le respect de l\u2019environnement. Histoire de prendre soin de soi et des siens, mais aussi de la plan\u00e8te tout en profitant de vacances bien m\u00e9rit\u00e9es.<\/p>\n","protected":false},"excerpt":{"rendered":"\u00c7a y est, tout est pr\u00eat pour accueillir en s\u00e9curit\u00e9 estivants et Toulonnais sur les plages du port&hellip;\n","protected":false},"author":2,"featured_media":153560,"comment_status":"","ping_status":"","sticky":false,"template":"","format":"standard","meta":{"footnotes":""},"categories":[9619],"tags":[1111,11,1777,674,1011,27,12,882,25,9673,2310],"class_list":{"0":"post-153805","1":"post","2":"type-post","3":"status-publish","4":"format-standard","5":"has-post-thumbnail","7":"category-toulon","8":"tag-actu","9":"tag-actualites","10":"tag-eu","11":"tag-europe","12":"tag-fr","13":"tag-france","14":"tag-news","15":"tag-provence-alpes-cote-dazur","16":"tag-republique-francaise","17":"tag-surveillance","18":"tag-toulon"},"share_on_mastodon":{"url":"https:\/\/pubeurope.com\/@fr\/114630493659763017","error":""},"_links":{"self":[{"href":"https:\/\/www.europesays.com\/fr\/wp-json\/wp\/v2\/posts\/153805","targetHints":{"allow":["GET"]}}],"collection":[{"href":"https:\/\/www.europesays.com\/fr\/wp-json\/wp\/v2\/posts"}],"about":[{"href":"https:\/\/www.europesays.com\/fr\/wp-json\/wp\/v2\/types\/post"}],"author":[{"embeddable":true,"href":"https:\/\/www.europesays.com\/fr\/wp-json\/wp\/v2\/users\/2"}],"replies":[{"embeddable":true,"href":"https:\/\/www.europesays.com\/fr\/wp-json\/wp\/v2\/comments?post=153805"}],"version-history":[{"count":0,"href":"https:\/\/www.europesays.com\/fr\/wp-json\/wp\/v2\/posts\/153805\/revisions"}],"wp:featuredmedia":[{"embeddable":true,"href":"https:\/\/www.europesays.com\/fr\/wp-json\/wp\/v2\/media\/153560"}],"wp:attachment":[{"href":"https:\/\/www.europesays.com\/fr\/wp-json\/wp\/v2\/media?parent=153805"}],"wp:term":[{"taxonomy":"category","embeddable":true,"href":"https:\/\/www.europesays.com\/fr\/wp-json\/wp\/v2\/categories?post=153805"},{"taxonomy":"post_tag","embeddable":true,"href":"https:\/\/www.europesays.com\/fr\/wp-json\/wp\/v2\/tags?post=153805"}],"curies":[{"name":"wp","href":"https:\/\/api.w.org\/{rel}","templated":true}]}}