{"id":153813,"date":"2025-06-05T11:25:10","date_gmt":"2025-06-05T11:25:10","guid":{"rendered":"https:\/\/www.europesays.com\/fr\/153813\/"},"modified":"2025-06-05T11:25:10","modified_gmt":"2025-06-05T11:25:10","slug":"nationale-apres-lelimination-contre-chambery-du-changement-dans-le-staff-de-rouen-aux-cotes-de-yannick-nyanga","status":"publish","type":"post","link":"https:\/\/www.europesays.com\/fr\/153813\/","title":{"rendered":"Nationale. Apr\u00e8s l&rsquo;\u00e9limination contre Chamb\u00e9ry, du changement dans le staff de Rouen aux c\u00f4t\u00e9s de Yannick Nyanga"},"content":{"rendered":"<p>Seulement 5e de la derni\u00e8re saison r\u00e9guli\u00e8re de Nationale, <a href=\"https:\/\/www.ledauphine.com\/sport\/2025\/05\/10\/chambery-pour-une-place-en-finale-face-a-rouen-suivez-la-rencontre#:~:text=Chamb%C3%A9ry%20a%20domin%C3%A9%20Rouen%2039,offrir%20la%20finale%20de%20Nationale.\" target=\"_blank\" rel=\"nofollow noopener\">et \u00e9limin\u00e9 en demi-finale par Chamb\u00e9ry,<\/a> Rouen a d\u00e9cid\u00e9 de proc\u00e9d\u00e9 \u00e0 des changements au sein de son staff.<\/p>\n<p>Le manager J\u00e9r\u00f4me Dunay est ainsi remplac\u00e9 par Romain Sola, qui \u00e9tait jusqu&rsquo;ici en charge des trois-quarts normands. Il \u00a0\u00bbapportera toute son expertise et sa vision du jeu pour dynamiser notre ligne de trois-quarts\u00a0\u00bb, explique le club dans son communiqu\u00e9.<\/p>\n<p>Nyanga monte en grade<\/p>\n<p>Il sera associ\u00e9 \u00e0 l&rsquo;ancien international Yannick Nyanga. Arriv\u00e9 en f\u00e9vrier pour s&rsquo;occuper de la d\u00e9fense, il prend \u00e9galement du galon puisqu&rsquo;il s&rsquo;occupera aussi des avants. Il \u00a0\u00bbmettra son exp\u00e9rience du haut niveau au service du collectif et de la rigueur d\u00e9fensive\u00a0\u00bb.<\/p>\n<p>Le duo Sola &#8211; Nyanga s&rsquo;est engag\u00e9 pour deux saisons avec <a href=\"https:\/\/www.ledauphine.com\/sport\/classement\/rugby\/national-nationale\" target=\"_blank\" rel=\"nofollow noopener\">Rouen, rel\u00e9gu\u00e9 en Nationale<\/a> \u00e0 l&rsquo;issue de la saison 2023-2024.<\/p>\n","protected":false},"excerpt":{"rendered":"Seulement 5e de la derni\u00e8re saison r\u00e9guli\u00e8re de Nationale, et \u00e9limin\u00e9 en demi-finale par Chamb\u00e9ry, Rouen a d\u00e9cid\u00e9&hellip;\n","protected":false},"author":2,"featured_media":153814,"comment_status":"","ping_status":"","sticky":false,"template":"","format":"standard","meta":{"footnotes":""},"categories":[9587],"tags":[1111,11,1777,674,1701,1011,27,12,5161,25,9590,479,517,1947],"class_list":{"0":"post-153813","1":"post","2":"type-post","3":"status-publish","4":"format-standard","5":"has-post-thumbnail","7":"category-rouen","8":"tag-actu","9":"tag-actualites","10":"tag-eu","11":"tag-europe","12":"tag-fil-info-sport","13":"tag-fr","14":"tag-france","15":"tag-news","16":"tag-normandie","17":"tag-republique-francaise","18":"tag-rouen","19":"tag-rugby","20":"tag-sport","21":"tag-sport-national"},"share_on_mastodon":{"url":"https:\/\/pubeurope.com\/@fr\/114630513313858250","error":""},"_links":{"self":[{"href":"https:\/\/www.europesays.com\/fr\/wp-json\/wp\/v2\/posts\/153813","targetHints":{"allow":["GET"]}}],"collection":[{"href":"https:\/\/www.europesays.com\/fr\/wp-json\/wp\/v2\/posts"}],"about":[{"href":"https:\/\/www.europesays.com\/fr\/wp-json\/wp\/v2\/types\/post"}],"author":[{"embeddable":true,"href":"https:\/\/www.europesays.com\/fr\/wp-json\/wp\/v2\/users\/2"}],"replies":[{"embeddable":true,"href":"https:\/\/www.europesays.com\/fr\/wp-json\/wp\/v2\/comments?post=153813"}],"version-history":[{"count":0,"href":"https:\/\/www.europesays.com\/fr\/wp-json\/wp\/v2\/posts\/153813\/revisions"}],"wp:featuredmedia":[{"embeddable":true,"href":"https:\/\/www.europesays.com\/fr\/wp-json\/wp\/v2\/media\/153814"}],"wp:attachment":[{"href":"https:\/\/www.europesays.com\/fr\/wp-json\/wp\/v2\/media?parent=153813"}],"wp:term":[{"taxonomy":"category","embeddable":true,"href":"https:\/\/www.europesays.com\/fr\/wp-json\/wp\/v2\/categories?post=153813"},{"taxonomy":"post_tag","embeddable":true,"href":"https:\/\/www.europesays.com\/fr\/wp-json\/wp\/v2\/tags?post=153813"}],"curies":[{"name":"wp","href":"https:\/\/api.w.org\/{rel}","templated":true}]}}