{"id":153815,"date":"2025-06-05T11:28:16","date_gmt":"2025-06-05T11:28:16","guid":{"rendered":"https:\/\/www.europesays.com\/fr\/153815\/"},"modified":"2025-06-05T11:28:16","modified_gmt":"2025-06-05T11:28:16","slug":"grenoble-veut-conjurer-le-mauvais-sort","status":"publish","type":"post","link":"https:\/\/www.europesays.com\/fr\/153815\/","title":{"rendered":"Grenoble veut conjurer le mauvais sort"},"content":{"rendered":"<p>Jamais deux sans trois ou la troisi\u00e8me c\u2019est la bonne\u00a0? Quel adage s\u2019appliquera aux Grenoblois ce samedi apr\u00e8s-midi sur les coups de 19h30\u00a0? <strong>Les Is\u00e9rois penchent forc\u00e9ment pour le deuxi\u00e8me<\/strong>.<\/p>\n<p>Il faut dire que la bande \u00e0 Sam Davies n\u2019est pas vernie. Voil\u00e0 d\u00e9j\u00e0 deux saisons que <strong>le FCG se casse les dents en finale de <a href=\"https:\/\/www.xvovalie.com\/pro-d2\/\" target=\"_blank\" rel=\"noopener\">Pro D2<\/a><\/strong> \u00e0 chaque fois \u00e0 Ernest-Wallon, th\u00e9\u00e2tre de l\u2019\u00e9pilogue de la deuxi\u00e8me division fran\u00e7aise. Cela tombe bien (ou non), l\u2019\u00e9crin toulousain est encore le lieu choisi pour accueillir cette finale 2024-2025. En 2023 donc, <strong><a href=\"https:\/\/www.xvovalie.com\/tag\/fcg\/\" target=\"_blank\" rel=\"noopener\">Grenoble<\/a> tombait contre l\u2019ogre <a data-ilj-link-preview=\"true\" data-excerpt=\"L&#039;Union Sportive Oyonnax Rugby, fond\u00e9e en 1909, est un club de rugby qui \u00e9volue Top 14.&#013;&#010;Staff et pr\u00e9sidence :&#013;&#010;&#013;&#010; &#009;Pr\u00e9sident : Dougal Bendjaballah&#013;&#010; &#009;Entra\u00eeneur : Joe El Abd&#013;&#010; &#009;Vincent Debaty (m\u00eal\u00e9e)&#013;&#010; &#009;Dewald Senekal (touche)&#013;&#010; &#009;Fabien Cibray (attaque)&#013;&#010;&#013;&#010;Palmar\u00e8s d&#039;Oyonnax :&#013;&#010;&#013;&#010;&#013;&#010;&#013;&#010;Comp\u00e9tition&#013;&#010;Titre \/ Distinction&#013;&#010;Ann\u00e9es&#013;&#010;&#013;&#010;&#013;&#010;Championnat de France de Pro D2&#013;&#010;Champion&#013;&#010;2013, 2017, 2023&#013;&#010;&#013;&#010;&#013;&#010;Vice-champion&#013;&#010;1967&#013;&#010;&#013;&#010;&#013;&#010;Championnat de France de F\u00e9d\u00e9rale 1&#013;&#010;Champion&#013;&#010;2001&#013;&#010;&#013;&#010;&#013;&#010;Vice-champion&#013;&#010;2003&#013;&#010;&#013;&#010;&#013;&#010;Championnat de France groupe B&#013;&#010;Vice-champion&#013;&#010;1992\" href=\"https:\/\/www.xvovalie.com\/oyonnax\/\" target=\"_blank\" rel=\"noopener\">oyonnaxien<\/a><\/strong>. L\u2019an dernier, le FCG chutait face \u00e0 Vannes. Dans la foul\u00e9e, les pensionnaires du Stade des Alpes \u00e9chouaient \u00e9galement en barrage d\u2019accession (<a data-ilj-link-preview=\"true\" data-excerpt=\"L&#039;USAP, ou Union Sportive des Arlequins Perpignanais, est un club de rugby fond\u00e9 en 1902 qui \u00e9volue en Top 14.&#013;&#010;Staff et pr\u00e9sidence :&#013;&#010;&#013;&#010; &#009;Pr\u00e9sident : Fran\u00e7ois Rivi\u00e8re&#013;&#010; &#009;Entra\u00eeneur : Franck Az\u00e9ma&#013;&#010; &#009;David Marty (entra\u00eeneur en chef)&#013;&#010; &#009;Perry Freshwater (avants)&#013;&#010; &#009;G\u00e9rald Bastide (d\u00e9fense)&#013;&#010;&#013;&#010;Palmar\u00e8s de l&#039;USAP&#013;&#010;&#013;&#010;&#013;&#010;&#013;&#010;Comp\u00e9tition&#013;&#010;Titres&#013;&#010;Ann\u00e9es des Victoires&#013;&#010;&#013;&#010;&#013;&#010;Championnat de France&#013;&#010;4 fois champion&#013;&#010;1938, 1944, 1955, 2009&#013;&#010;&#013;&#010;&#013;&#010;Championnat de France de Pro D2&#013;&#010;2 fois champion&#013;&#010;2018, 2021&#013;&#010;&#013;&#010;&#013;&#010;Challenge Yves du Manoir&#013;&#010;3 fois vainqueur&#013;&#010;Ann\u00e9es non sp\u00e9cifi\u00e9es&#013;&#010;&#013;&#010;&#013;&#010;Coupe d&#039;Europe&#013;&#010;Vice-champion&#013;&#010;2003\" href=\"https:\/\/www.xvovalie.com\/perpignan\/\" target=\"_blank\" rel=\"noopener\">Perpignan<\/a> et <a data-ilj-link-preview=\"true\" data-excerpt=\"Le Montpellier H\u00e9rault Rugby, ou MHR, \u00e9volue en Top 14 depuis 2003.&#013;&#010;Staff et pr\u00e9sidence :&#013;&#010;&#013;&#010; &#009;Pr\u00e9sident : Mohed Altrad&#013;&#010; &#009;Entra\u00eeneur : Patrice Collazo&#013;&#010;&#013;&#010;Palmar\u00e8s du MHR :&#013;&#010;&#013;&#010;&#013;&#010;&#013;&#010;Comp\u00e9tition&#013;&#010;Titres&#013;&#010;Saisons&#013;&#010;&#013;&#010;&#013;&#010;Championnat de France (Top 14)&#013;&#010;1&#013;&#010;2021-2022&#013;&#010;&#013;&#010;&#013;&#010;Finaliste&#013;&#010;2&#013;&#010;2010-2011, 2017-2018&#013;&#010;&#013;&#010;&#013;&#010;Championnat de France de 2e division&#013;&#010;1&#013;&#010;2002-2003&#013;&#010;&#013;&#010;&#013;&#010;Challenge Yves du Manoir&#013;&#010;Finaliste&#013;&#010;1&#013;&#010;2010&#013;&#010;&#013;&#010;&#013;&#010;Coupe de France&#013;&#010;Finaliste&#013;&#010;1&#013;&#010;2011&#013;&#010;&#013;&#010;&#013;&#010;Bouclier europ\u00e9en&#013;&#010;1&#013;&#010;2003-2004&#013;&#010;&#013;&#010;&#013;&#010;Challenge europ\u00e9en&#013;&#010;2&#013;&#010;2015-2016, 2020-2021&#013;&#010;&#013;&#010;&#013;&#010;Finaliste&#013;&#010;1&#013;&#010;2010-2011&#013;&#010;&#013;&#010;&#013;&#010;Coupe d&#039;Europe&#013;&#010;Meilleure performance&#013;&#010;Demi-finaliste&#013;&#010;2022-2023\" href=\"https:\/\/www.xvovalie.com\/montpellier\/\" target=\"_blank\" rel=\"noopener\">Montpellier<\/a>) et <strong>laissaient leurs r\u00eaves de Top 14 s\u2019envoler<\/strong>.<\/p>\n<p>Favori face \u00e0 l\u2019invit\u00e9 surprise<\/p>\n<p>Alors cette ann\u00e9e, pas question de vivre le cauchemar des ann\u00e9es pr\u00e9c\u00e9dentes\u00a0: \u00ab\u00a0Nous sommes all\u00e9s deux fois en finale, on l\u2019a perdu deux fois, je n\u2019ai aucun souvenir, c\u2019est nul\u00a0\u00bb, d\u00e9clarait le talonneur grenoblois Mathis Sarragallet \u00e0 l\u2019issue de la victoire en demie contre Provence (38-17). Celui qui rejoindra le <a data-ilj-link-preview=\"true\" data-excerpt=\"Le club de rugby de Lyon \u00e9volue actuellement en Top 14.&#013;&#010;Staff et pr\u00e9sidence :&#013;&#010;&#013;&#010; &#009;Pr\u00e9sident : Yann Roubert&#013;&#010; &#009;Entra\u00eeneur : Fabien Gengenbacher&#013;&#010; &#009;Julien Puricelli (avants)&#013;&#010; &#009;Alan-Basson Zondagh (arri\u00e8res)&#013;&#010; &#009;Arnaud H\u00e9guy (m\u00eal\u00e9e)&#013;&#010; &#009;Coenie Basson (d\u00e9fense)&#013;&#010;&#013;&#010;Palmar\u00e8s :&#013;&#010;&#013;&#010;&#013;&#010;&#013;&#010;Comp\u00e9tition&#013;&#010;Titres&#013;&#010;Ann\u00e9es&#013;&#010;&#013;&#010;&#013;&#010;Championnat de France de 1\u00e8re division&#013;&#010;2&#013;&#010;1932, 1933&#013;&#010;&#013;&#010;&#013;&#010;Championnat de France de Pro D2&#013;&#010;3&#013;&#010;2011, 2014, 2016&#013;&#010;&#013;&#010;&#013;&#010;Championnat de France de 2e division&#013;&#010;2&#013;&#010;1989, 1992&#013;&#010;&#013;&#010;&#013;&#010;Challenge Yves du Manoir&#013;&#010;1&#013;&#010;1933&#013;&#010;&#013;&#010;&#013;&#010;Challenge europ\u00e9en&#013;&#010;1&#013;&#010;2022\" href=\"https:\/\/www.xvovalie.com\/lyon\/\" target=\"_blank\" rel=\"noopener\">LOU<\/a> la saison prochaine esp\u00e8re la<strong>isser son club en Top 14 et enfin conjurer le mauvais so<\/strong>rt.<\/p>\n<p>Car cette fois-ci, et c\u2019est une premi\u00e8re, <strong>Grenoble part favori de cette finale<\/strong>. Ce n\u2019\u00e9tait pas le cas les pr\u00e9c\u00e9dentes \u00e9ditions m\u00eame si l\u2019an pass\u00e9 les avis divergeaient. Samedi, malgr\u00e9 un Ernest-Wallon qui sera logiquement acquis \u00e0 la cause des voisins montalbanais, le FCG premier de la saison r\u00e9guli\u00e8re, <strong>est sur le papier sup\u00e9rieur \u00e0 des Tarnais-et-Garonnais sixi\u00e8mes<\/strong> \u00e0 l\u2019issue de la phase r\u00e9guli\u00e8re. Forc\u00e9ment, la donne est diff\u00e9rente. Il faudra assumer ce costume de favori.<\/p>\n<p>Montauban peut-il r\u00e9aliser un troisi\u00e8me exploit\u00a0?<\/p>\n<p>Surtout que les prot\u00e9g\u00e9s de Nicolas Nadau <strong>comptent un match de moins<\/strong> que les pensionnaires de <a href=\"https:\/\/www.xvovalie.com\/tag\/montauban\/\" target=\"_blank\" rel=\"noopener\">Sapiac<\/a>. L\u2019USM vient de r\u00e9aliser deux \u00ab\u00a0exploits\u00a0\u00bb, des victoires certes m\u00e9rit\u00e9es mais acquises \u00e0 l\u2019ext\u00e9rieur. L\u2019une \u00e0 <a href=\"https:\/\/www.xvovalie.com\/tag\/colomiers-rugby\/\" target=\"_blank\" rel=\"noopener\">Colomiers<\/a> sur un drop de Fortunel, l\u2019autre \u00e0 <a data-ilj-link-preview=\"true\" data-excerpt=\"Le club de rugby de Brive, \u00e9galement connu sous le nom de CAB (Club Athl\u00e9tique Brive), est bas\u00e9 \u00e0 Brive-la-Gaillarde, dans le d\u00e9partement de la Corr\u00e8ze en France. Fond\u00e9 en 1910, le club est reconnu pour son histoire et sa tradition, avec notamment une victoire en 1997 en Coupe d&#039;Europe des clubs champions.&#013;&#010;&#013;&#010;Le club a \u00e9galement remport\u00e9 le championnat de France de rugby \u00e0 XV \u00e0 deux reprises, en 1949 et en 1998.\" href=\"https:\/\/www.xvovalie.com\/brive\/\" target=\"_blank\" rel=\"noopener\">Brive<\/a>, dans une rencontre ma\u00eetris\u00e9e contre un cador du championnat. Forc\u00e9ment <strong>les Vert et Noir y ont laiss\u00e9 des plumes<\/strong>. Trouveront-ils l\u2019\u00e9nergie n\u00e9cessaire pour r\u00e9aliser une troisi\u00e8me performance de haut niveau contre un adversaire jug\u00e9 plus fort\u00a0?<\/p>\n<p>Nous ne remettons pas en doute les capacit\u00e9s montalbanaises qui ont prouv\u00e9, face \u00e0 Brive, qu\u2019ils \u00e9taient capables de faire tomber n\u2019importe qui. En revanche, <strong>nous doutons de l\u2019\u00e9tat de fra\u00eecheur des troupes<\/strong> malgr\u00e9 l\u2019euphorie et la confiance engendr\u00e9e ces derni\u00e8res semaines. \u00c0 Grenoble d\u2019en profiter. Une d\u00e9faite <strong>serait un terrible coup de massue sur la t\u00eate d\u2019une \u00e9quipe<\/strong> qui ne cache plus ses ambitions de remont\u00e9e. \u00c0 l\u2019inverse des partenaires de J\u00e9r\u00f4me Bosviel, Grenoble a tout \u00e0 perdre.<\/p>\n<p>Cela risque d\u2019\u00eatre chaud samedi (coup d\u2019envoi 17h30). Et on a h\u00e2te d\u2019y \u00eatre.<\/p>\n<p>Biberonn\u00e9 au rugby, tomb\u00e9 malade de ce sport lors de la Coupe du Monde 2003, alors que je savais \u00e0 peine marcher, je suis le seul sudiste ayant reni\u00e9 le Stade Toulousain pour l\u2019autre Stade\u2026 Fran\u00e7ais. Condamn\u00e9 \u00e0 souffrir avec mon club de c\u0153ur, j\u2019esp\u00e8re vous transmettre mon amour pour la balle ovale \u00e0 travers XV Ovalie !<\/p>\n","protected":false},"excerpt":{"rendered":"Jamais deux sans trois ou la troisi\u00e8me c\u2019est la bonne\u00a0? Quel adage s\u2019appliquera aux Grenoblois ce samedi apr\u00e8s-midi&hellip;\n","protected":false},"author":2,"featured_media":106415,"comment_status":"","ping_status":"","sticky":false,"template":"","format":"standard","meta":{"footnotes":""},"categories":[9566],"tags":[1111,11,2430,1777,674,22338,1011,27,2731,19054,12,2308,25],"class_list":{"0":"post-153815","1":"post","2":"type-post","3":"status-publish","4":"format-standard","5":"has-post-thumbnail","7":"category-grenoble","8":"tag-actu","9":"tag-actualites","10":"tag-auvergne-rhone-alpes","11":"tag-eu","12":"tag-europe","13":"tag-fc-grenoble","14":"tag-fr","15":"tag-france","16":"tag-grenoble","17":"tag-montauban","18":"tag-news","19":"tag-pro-d2","20":"tag-republique-francaise"},"share_on_mastodon":{"url":"https:\/\/pubeurope.com\/@fr\/114630525137592125","error":""},"_links":{"self":[{"href":"https:\/\/www.europesays.com\/fr\/wp-json\/wp\/v2\/posts\/153815","targetHints":{"allow":["GET"]}}],"collection":[{"href":"https:\/\/www.europesays.com\/fr\/wp-json\/wp\/v2\/posts"}],"about":[{"href":"https:\/\/www.europesays.com\/fr\/wp-json\/wp\/v2\/types\/post"}],"author":[{"embeddable":true,"href":"https:\/\/www.europesays.com\/fr\/wp-json\/wp\/v2\/users\/2"}],"replies":[{"embeddable":true,"href":"https:\/\/www.europesays.com\/fr\/wp-json\/wp\/v2\/comments?post=153815"}],"version-history":[{"count":0,"href":"https:\/\/www.europesays.com\/fr\/wp-json\/wp\/v2\/posts\/153815\/revisions"}],"wp:featuredmedia":[{"embeddable":true,"href":"https:\/\/www.europesays.com\/fr\/wp-json\/wp\/v2\/media\/106415"}],"wp:attachment":[{"href":"https:\/\/www.europesays.com\/fr\/wp-json\/wp\/v2\/media?parent=153815"}],"wp:term":[{"taxonomy":"category","embeddable":true,"href":"https:\/\/www.europesays.com\/fr\/wp-json\/wp\/v2\/categories?post=153815"},{"taxonomy":"post_tag","embeddable":true,"href":"https:\/\/www.europesays.com\/fr\/wp-json\/wp\/v2\/tags?post=153815"}],"curies":[{"name":"wp","href":"https:\/\/api.w.org\/{rel}","templated":true}]}}