{"id":153820,"date":"2025-06-05T11:32:11","date_gmt":"2025-06-05T11:32:11","guid":{"rendered":"https:\/\/www.europesays.com\/fr\/153820\/"},"modified":"2025-06-05T11:32:11","modified_gmt":"2025-06-05T11:32:11","slug":"strasbourg-la-place-kleber-sera-aux-couleurs-des-jeux-olympiques-et-paralympiques-ce-week-end","status":"publish","type":"post","link":"https:\/\/www.europesays.com\/fr\/153820\/","title":{"rendered":"Strasbourg. La place Kl\u00e9ber sera aux couleurs des Jeux olympiques et paralympiques ce week-end"},"content":{"rendered":"<p>Cet \u00e9v\u00e9nement a pour objectif de faire d\u00e9couvrir au grand public les <a href=\"https:\/\/www.dna.fr\/jeux-olympiques\/2025\/04\/09\/plus-d-epreuves-mixtes-nouvelles-disciplines-en-natation-les-nouveautes-pour-les-jo-2028\" target=\"_blank\" rel=\"noopener\">disciplines olympiques et paralympiques<\/a>, ainsi que les associations sportives du territoire.<\/p>\n<p>Promouvoir la pratique sportive<\/p>\n<p>La Ville de Strasbourg s\u2019engage pour promouvoir la pratique sportive et les valeurs citoyennes port\u00e9es par <a href=\"https:\/\/www.dna.fr\/jeux-olympiques\/jo-ete\" target=\"_blank\" rel=\"noopener\">les Jeux olympiques<\/a>, notamment aupr\u00e8s des jeunes\u00a0: \u00e9quit\u00e9, esprit d\u2019\u00e9quipe, inclusion, respect. Un stand de la Ville de Strasbourg sera pr\u00e9sent pour accueillir le public et l\u2019encourager \u00e0 s\u2019initier \u00e0 une activit\u00e9 physique.<\/p>\n<p>  Au programme\u00a0:<\/p>\n<p> \u25b6 \u2002Animations et ateliers sportifs pour petits et grands\u00a0: tir sportif handi, boccia, handi-escrime et escrime, baseball, rugby, judo, boxe, tennis de table, aviron, gymnastique, hockey\u00a0;<\/p>\n<p> \u25b6 \u2002Initiations aux gestes de premiers secours\u00a0;<\/p>\n<p> \u25b6 \u2002D\u00e9monstrations et initiations sportives\u00a0;<\/p>\n<p> \u25b6 \u2002Et plein d\u2019autres surprises \u00e0 d\u00e9couvrir et tester.<\/p>\n<p>Pour prolonger ce week-end sportif et olympique, on rappelle que <a href=\"https:\/\/www.dna.fr\/culture-loisirs\/2025\/05\/27\/zeus-le-mythique-destrier-des-jo-galope-devant-le-palais-rohan\" target=\"_blank\" rel=\"noopener\">Zeus le cheval m\u00e9tallique<\/a> de la c\u00e9r\u00e9monie d\u2019ouverture des Jeux olympiques de Paris 2024 fait actuellement une halte \u00e0 Strasbourg jusqu\u2019au 8\u00a0juin sur la terrasse du palais des Rohan.<\/p>\n<p class=\"note\">Acc\u00e8s gratuit \u2013 ouvert \u00e0 tous. Avec l\u2019Office des sports de Strasbourg, co-organisateur de l\u2019\u00e9v\u00e8nement\u00a0: ods67.com\/journees-olympiques\u00a0; Tout le programme de l\u2019\u00e9t\u00e9, ainsi que les animations pr\u00e9vues dans le cadre de Strasbourg ville europ\u00e9enne du sport sur le site strasbourg.eu<\/p>\n","protected":false},"excerpt":{"rendered":"Cet \u00e9v\u00e9nement a pour objectif de faire d\u00e9couvrir au grand public les disciplines olympiques et paralympiques, ainsi que&hellip;\n","protected":false},"author":2,"featured_media":153821,"comment_status":"","ping_status":"","sticky":false,"template":"","format":"standard","meta":{"footnotes":""},"categories":[2820],"tags":[1111,11,2880,1777,674,107,1011,27,775,21244,28367,3996,12,25,104,517,640,2879,1631],"class_list":{"0":"post-153820","1":"post","2":"type-post","3":"status-publish","4":"format-standard","5":"has-post-thumbnail","7":"category-strasbourg","8":"tag-actu","9":"tag-actualites","10":"tag-edition-strasbourg","11":"tag-eu","12":"tag-europe","13":"tag-fil-info","14":"tag-fr","15":"tag-france","16":"tag-grand-est","17":"tag-jeux-olympiques-dete","18":"tag-jeux-paralympiques","19":"tag-jeux-olympiques","20":"tag-news","21":"tag-republique-francaise","22":"tag-societe","23":"tag-sport","24":"tag-strasbourg","25":"tag-strasbourg-ville","26":"tag-vie-associative"},"share_on_mastodon":{"url":"https:\/\/pubeurope.com\/@fr\/114630540986752304","error":""},"_links":{"self":[{"href":"https:\/\/www.europesays.com\/fr\/wp-json\/wp\/v2\/posts\/153820","targetHints":{"allow":["GET"]}}],"collection":[{"href":"https:\/\/www.europesays.com\/fr\/wp-json\/wp\/v2\/posts"}],"about":[{"href":"https:\/\/www.europesays.com\/fr\/wp-json\/wp\/v2\/types\/post"}],"author":[{"embeddable":true,"href":"https:\/\/www.europesays.com\/fr\/wp-json\/wp\/v2\/users\/2"}],"replies":[{"embeddable":true,"href":"https:\/\/www.europesays.com\/fr\/wp-json\/wp\/v2\/comments?post=153820"}],"version-history":[{"count":0,"href":"https:\/\/www.europesays.com\/fr\/wp-json\/wp\/v2\/posts\/153820\/revisions"}],"wp:featuredmedia":[{"embeddable":true,"href":"https:\/\/www.europesays.com\/fr\/wp-json\/wp\/v2\/media\/153821"}],"wp:attachment":[{"href":"https:\/\/www.europesays.com\/fr\/wp-json\/wp\/v2\/media?parent=153820"}],"wp:term":[{"taxonomy":"category","embeddable":true,"href":"https:\/\/www.europesays.com\/fr\/wp-json\/wp\/v2\/categories?post=153820"},{"taxonomy":"post_tag","embeddable":true,"href":"https:\/\/www.europesays.com\/fr\/wp-json\/wp\/v2\/tags?post=153820"}],"curies":[{"name":"wp","href":"https:\/\/api.w.org\/{rel}","templated":true}]}}