{"id":153826,"date":"2025-06-05T11:35:14","date_gmt":"2025-06-05T11:35:14","guid":{"rendered":"https:\/\/www.europesays.com\/fr\/153826\/"},"modified":"2025-06-05T11:35:14","modified_gmt":"2025-06-05T11:35:14","slug":"le-magazine-le-point-edition-speciale-en-collaboration-avec-rca-la-radio-sur-nantes-les-sujets-qui-fachent","status":"publish","type":"post","link":"https:\/\/www.europesays.com\/fr\/153826\/","title":{"rendered":"Le magazine Le Point, \u00e9dition sp\u00e9ciale, en collaboration avec RCA la radio sur \u00ab\u00a0Nantes les sujets qui f\u00e2chent\u00a0\u00bb"},"content":{"rendered":"<p class=\"block date\" id=\"dateEtAuteur\">Publi\u00e9 : 8h57  par Titouan  GUIBERT <\/p>\n<p>Travaux interminables, ins\u00e9curit\u00e9, circulation difficile\u2026 mais aussi figures engag\u00e9es et escapades locales : Le Point d\u00e9voilent une \u00e9dition sp\u00e9ciale de 20 pages enti\u00e8rement d\u00e9di\u00e9e \u00e0 Nantes. Une immersion sans filtre \u00e0 d\u00e9couvrir d\u00e8s maintenant dans les kiosques.<img decoding=\"async\" class=\"\" style=\"width:100%\" src=\"https:\/\/www.europesays.com\/fr\/wp-content\/uploads\/2025\/06\/Capture_d_e_cran_2025_06_04_a__14_05_151749038779937.png\" alt=\"Couverture de l'\u00e9dition sp\u00e9cial Nantes, Le Point\"\/><\/p>\n<p>Couverture de l&rsquo;\u00e9dition sp\u00e9cial Nantes, Le Point<\/p>\n<p>Cr\u00e9dit : Le Point<\/p>\n<p data-start=\"522\" data-end=\"867\">Ce jeudi 5 juin, l\u2019hebdomadaire sort un num\u00e9ro sp\u00e9cial \u201cNantes : les sujets qui f\u00e2chent\u201d, en partenariat avec RCA La Radio. \u00c0 travers 20 pages, la r\u00e9daction interroge le quotidien des Nantais, entre tensions urbaines et dynamiques locales.<\/p>\n<p data-start=\"869\" data-end=\"1185\">S\u00e9curit\u00e9, incivilit\u00e9s, sentiment d\u2019abandon : ces pr\u00e9occupations majeures sont trait\u00e9es en profondeur par Val\u00e9rie Peiffer, journaliste au Point et coordinatrice de ce dossier. Enqu\u00eate \u00e0 l\u2019appui, elle d\u00e9crypte les enjeux de la s\u00e9curit\u00e9 dans la m\u00e9tropole nantaise, o\u00f9 le sujet reste au c\u0153ur des d\u00e9bats citoyens.<\/p>\n<p>Entretien avec\u00a0Val\u00e9rie Peiffer Journaliste et Cheffe de service des Editions VillesInterview de Val\u00e9rie Peiffer &#8211; Journaliste et Cheffe de service des Editions VillesInterview de Val\u00e9rie Peiffer &#8211; Journaliste et Cheffe de service des Editions Villes<\/p>\n<p>Cr\u00e9dit : Gwen Brot<\/p>\n<p> Travaux, gal\u00e8res et circulation : le ras-le-bol des habitants<\/p>\n<p data-start=\"1259\" data-end=\"1591\">Un sujet sensible explor\u00e9 dans ce cahier sp\u00e9cial : les travaux. Nantes, en pleine transformation urbaine, voit son trafic boulevers\u00e9 et ses habitants exasp\u00e9r\u00e9s. Embouteillages, d\u00e9viations, nuisances : la journaliste est all\u00e9e \u00e0 la rencontre de celles et ceux qui vivent la ville au rythme des pelleteuses et des plots orange.<\/p>\n<p>Derri\u00e8re les tensions, des r\u00e9ussites locales<\/p>\n<p data-start=\"1648\" data-end=\"1833\">Mais cette \u00e9dition ne se limite pas \u00e0 dresser un tableau noir. Elle met aussi en lumi\u00e8re des initiatives inspirantes et des figures locales qui fa\u00e7onnent positivement le territoire.<\/p>\n<p data-start=\"1835\" data-end=\"2025\">Parmi elles, Blam, artiste install\u00e9 \u00e0 Cou\u00ebron, cr\u00e9ateur de Zeus, le cheval de la c\u00e9r\u00e9monie d\u2019ouverture des JO de Paris 2024. Une fiert\u00e9 locale \u00e0 d\u00e9couvrir dans les pages du magazine.<\/p>\n<p><img decoding=\"async\" class=\"\" style=\"width:100%\" src=\"https:\/\/www.europesays.com\/fr\/wp-content\/uploads\/2025\/06\/2758_5_JUIN_NANTES_1_page_0001__1_1749038659848.jpg\" alt=\"Le Point \u00e9dition sp\u00e9cial Nantes, jeudi 5 juin dans les kiosques\"\/><\/p>\n<p>Le Point \u00e9dition sp\u00e9cial Nantes, jeudi 5 juin dans les kiosques<\/p>\n<p>Cr\u00e9dit : Le Point<\/p>\n<p> Escapade et patrimoine : un d\u00e9tour par le vignoble nantais<\/p>\n<p data-start=\"1835\" data-end=\"2025\">Autre respiration dans ce num\u00e9ro tr\u00e8s ancr\u00e9 dans l\u2019actualit\u00e9 : une balade au c\u0153ur du vignoble nantais. Val\u00e9rie Peiffer propose une immersion dans les terres du muscadet, symbole d\u2019un terroir qui s\u2019exporte et se renouvelle, loin des clich\u00e9s poussi\u00e9reux.<\/p>\n<p>Rencontre avec une femme engag\u00e9e : Anne Bouillon<\/p>\n<p data-start=\"1835\" data-end=\"2025\">Enfin, impossible de parler de Nantes sans \u00e9voquer ses voix militantes. Le Point consacre un portrait \u00e0 Anne Bouillon, avocate embl\u00e9matique qui lutte contre les violences faites aux femmes. Une figure forte et engag\u00e9e qui incarne une autre facette du dynamisme nantais.<\/p>\n","protected":false},"excerpt":{"rendered":"Publi\u00e9 : 8h57 par Titouan GUIBERT Travaux interminables, ins\u00e9curit\u00e9, circulation difficile\u2026 mais aussi figures engag\u00e9es et escapades locales&hellip;\n","protected":false},"author":2,"featured_media":153827,"comment_status":"","ping_status":"","sticky":false,"template":"","format":"standard","meta":{"footnotes":""},"categories":[2818],"tags":[1111,11,28368,829,16823,1777,674,118,462,1106,1011,27,848,1922,6417,1114,13289,2217,28369,3047,3729,766,12,2636,1833,584,25,3272,517,3087,2546],"class_list":{"0":"post-153826","1":"post","2":"type-post","3":"status-publish","4":"format-standard","5":"has-post-thumbnail","7":"category-nantes","8":"tag-actu","9":"tag-actualites","10":"tag-bain-de-bretagne","11":"tag-bretagne","12":"tag-chateaubriant","13":"tag-eu","14":"tag-europe","15":"tag-faits-divers","16":"tag-fc-nantes","17":"tag-flash","18":"tag-fr","19":"tag-france","20":"tag-ille-et-vilaine","21":"tag-info","22":"tag-information","23":"tag-infos","24":"tag-la-roche-sur-yon","25":"tag-la-rochelle","26":"tag-les-sables-d-olonnes","27":"tag-loire-atlantique","28":"tag-morbihan","29":"tag-nantes","30":"tag-news","31":"tag-pays-de-la-loire","32":"tag-redaction","33":"tag-rennes","34":"tag-republique-francaise","35":"tag-saint-nazaire","36":"tag-sport","37":"tag-stade-rennais","38":"tag-vendee"},"share_on_mastodon":{"url":"https:\/\/pubeurope.com\/@fr\/114630552817184959","error":""},"_links":{"self":[{"href":"https:\/\/www.europesays.com\/fr\/wp-json\/wp\/v2\/posts\/153826","targetHints":{"allow":["GET"]}}],"collection":[{"href":"https:\/\/www.europesays.com\/fr\/wp-json\/wp\/v2\/posts"}],"about":[{"href":"https:\/\/www.europesays.com\/fr\/wp-json\/wp\/v2\/types\/post"}],"author":[{"embeddable":true,"href":"https:\/\/www.europesays.com\/fr\/wp-json\/wp\/v2\/users\/2"}],"replies":[{"embeddable":true,"href":"https:\/\/www.europesays.com\/fr\/wp-json\/wp\/v2\/comments?post=153826"}],"version-history":[{"count":0,"href":"https:\/\/www.europesays.com\/fr\/wp-json\/wp\/v2\/posts\/153826\/revisions"}],"wp:featuredmedia":[{"embeddable":true,"href":"https:\/\/www.europesays.com\/fr\/wp-json\/wp\/v2\/media\/153827"}],"wp:attachment":[{"href":"https:\/\/www.europesays.com\/fr\/wp-json\/wp\/v2\/media?parent=153826"}],"wp:term":[{"taxonomy":"category","embeddable":true,"href":"https:\/\/www.europesays.com\/fr\/wp-json\/wp\/v2\/categories?post=153826"},{"taxonomy":"post_tag","embeddable":true,"href":"https:\/\/www.europesays.com\/fr\/wp-json\/wp\/v2\/tags?post=153826"}],"curies":[{"name":"wp","href":"https:\/\/api.w.org\/{rel}","templated":true}]}}