{"id":153828,"date":"2025-06-05T11:36:14","date_gmt":"2025-06-05T11:36:14","guid":{"rendered":"https:\/\/www.europesays.com\/fr\/153828\/"},"modified":"2025-06-05T11:36:14","modified_gmt":"2025-06-05T11:36:14","slug":"furieux-il-tire-sur-le-chauffeur-qui-venait-de-le-klaxonner","status":"publish","type":"post","link":"https:\/\/www.europesays.com\/fr\/153828\/","title":{"rendered":"furieux, il tire sur le chauffeur qui venait de le klaxonner"},"content":{"rendered":"<p>Un homme de 28 ans a \u00e9t\u00e9 interpell\u00e9 mercredi pour \u00abtentative d\u2019homicide volontaire\u00bb, apr\u00e8s avoir bless\u00e9 \u00e0 l\u2019aide d\u2019une arme \u00e0 feu un automobiliste qui l\u2019accusait d\u2019un d\u00e9passement dangereux.<\/p>\n<p class=\"fig-paragraph\">Le coup de sang pourrait lui co\u00fbter cher. Un homme de 28 ans a \u00e9t\u00e9 interpell\u00e9 \u00e0 Rez\u00e9, dans la banlieue\u00a0<a href=\"https:\/\/www.lefigaro.fr\/nantes\" target=\"_blank\" data-fig-type=\"Section\" rel=\"noopener\" data-gtm-custom-categorie=\"navigation\" data-gtm-custom-action=\"crossclick\" data-gtm-custom-label=\"Contextuel\" data-gtm-event=\"customEventSPE\" data-fig-domain=\"LEFIGARO\">de Nantes<\/a>\u00a0(Loire-Atlantique), mercredi 4 juin, trois jours apr\u00e8s avoir fait usage d\u2019une arme \u00e0 feu\u00a0<a href=\"http:\/\/www.lefigaro.fr\/actualite-france\/agressions-rodeos-cette-violence-routiere-qui-inquiete-les-autorites-20240509\" target=\"_blank\" data-fig-type=\"Article\" rel=\"noopener\" data-gtm-custom-categorie=\"navigation\" data-gtm-custom-action=\"crossclick\" data-gtm-custom-label=\"Contextuel\" data-gtm-event=\"customEventSPE\" data-fig-domain=\"LEFIGARO\">lors d\u2019un violent diff\u00e9rend routier<\/a>. L\u2019incident, qui s\u2019\u00e9tait d\u00e9roul\u00e9 sur la place Pirmil, au sud de l\u2019\u00eele de Nantes, avait \u00e9t\u00e9 provoqu\u00e9 par une man\u0153uvre dangereuse du suspect.<\/p>\n<p class=\"fig-paragraph\">Victime d\u2019une queue de poisson, un automobiliste de 60 ans s\u2019est indign\u00e9 en klaxonnant. L\u2019avertisseur sonore a fait sortir le chauffeur vis\u00e9 de ses gonds, comme de son v\u00e9hicule. L\u2019homme a d\u00e9gain\u00e9 une arme de poing en tirant \u00e0 deux reprises en direction du pneu de la voiture qu\u2019il venait de d\u00e9passer, blessant au passage le sexag\u00e9naire. Le tireur a \u00e9galement bris\u00e9 plusieurs vitres du v\u00e9hicule avant de prendre la fuite.<\/p>\n<p>Un suspect bien connu de la police<\/p>\n<p class=\"fig-paragraph\">Choqu\u00e9e par violence de l\u2019altercation et bless\u00e9e \u00e0 la hanche, la victime a \u00e9t\u00e9 hospitalis\u00e9e avant de porter plainte. Selon les informations\u00a0<a href=\"https:\/\/www.leparisien.fr\/faits-divers\/nantes-un-simple-coup-de-klaxon-a-failli-couter-la-vie-a-un-automobiliste-de-60-ans-04-06-2025-IZLOQ2QCU5HJVOYF65ZC6BBMPM.php\" target=\"_blank\" rel=\"noopener\" data-gtm-custom-categorie=\"navigation\" data-gtm-custom-action=\"crossclick\" data-gtm-custom-label=\"Contextuel\" data-gtm-event=\"customEventSPE\">du Parisien<\/a>, l\u2019enqu\u00eate ouverte pour \u00abtentative d\u2019homicide volontaire\u00bb aupr\u00e8s du parquet de Nantes a rapidement permis d\u2019identifier le suspect. Les enqu\u00eateurs de la division de la criminalit\u00e9 organis\u00e9e et sp\u00e9cialis\u00e9e ont pu resserrer leurs recherches sur un homme de nationalit\u00e9 tunisienne, tr\u00e8s bien connu des services, notamment pour de pr\u00e9c\u00e9dentes attaques arm\u00e9es. D\u2019apr\u00e8s nos confr\u00e8res, l\u2019individu &#8211; connu sous plusieurs alias &#8211; aurait notamment bless\u00e9 sa compagne au couteau et agress\u00e9 une autre femme avec un sabre.<\/p>\n<p class=\"fig-paragraph\">Arr\u00eat\u00e9 mercredi matin \u00e0 son domicile, lors d\u2019une op\u00e9ration de la brigade de recherche et d\u2019intervention (BRI), le mis en cause a \u00e9t\u00e9 aussit\u00f4t plac\u00e9 en garde \u00e0 vue. Les forces de l\u2019ordre ont retrouv\u00e9 l\u2019arme de poing employ\u00e9e lors de l\u2019altercation au cours de la perquisition de son logement. D\u2019autres armes \u00e0 feu ainsi qu\u2019une r\u00e9plique de fusil d\u2019assaut ont \u00e9galement \u00e9t\u00e9 retrouv\u00e9es lors de l\u2019op\u00e9ration. Le suspect devait \u00eatre d\u00e9f\u00e9r\u00e9 jeudi devant le parquet du tribunal judiciaire de Nantes, confirme une source polici\u00e8re.<\/p>\n","protected":false},"excerpt":{"rendered":"Un homme de 28 ans a \u00e9t\u00e9 interpell\u00e9 mercredi pour \u00abtentative d\u2019homicide volontaire\u00bb, apr\u00e8s avoir bless\u00e9 \u00e0 l\u2019aide&hellip;\n","protected":false},"author":2,"featured_media":153829,"comment_status":"","ping_status":"","sticky":false,"template":"","format":"standard","meta":{"footnotes":""},"categories":[2818],"tags":[1111,11,5143,1777,674,462,1011,27,2640,2642,766,2638,2643,2637,2639,2646,2645,2641,2635,2644,2647,12,2636,25],"class_list":{"0":"post-153828","1":"post","2":"type-post","3":"status-publish","4":"format-standard","5":"has-post-thumbnail","7":"category-nantes","8":"tag-actu","9":"tag-actualites","10":"tag-coups-de-feu","11":"tag-eu","12":"tag-europe","13":"tag-fc-nantes","14":"tag-fr","15":"tag-france","16":"tag-hauts-paves-saint-felix","17":"tag-ile-de-nantes","18":"tag-nantes","19":"tag-nantes-bellevue-chantenay-sainte-anne","20":"tag-nantes-breil-barberie","21":"tag-nantes-centre-ville","22":"tag-nantes-dervallieres-zola","23":"tag-nantes-doulon-bottiere","24":"tag-nantes-erdre","25":"tag-nantes-malakoff-saint-donatien","26":"tag-nantes-metropole","27":"tag-nantes-nord","28":"tag-nantes-sud","29":"tag-news","30":"tag-pays-de-la-loire","31":"tag-republique-francaise"},"share_on_mastodon":{"url":"https:\/\/pubeurope.com\/@fr\/114630557084670817","error":""},"_links":{"self":[{"href":"https:\/\/www.europesays.com\/fr\/wp-json\/wp\/v2\/posts\/153828","targetHints":{"allow":["GET"]}}],"collection":[{"href":"https:\/\/www.europesays.com\/fr\/wp-json\/wp\/v2\/posts"}],"about":[{"href":"https:\/\/www.europesays.com\/fr\/wp-json\/wp\/v2\/types\/post"}],"author":[{"embeddable":true,"href":"https:\/\/www.europesays.com\/fr\/wp-json\/wp\/v2\/users\/2"}],"replies":[{"embeddable":true,"href":"https:\/\/www.europesays.com\/fr\/wp-json\/wp\/v2\/comments?post=153828"}],"version-history":[{"count":0,"href":"https:\/\/www.europesays.com\/fr\/wp-json\/wp\/v2\/posts\/153828\/revisions"}],"wp:featuredmedia":[{"embeddable":true,"href":"https:\/\/www.europesays.com\/fr\/wp-json\/wp\/v2\/media\/153829"}],"wp:attachment":[{"href":"https:\/\/www.europesays.com\/fr\/wp-json\/wp\/v2\/media?parent=153828"}],"wp:term":[{"taxonomy":"category","embeddable":true,"href":"https:\/\/www.europesays.com\/fr\/wp-json\/wp\/v2\/categories?post=153828"},{"taxonomy":"post_tag","embeddable":true,"href":"https:\/\/www.europesays.com\/fr\/wp-json\/wp\/v2\/tags?post=153828"}],"curies":[{"name":"wp","href":"https:\/\/api.w.org\/{rel}","templated":true}]}}