{"id":153836,"date":"2025-06-05T11:40:09","date_gmt":"2025-06-05T11:40:09","guid":{"rendered":"https:\/\/www.europesays.com\/fr\/153836\/"},"modified":"2025-06-05T11:40:09","modified_gmt":"2025-06-05T11:40:09","slug":"pres-de-toulouse-forte-affluence-incivilites-et-agressions-ce-village-change-lacces-a-son-aire-aquatique","status":"publish","type":"post","link":"https:\/\/www.europesays.com\/fr\/153836\/","title":{"rendered":"Pr\u00e8s de Toulouse. \u00ab\u00a0Forte affluence, incivilit\u00e9s et agressions\u00a0\u00bb, ce village change l&rsquo;acc\u00e8s \u00e0 son aire aquatique"},"content":{"rendered":"<p>            Par<br \/>\n        <strong><br \/>\n            <a href=\"https:\/\/actu.fr\/auteur\/david-saint-sernin\" title=\"Consulter tous les articles de David Saint-Sernin\" rel=\"nofollow noopener\" target=\"_blank\">David Saint-Sernin<\/a><br \/>\n        <\/strong><\/p>\n<p>        Publi\u00e9 le<\/p>\n<p>            5 juin 2025 \u00e0 13h28        <\/p>\n<p><strong>Aqua Elna,<\/strong> l\u2019aire de jeux aquatiques <a href=\"https:\/\/actu.fr\/occitanie\/eaunes_31165\" rel=\"nofollow noopener\" target=\"_blank\">d\u2019Eaunes (Haute-Garonne)<\/a>, pr\u00e8s de Toulouse, a \u00e9t\u00e9 cr\u00e9\u00e9e il y a quatre ans par la mairie de ce grand village. Situ\u00e9e dans un magnifique parc o\u00f9 tr\u00f4nent les vestiges d\u2019une abbaye, elle \u00e9tait accessible gratuitement \u00e0 partir de trois ans jusqu\u2019ici. Id\u00e9al pour se rafra\u00eechir lors des fortes chaleurs. Cons\u00e9quence directe, l\u2019aire aquatique et gratuite attire de plus en plus de monde, bien au-del\u00e0 de la commune. <br \/>Sauf que l\u2019\u00e9t\u00e9 dernier, le site \u00e9tait victime de son succ\u00e8s. Face \u00e0 la \u00ab\u00a0forte affluence certains jours, les incivilit\u00e9s et des agressions\u00a0\u00bb, ce village avait d\u00fb marquer le coup et <a href=\"https:\/\/actu.fr\/occitanie\/eaunes_31165\/haute-garonne-face-aux-inciviltes-et-a-l-agressivite-d-usagers-ce-village-ferme-son-aire-de-jeux-aquatiques_61486901.html\" rel=\"nofollow noopener\" target=\"_blank\">fermer son aire de jeux pendant deux jours.<\/a> Pour r\u00e9gler d\u00e9finitivement ces probl\u00e8mes, la mairie a annonc\u00e9 prendre une autre d\u00e9cision. Voici laquelle.<\/p>\n<p>Trop de monde, trop d\u2019incivilit\u00e9s\u2026<\/p>\n<p class=\" wall-content\">Petit rappel des faits. Le 14 ao\u00fbt 2024, par un arr\u00eat\u00e9 municipal, le maire<a href=\"https:\/\/actu.fr\/occitanie\/eaunes_31165\/haute-garonne-face-aux-inciviltes-et-a-l-agressivite-d-usagers-ce-village-ferme-son-aire-de-jeux-aquatiques_61486901.html\" rel=\"nofollow noopener\" target=\"_blank\"> d\u00e9cidait de fermer pendant plusieurs jours l\u2019aire de jeux aquatiques.<\/a> Dans cet arr\u00eat\u00e9,<strong> Alain Sottil<\/strong>\u00a0ciblait particuli\u00e8rement \u00ab\u2009les incivilit\u00e9s de certaines personnes\u2009\u00bb et voulait lutter contre \u00ab\u2009les agressions et le non-respect du personnel surveillant l\u2019aire aquatique\u2009\u00bb.<\/p>\n<p class=\" wall-content\">\u00ab\u2009Certains utilisateurs de l\u2019aire de jeux aquatiques ne respectaient pas l\u2019obligation d\u2019utiliser les jeux, uniquement en maillot de bain, et s\u2019y rafra\u00eechissaient habill\u00e9s. Et l\u2019interdiction pour les enfants de moins de trois ans, m\u00eame accompagn\u00e9s, passait visiblement difficilement aupr\u00e8s des parents ou accompagnants qui exprimaient ponctuellement leur col\u00e8re, voire ne respectaient pas la r\u00e8gle\u2009\u00bb, selon les t\u00e9moignages qu\u2019Actu Toulouse avait pu recueillir \u00e0 l\u2019\u00e9poque.<\/p>\n<p>La mairie change la r\u00e8gle d\u2019acc\u00e8s<\/p>\n<p class=\" wall-content\">L\u2019accumulation des incidents enregistr\u00e9s l\u2019\u00e9t\u00e9 dernier, n\u00e9cessitant parfois l\u2019intervention des policiers municipaux, conduit aujourd\u2019hui la mairie d\u2019Eaunes \u00e0 prendre une autre mesure.<\/p>\n<p class=\" wall-content\">Mercredi 4\u00a0juin 2025, la mairie a annonc\u00e9 de<strong> nouvelles conditions d\u2019acc\u00e8s<\/strong> \u00e0 l\u2019aire de jeu. Elle explique\u2009:<\/p>\n<p class=\" wall-content\">\u00ab\u2009Aqua Elna a connu un grand succ\u00e8s l\u2019an dernier avec plus de 10\u2009000\u00a0visiteurs. Pour garantir la s\u00e9curit\u00e9 et le confort, l\u2019acc\u00e8s \u00e9volue cette ann\u00e9e\u2009:<strong> l\u2019entr\u00e9e est gratuite pour les Eaunois et payante<\/strong> pour les ext\u00e9rieurs \u00e0 partir du 1er\u00a0juillet et jusqu\u2019au 31\u00a0ao\u00fbt\u2009\u00bb.<\/p>\n<p>Les personnes ext\u00e9rieures \u00e0 la commune payent<\/p>\n<p class=\" wall-content\">Les habitants de la commune peuvent se procurer un bracelet gratuit qui leur permettra d\u2019acc\u00e9der \u00e0 l\u2019aire durant toute la saison estivale dans les conditions actuelles, c\u2019est-\u00e0-dire que l\u2019aire reste interdite aux enfants de moins de trois ans, m\u00eame s\u2019ils sont accompagn\u00e9s d\u2019un parent.<\/p>\n<p class=\" wall-content\">Les personnes venant d\u2019autres communes devront dor\u00e9navant payer <strong>leur entr\u00e9e 5\u00a0euros<\/strong> pour la journ\u00e9e. Avec le justificatif de paiement, un bracelet journalier leur sera donn\u00e9 \u00e0 l\u2019entr\u00e9e. \u00ab\u2009L\u2019achat sera disponible \u00e0 compter du 26 juin, sur le site web ou \u00e0 l\u2019accueil de la mairie en carte bancaire uniquement\u2009\u00bb, pr\u00e9cise la mairie.<\/p>\n<p>Les horaires<\/p>\n<p class=\" wall-content\">L\u2019aire sera ouverte gratuitement du 14 au 30 juin les mercredis, samedis et dimanches, 12h \u00e0 18h, selon la m\u00e9t\u00e9o. Elle sera \u00e9galement ouverte gratuitement du 1er au 14 septembre les mercredis, samedis et dimanches, de 12h \u00e0 18h, toujours en fonction de la m\u00e9t\u00e9o.<\/p>\n<p class=\" wall-content\">Du 1er juillet au 31 ao\u00fbt, elle sera donc ouverte tous les jours, de 12h \u00e0 20h, aux nouvelles conditions propos\u00e9es par la commune, sous la surveillance du personnel municipal.<\/p>\n<p class=\" wall-content\">Un stand de restauration sera pr\u00e9sent sur place.<\/p>\n<p>    <a href=\"https:\/\/www.google.com\/maps\/embed?pb=!1m18!1m12!1m3!1d370225.03368047875!2d1.159745475180309!3d43.536056033369206!2m3!1f0!2f0!3f0!3m2!1i1024!2i768!4f13.1!3m3!1m2!1s0x12aec9037825f497%3A0x328f49c3f13b9eda!2sAQUA%20ELNA!5e0!3m2!1sfr!2sfr!4v1749111814278!5m2!1sfr!2sfr\" title=\"Ouvrie le lien\" rel=\"nofollow noopener\" target=\"_blank\">Cliquez ici pour visualiser le contenu<\/a><\/p>\n<p class=\" wall-content\">Suivez toute l\u2019actualit\u00e9 de vos villes et m\u00e9dias favoris en vous inscrivant \u00e0 <a href=\"https:\/\/moncompte.actu.fr\" title=\"D\u00e9couvez Mon Actu\" rel=\"nofollow noopener\" data-trk=\"{&quot;cta&quot;:{&quot;action&quot;:&quot;https:\\\/\\\/moncompte.actu.fr&quot;,&quot;category&quot;:&quot;mon compte&quot;,&quot;from&quot;:&quot;article footer&quot;,&quot;name&quot;:&quot;Mon actu&quot;,&quot;type&quot;:&quot;cta&quot;}}\" target=\"_blank\">Mon Actu<\/a>.<\/p>\n","protected":false},"excerpt":{"rendered":"Par David Saint-Sernin Publi\u00e9 le 5 juin 2025 \u00e0 13h28 Aqua Elna, l\u2019aire de jeux aquatiques d\u2019Eaunes (Haute-Garonne),&hellip;\n","protected":false},"author":2,"featured_media":153837,"comment_status":"","ping_status":"","sticky":false,"template":"","format":"standard","meta":{"footnotes":""},"categories":[2816],"tags":[1111,11,1777,674,1011,27,12,2680,25,104,1341,2312],"class_list":{"0":"post-153836","1":"post","2":"type-post","3":"status-publish","4":"format-standard","5":"has-post-thumbnail","7":"category-toulouse","8":"tag-actu","9":"tag-actualites","10":"tag-eu","11":"tag-europe","12":"tag-fr","13":"tag-france","14":"tag-news","15":"tag-occitanie","16":"tag-republique-francaise","17":"tag-societe","18":"tag-sortir-a-toulouse","19":"tag-toulouse"},"share_on_mastodon":{"url":"https:\/\/pubeurope.com\/@fr\/114630572545190481","error":""},"_links":{"self":[{"href":"https:\/\/www.europesays.com\/fr\/wp-json\/wp\/v2\/posts\/153836","targetHints":{"allow":["GET"]}}],"collection":[{"href":"https:\/\/www.europesays.com\/fr\/wp-json\/wp\/v2\/posts"}],"about":[{"href":"https:\/\/www.europesays.com\/fr\/wp-json\/wp\/v2\/types\/post"}],"author":[{"embeddable":true,"href":"https:\/\/www.europesays.com\/fr\/wp-json\/wp\/v2\/users\/2"}],"replies":[{"embeddable":true,"href":"https:\/\/www.europesays.com\/fr\/wp-json\/wp\/v2\/comments?post=153836"}],"version-history":[{"count":0,"href":"https:\/\/www.europesays.com\/fr\/wp-json\/wp\/v2\/posts\/153836\/revisions"}],"wp:featuredmedia":[{"embeddable":true,"href":"https:\/\/www.europesays.com\/fr\/wp-json\/wp\/v2\/media\/153837"}],"wp:attachment":[{"href":"https:\/\/www.europesays.com\/fr\/wp-json\/wp\/v2\/media?parent=153836"}],"wp:term":[{"taxonomy":"category","embeddable":true,"href":"https:\/\/www.europesays.com\/fr\/wp-json\/wp\/v2\/categories?post=153836"},{"taxonomy":"post_tag","embeddable":true,"href":"https:\/\/www.europesays.com\/fr\/wp-json\/wp\/v2\/tags?post=153836"}],"curies":[{"name":"wp","href":"https:\/\/api.w.org\/{rel}","templated":true}]}}