{"id":153842,"date":"2025-06-05T11:43:09","date_gmt":"2025-06-05T11:43:09","guid":{"rendered":"https:\/\/www.europesays.com\/fr\/153842\/"},"modified":"2025-06-05T11:43:09","modified_gmt":"2025-06-05T11:43:09","slug":"un-camion-charge-de-gravats-se-couche-sur-la50-la-circulation-fortement-perturbee-en-direction-de-marseille","status":"publish","type":"post","link":"https:\/\/www.europesays.com\/fr\/153842\/","title":{"rendered":"Un camion charg\u00e9 de gravats se couche sur l\u2019A50, la circulation fortement perturb\u00e9e en direction de Marseille"},"content":{"rendered":"<p>Ce <strong>jeudi vers 11h, sur l\u2019A50 dans le sens Nice-Marseille,<\/strong> au niveau d\u2019une aire de repos (PK50), un<strong> camion de transport de gravats<\/strong> a \u00e9t\u00e9 accident\u00e9 et s\u2019est retrouv\u00e9 couch\u00e9, d\u00e9versant l\u2019ensemble de son chargement sur la chauss\u00e9e.<\/p>\n<p>Dans le v\u00e9hicule, seul en cause, les deux personnes \u00e0 son bord ont \u00e9t\u00e9 bless\u00e9es, dont une gri\u00e8vement.<\/p>\n<p>Sur place, la circulation devait rester perturb\u00e9e un long moment. Le dispositif de secours engag\u00e9 par les pompiers comprenait deux ambulances, deux v\u00e9hicules de commandement, un engin incendie, un<strong> v\u00e9hicule de secours routier<\/strong> et un v\u00e9hicule l\u00e9ger infirmier, ainsi que divers partenaires ext\u00e9rieurs (Vinci Autoroute, forces de l\u2019ordre, Smur&#8230;)<\/p>\n","protected":false},"excerpt":{"rendered":"Ce jeudi vers 11h, sur l\u2019A50 dans le sens Nice-Marseille, au niveau d\u2019une aire de repos (PK50), un&hellip;\n","protected":false},"author":2,"featured_media":153843,"comment_status":"","ping_status":"","sticky":false,"template":"","format":"standard","meta":{"footnotes":""},"categories":[2814],"tags":[1111,11,1777,674,118,1011,27,884,12,882,25,3366],"class_list":{"0":"post-153842","1":"post","2":"type-post","3":"status-publish","4":"format-standard","5":"has-post-thumbnail","7":"category-marseille","8":"tag-actu","9":"tag-actualites","10":"tag-eu","11":"tag-europe","12":"tag-faits-divers","13":"tag-fr","14":"tag-france","15":"tag-marseille","16":"tag-news","17":"tag-provence-alpes-cote-dazur","18":"tag-republique-francaise","19":"tag-vie-locale"},"share_on_mastodon":{"url":"https:\/\/pubeurope.com\/@fr\/114630584237580432","error":""},"_links":{"self":[{"href":"https:\/\/www.europesays.com\/fr\/wp-json\/wp\/v2\/posts\/153842","targetHints":{"allow":["GET"]}}],"collection":[{"href":"https:\/\/www.europesays.com\/fr\/wp-json\/wp\/v2\/posts"}],"about":[{"href":"https:\/\/www.europesays.com\/fr\/wp-json\/wp\/v2\/types\/post"}],"author":[{"embeddable":true,"href":"https:\/\/www.europesays.com\/fr\/wp-json\/wp\/v2\/users\/2"}],"replies":[{"embeddable":true,"href":"https:\/\/www.europesays.com\/fr\/wp-json\/wp\/v2\/comments?post=153842"}],"version-history":[{"count":0,"href":"https:\/\/www.europesays.com\/fr\/wp-json\/wp\/v2\/posts\/153842\/revisions"}],"wp:featuredmedia":[{"embeddable":true,"href":"https:\/\/www.europesays.com\/fr\/wp-json\/wp\/v2\/media\/153843"}],"wp:attachment":[{"href":"https:\/\/www.europesays.com\/fr\/wp-json\/wp\/v2\/media?parent=153842"}],"wp:term":[{"taxonomy":"category","embeddable":true,"href":"https:\/\/www.europesays.com\/fr\/wp-json\/wp\/v2\/categories?post=153842"},{"taxonomy":"post_tag","embeddable":true,"href":"https:\/\/www.europesays.com\/fr\/wp-json\/wp\/v2\/tags?post=153842"}],"curies":[{"name":"wp","href":"https:\/\/api.w.org\/{rel}","templated":true}]}}