{"id":153852,"date":"2025-06-05T11:49:08","date_gmt":"2025-06-05T11:49:08","guid":{"rendered":"https:\/\/www.europesays.com\/fr\/153852\/"},"modified":"2025-06-05T11:49:08","modified_gmt":"2025-06-05T11:49:08","slug":"mort-dun-homme-de-78-ans-dans-lincendie-de-son-appartement","status":"publish","type":"post","link":"https:\/\/www.europesays.com\/fr\/153852\/","title":{"rendered":"mort d&rsquo;un homme de 78 ans dans l&rsquo;incendie de son appartement"},"content":{"rendered":"<p>            Par<br \/>\n        <strong><br \/>\n            <a href=\"https:\/\/actu.fr\/auteur\/antoine-blanchet\" title=\"Consulter tous les articles de Antoine Blanchet\" rel=\"nofollow noopener\" target=\"_blank\">Antoine Blanchet<\/a><br \/>\n        <\/strong><\/p>\n<p>        Publi\u00e9 le<\/p>\n<p>            5 juin 2025 \u00e0 11h43        <\/p>\n<p>Mardi 3\u00a0juin 2025, un <a href=\"https:\/\/actu.fr\/tag\/incendie\" rel=\"nofollow noopener\" target=\"_blank\">incendie<\/a> s\u2019est d\u00e9clar\u00e9 dans un appartement situ\u00e9 \u00e0 <a href=\"https:\/\/actu.fr\/ile-de-france\/limeil-brevannes_94044\" rel=\"nofollow noopener\" target=\"_blank\">Limeil-Br\u00e9vannes<\/a> dans le <a href=\"https:\/\/actu.fr\/ile-de-france\/val-de-marne_94\" rel=\"nofollow noopener\" target=\"_blank\">Val-de-Marne<\/a>, nous indique le parquet de <a href=\"https:\/\/actu.fr\/ile-de-france\/creteil_94028\" rel=\"nofollow noopener\" target=\"_blank\">Cr\u00e9teil<\/a>, confirmant une information du <a href=\"https:\/\/www.leparisien.fr\/val-de-marne-94\/syndrome-de-diogene-un-retraite-decede-dans-lincendie-de-son-appartement-a-limeil-brevannes-04-06-2025-KKUSDIEZRNEPZM2NAV7S2QPRJU.php\" rel=\"nofollow noopener\" target=\"_blank\">Parisien<\/a>. Un homme de 78\u00a0ans, <strong>atteint du syndrome de Diog\u00e8ne<\/strong>, a \u00e9t\u00e9 retrouv\u00e9 mort dans les d\u00e9combres. Une enqu\u00eate a \u00e9t\u00e9 ouverte.<\/p>\n<p>Le septuag\u00e9naire retrouv\u00e9 mort dans l\u2019appartement<\/p>\n<p class=\" wall-content\">Le sinistre s\u2019est d\u00e9clar\u00e9 vers 15\u00a0heures, au sein d\u2019un immeuble de quatre \u00e9tages <strong>situ\u00e9 avenue de la Sabli\u00e8re<\/strong>. Une vingtaine de pompiers se sont rendus sur place pour ma\u00eetriser l\u2019incendie. Dans l\u2019appartement d\u2019o\u00f9 sont parties les flammes, les soldats du feu ont d\u00e9couvert le corps sans vie de l\u2019occupant.<\/p>\n<p class=\" wall-content\">Il s\u2019agit d\u2019un homme \u00e2g\u00e9 de 78\u00a0ans et atteint du <a href=\"https:\/\/actu.fr\/societe\/la-marque-d-un-isolement-social-qu-est-ce-que-le-syndrome-de-diogene-auquel-paris-veut-s-attaquer_61309955.html\" rel=\"nofollow noopener\" target=\"_blank\">syndrome de Diog\u00e8ne<\/a>. Ce trouble compulsif pousse ceux qui en sont atteints \u00e0 accumuler un grand nombre de choses. Il arrive parfois que ce mode de vie insalubre <strong>occasionne des incendies mortels<\/strong>. En f\u00e9vrier dernier, <a href=\"https:\/\/actu.fr\/ile-de-france\/paris_75056\/drame-a-paris-une-personne-souffrant-du-syndrome-de-diogene-meurt-dans-l-incendie-de-son-appartement_62244249.html\" rel=\"nofollow noopener\" target=\"_blank\">une femme \u00e9tait, elle aussi, d\u00e9c\u00e9d\u00e9e<\/a> dans le 14e arrondissement de <a href=\"https:\/\/actu.fr\/paris\/\" rel=\"nofollow noopener\" target=\"_blank\">Paris<\/a>.<\/p>\n<p class=\" wall-content\">Ce mardi, une enqu\u00eate a \u00e9t\u00e9 ouverte pour d\u00e9terminer les causes de la mort du septuag\u00e9naire. Les investigations ont \u00e9t\u00e9 confi\u00e9es au commissariat de <a href=\"https:\/\/actu.fr\/ile-de-france\/villeneuve-saint-georges_94078\" rel=\"nofollow noopener\" target=\"_blank\">Villeneuve-Saint-Georges<\/a>.<\/p>\n<p class=\" wall-content\">Suivez toute l\u2019actualit\u00e9 de vos villes et m\u00e9dias favoris en vous inscrivant \u00e0 <a href=\"https:\/\/moncompte.actu.fr\" title=\"D\u00e9couvez Mon Actu\" rel=\"nofollow noopener\" data-trk=\"{&quot;cta&quot;:{&quot;action&quot;:&quot;https:\\\/\\\/moncompte.actu.fr&quot;,&quot;category&quot;:&quot;mon compte&quot;,&quot;from&quot;:&quot;article footer&quot;,&quot;name&quot;:&quot;Mon actu&quot;,&quot;type&quot;:&quot;cta&quot;}}\" target=\"_blank\">Mon Actu<\/a>.<\/p>\n","protected":false},"excerpt":{"rendered":"Par Antoine Blanchet Publi\u00e9 le 5 juin 2025 \u00e0 11h43 Mardi 3\u00a0juin 2025, un incendie s\u2019est d\u00e9clar\u00e9 dans&hellip;\n","protected":false},"author":2,"featured_media":153853,"comment_status":"","ping_status":"","sticky":false,"template":"","format":"standard","meta":{"footnotes":""},"categories":[1888],"tags":[1111,1928,11,1927,1777,674,118,1011,27,1310,12,1926,626,1925,25],"class_list":{"0":"post-153852","1":"post","2":"type-post","3":"status-publish","4":"format-standard","5":"has-post-thumbnail","7":"category-paris","8":"tag-actu","9":"tag-actu-paris","10":"tag-actualites","11":"tag-actualites-paris","12":"tag-eu","13":"tag-europe","14":"tag-faits-divers","15":"tag-fr","16":"tag-france","17":"tag-incendie","18":"tag-news","19":"tag-news-paris","20":"tag-paris","21":"tag-paris-news","22":"tag-republique-francaise"},"share_on_mastodon":{"url":"https:\/\/pubeurope.com\/@fr\/114630607810677066","error":""},"_links":{"self":[{"href":"https:\/\/www.europesays.com\/fr\/wp-json\/wp\/v2\/posts\/153852","targetHints":{"allow":["GET"]}}],"collection":[{"href":"https:\/\/www.europesays.com\/fr\/wp-json\/wp\/v2\/posts"}],"about":[{"href":"https:\/\/www.europesays.com\/fr\/wp-json\/wp\/v2\/types\/post"}],"author":[{"embeddable":true,"href":"https:\/\/www.europesays.com\/fr\/wp-json\/wp\/v2\/users\/2"}],"replies":[{"embeddable":true,"href":"https:\/\/www.europesays.com\/fr\/wp-json\/wp\/v2\/comments?post=153852"}],"version-history":[{"count":0,"href":"https:\/\/www.europesays.com\/fr\/wp-json\/wp\/v2\/posts\/153852\/revisions"}],"wp:featuredmedia":[{"embeddable":true,"href":"https:\/\/www.europesays.com\/fr\/wp-json\/wp\/v2\/media\/153853"}],"wp:attachment":[{"href":"https:\/\/www.europesays.com\/fr\/wp-json\/wp\/v2\/media?parent=153852"}],"wp:term":[{"taxonomy":"category","embeddable":true,"href":"https:\/\/www.europesays.com\/fr\/wp-json\/wp\/v2\/categories?post=153852"},{"taxonomy":"post_tag","embeddable":true,"href":"https:\/\/www.europesays.com\/fr\/wp-json\/wp\/v2\/tags?post=153852"}],"curies":[{"name":"wp","href":"https:\/\/api.w.org\/{rel}","templated":true}]}}