{"id":153854,"date":"2025-06-05T11:50:12","date_gmt":"2025-06-05T11:50:12","guid":{"rendered":"https:\/\/www.europesays.com\/fr\/153854\/"},"modified":"2025-06-05T11:50:12","modified_gmt":"2025-06-05T11:50:12","slug":"bises-et-grands-sourires-emmanuel-et-brigitte-macron-accueillent-lula-et-son-epouse-janja-a-paris-2","status":"publish","type":"post","link":"https:\/\/www.europesays.com\/fr\/153854\/","title":{"rendered":"Bises et grands sourires, Emmanuel et Brigitte Macron accueillent Lula et son \u00e9pouse Janja \u00e0 Paris"},"content":{"rendered":"<p>AFP Videos &#8211; France<\/p>\n<p><a class=\"Td(n) C($inherit) LineClamp(2,45px) D(f) rapidnofollow\" data-uuid=\"2a790400-c6b6-3c2e-ae53-da50dabf4d73\" href=\"https:\/\/fr.news.yahoo.com\/lula-entame-visite-france-mercosur-095434794.html\" data-ylk=\"elm:hdln;itc:0;pos:1;sec:strm;subsec:moreforyou;cpos:2;ct:video;g:2a790400-c6b6-3c2e-ae53-da50dabf4d73\" data-hosted-type=\"HOSTED\" target=\"_blank\" rel=\"noopener\">Lula entame une visite en France, Mercosur et crises mondiales en toile de fond<\/a><\/p>\n<p class=\"M(0) C($summaryColor) Fz(14px) Lh(1.43em) LineClamp(3,60px)\">Le pr\u00e9sident br\u00e9silien Luiz In\u00e1cio Lula da Silva a d\u00e9but\u00e9 jeudi une visite en France au cours de laquelle seront abord\u00e9s les crises internationales ainsi que l&rsquo;accord de libre-\u00e9change entre l&rsquo;UE et le Mercosur, auquel Paris est fermement oppos\u00e9.Il s&rsquo;agit de la premi\u00e8re visite d&rsquo;Etat en France d&rsquo;un pr\u00e9sident br\u00e9silien depuis 2012, et elle intervient \u00e0 quelques mois de la COP30 organis\u00e9e par le Br\u00e9sil en novembre prochain.Le pr\u00e9sident fran\u00e7ais Emmanuel Macron a accueilli son homologue br\u00e9silien avec une c\u00e9r\u00e9monie aux Invalides, au cours de laquelle ils ont pass\u00e9 les troupes en revue. Les deux dirigeants, qui entretiennent des relations chaleureuses malgr\u00e9 les diff\u00e9rends, auront ensuite un d\u00e9jeuner de travail, suivi d&rsquo;un d\u00eener d&rsquo;Etat dans la soir\u00e9e.La visite de M. Lula, qui avait lui-m\u00eame accueilli son homologue fran\u00e7ais en mars 2024, vise selon le pr\u00e9sident br\u00e9silien \u00e0 \u00ab\u00a0renforcer\u00a0\u00bb les liens strat\u00e9giques entre les deux pays. Une douzaine d&rsquo;accords de coop\u00e9ration dans les domaines de l&rsquo;environnement, de la technologie, de la d\u00e9fense, de l&rsquo;\u00e9nergie et de la sant\u00e9 devraient \u00eatre sign\u00e9s.- Crises internationales -Dans le contexte mondial mouvement\u00e9, marqu\u00e9 notamment par les surtaxes douani\u00e8res impos\u00e9es par le pr\u00e9sident am\u00e9ricain Donald Trump \u00e0 ses partenaires, et par les guerres en Ukraine et au Proche-Orient, \u00ab\u00a0il est d&rsquo;autant plus important de retrouver des convergences avec le Br\u00e9sil, un grand Etat \u00e9mergent\u00a0\u00bb qui assure cette ann\u00e9e la pr\u00e9sidence tournante du bloc de pays \u00e9mergents des Brics, a soulign\u00e9 l&rsquo;Elys\u00e9e.La France compte notamment sur la mobilisation du Br\u00e9sil, qui a reconnu l&rsquo;Etat palestinien en 2010, pour peser sur l&rsquo;issue de la conf\u00e9rence organis\u00e9e par la France et l&rsquo;Arabie saoudite \u00e0 l&rsquo;ONU mi-juin, visant \u00e0 redonner un \u00e9lan \u00e0 une solution politique au conflit isra\u00e9lo-palestinien.\u00a0\u00bbIl n&rsquo;y aura pas de paix tant qu&rsquo;on n&rsquo;aura pas conscience que le peuple palestinien a droit \u00e0 son Etat\u00a0\u00bb, a d\u00e9clar\u00e9 Lula mardi, quelques heures avant son d\u00e9part pour Paris.\u00a0\u00bbC&rsquo;est justement en raison des souffrances du peuple juif dans son histoire que le gouvernement d&rsquo;Isra\u00ebl devrait traiter le peuple palestinien avec humanisme et bon sens\u00a0\u00bb, a ajout\u00e9 le pr\u00e9sident br\u00e9silien, qualifiant l&rsquo;offensive isra\u00e9lienne \u00e0 Gaza de \u00ab\u00a0g\u00e9nocide\u00a0\u00bb, comme il l&rsquo;avait d\u00e9j\u00e0 fait \u00e0 plusieurs reprises par le pass\u00e9.Concernant l&rsquo;Ukraine, la France \u00ab\u00a0compte pr\u00e9senter au pr\u00e9sident Lula l&rsquo;\u00e9tat du dossier\u00a0\u00bb, avec \u00ab\u00a0une partie agress\u00e9e qui est pr\u00eate \u00e0 la paix, et une autre partie, l&rsquo;agresseur, qui refuse toute proposition de paix ou de dialogue\u00a0\u00bb.Le Br\u00e9sil continue d&rsquo;entretenir\u00a0de bonnes relations avec la Russie et Lula \u00e9tait \u00e0 Moscou le 9 mai pour les comm\u00e9morations de la victoire contre l&rsquo;Allemagne nazie, o\u00f9 il a \u00e9t\u00e9 re\u00e7u par le pr\u00e9sident russe Vladimir Poutine.- Mercosur &#8211;\u00a0L&rsquo;accord de libre \u00e9change entre l&rsquo;UE et des pays d&rsquo;Am\u00e9rique latine sera en toile de fond de la visite de Lula en France.Cet accord avec l&rsquo;Argentine, le Br\u00e9sil, l&rsquo;Uruguay et le Paraguay doit permettre \u00e0 l&rsquo;UE d&rsquo;exporter notamment plus de voitures, de machines et de spiritueux, en \u00e9change de l&rsquo;entr\u00e9e de viandes, sucre, riz, miel ou soja sud-am\u00e9ricains.Paris s&rsquo;oppose \u00e0 cet accord \u00ab\u00a0dans sa forme actuelle\u00a0\u00bb, contrairement \u00e0 d&rsquo;autres pays europ\u00e9ens comme l&rsquo;Allemagne ou l&rsquo;Espagne.A la veille du d\u00e9but de la visite du pr\u00e9sident br\u00e9silien, des d\u00e9put\u00e9s fran\u00e7ais ont r\u00e9uni mercredi plusieurs fili\u00e8res agricoles \u00e0 l&rsquo;Assembl\u00e9e pour r\u00e9affirmer leur opposition \u00e0 l&rsquo;accord.Jean-Fran\u00e7ois Guihard, pr\u00e9sident de l&rsquo;interprofession du b\u00e9tail et des viandes (Interbev), a notamment appel\u00e9 Emmanuel Macron \u00e0 \u00eatre \u00ab\u00a0extr\u00eamement ferme\u00a0\u00bb face au pr\u00e9sident br\u00e9silien \u00ab\u00a0pour dire que cet accord n&rsquo;est pas possible\u00a0\u00bb.Mais en pleine guerre commerciale avec les Etats-Unis, \u00ab\u00a0il y a un nouveau contexte international\u00a0\u00bb qui devrait pousser en faveur de l&rsquo;accord, selon la diplomatie br\u00e9silienne.Apr\u00e8s sa visite \u00e0 Paris, le pr\u00e9sident br\u00e9silien participera le 8 juin \u00e0 un sommet \u00e9conomique \u00e0 Monaco, puis sera \u00e0 Nice le 9 avec le pr\u00e9sident Macron pour l&rsquo;ouverture de la conf\u00e9rence de l&rsquo;ONU sur les oc\u00e9ans.tjc-cf\/sva\/pz<\/p>\n","protected":false},"excerpt":{"rendered":"AFP Videos &#8211; France Lula entame une visite en France, Mercosur et crises mondiales en toile de fond&hellip;\n","protected":false},"author":2,"featured_media":153855,"comment_status":"","ping_status":"","sticky":false,"template":"","format":"standard","meta":{"footnotes":""},"categories":[1888],"tags":[1111,1928,11,1927,986,8421,1777,674,1011,27,24558,17306,19363,12,1926,626,1925,25],"class_list":{"0":"post-153854","1":"post","2":"type-post","3":"status-publish","4":"format-standard","5":"has-post-thumbnail","7":"category-paris","8":"tag-actu","9":"tag-actu-paris","10":"tag-actualites","11":"tag-actualites-paris","12":"tag-brigitte-macron","13":"tag-etat-palestinien","14":"tag-eu","15":"tag-europe","16":"tag-fr","17":"tag-france","18":"tag-le-francais","19":"tag-les-deux","20":"tag-lula","21":"tag-news","22":"tag-news-paris","23":"tag-paris","24":"tag-paris-news","25":"tag-republique-francaise"},"share_on_mastodon":{"url":"https:\/\/pubeurope.com\/@fr\/114630611614419120","error":""},"_links":{"self":[{"href":"https:\/\/www.europesays.com\/fr\/wp-json\/wp\/v2\/posts\/153854","targetHints":{"allow":["GET"]}}],"collection":[{"href":"https:\/\/www.europesays.com\/fr\/wp-json\/wp\/v2\/posts"}],"about":[{"href":"https:\/\/www.europesays.com\/fr\/wp-json\/wp\/v2\/types\/post"}],"author":[{"embeddable":true,"href":"https:\/\/www.europesays.com\/fr\/wp-json\/wp\/v2\/users\/2"}],"replies":[{"embeddable":true,"href":"https:\/\/www.europesays.com\/fr\/wp-json\/wp\/v2\/comments?post=153854"}],"version-history":[{"count":0,"href":"https:\/\/www.europesays.com\/fr\/wp-json\/wp\/v2\/posts\/153854\/revisions"}],"wp:featuredmedia":[{"embeddable":true,"href":"https:\/\/www.europesays.com\/fr\/wp-json\/wp\/v2\/media\/153855"}],"wp:attachment":[{"href":"https:\/\/www.europesays.com\/fr\/wp-json\/wp\/v2\/media?parent=153854"}],"wp:term":[{"taxonomy":"category","embeddable":true,"href":"https:\/\/www.europesays.com\/fr\/wp-json\/wp\/v2\/categories?post=153854"},{"taxonomy":"post_tag","embeddable":true,"href":"https:\/\/www.europesays.com\/fr\/wp-json\/wp\/v2\/tags?post=153854"}],"curies":[{"name":"wp","href":"https:\/\/api.w.org\/{rel}","templated":true}]}}