{"id":15386,"date":"2025-04-10T16:22:14","date_gmt":"2025-04-10T16:22:14","guid":{"rendered":"https:\/\/www.europesays.com\/fr\/15386\/"},"modified":"2025-04-10T16:22:14","modified_gmt":"2025-04-10T16:22:14","slug":"atp-rafael-nadal-plusieurs-medecins-mont-dit-que-je-ne-pourrais-pas-rejouer-il-ny-avait-pas-dissue","status":"publish","type":"post","link":"https:\/\/www.europesays.com\/fr\/15386\/","title":{"rendered":"ATP > Rafael Nadal : \u00ab\u00a0Plusieurs m\u00e9decins m&rsquo;ont dit que je ne pourrais pas rejouer. Il n&rsquo;y avait pas d&rsquo;issue\u00a0\u00bb"},"content":{"rendered":"<p>R\u00e9cemment invit\u00e9 \u00e0 l\u2019uni\u00adver\u00adsit\u00e9 UAX de Madrid qui porte son nom, Rafael Nadal est une nouvelle fois revenu sur le syndrome de Muller\u2010Weiss dont il est atteint depuis l\u2019ado\u00adles\u00adcence. Et si le cham\u00adpion espa\u00adgnol a r\u00e9ussi tr\u00e8s t\u00f4t \u00e0 trouver des solu\u00adtions, cela a eu des cons\u00e9\u00adquences sur d\u2019autres partie de son\u00a0corps.\u00a0<\/p>\n<p><strong>\u00ab\u202fIl n\u2019y avait pas d\u2019issue, plusieurs m\u00e9de\u00adcins m\u2019ont dit que je ne rejoue\u00adrais pas. J\u2019avais 19 ans\u2026 mais une solu\u00adtion a fini par \u00eatre trouv\u00e9e. Le d\u00e9pla\u00adce\u00adment du point d\u2019appui avec une semelle int\u00e9\u00adrieure de sept milli\u00adm\u00e8tres et une chaus\u00adsure sp\u00e9ciale a fonc\u00adtionn\u00e9\u2026 cela a r\u00e9par\u00e9 le pied, mais tout le reste a \u00e9t\u00e9 perturb\u00e9 et a d\u00e9sor\u00adga\u00adnis\u00e9 l\u2019en\u00adsemble de mon\u00a0corps.\u202f\u00bb<\/strong><\/p>\n<p class=\"post-published-date\" style=\"color: silver; font-size: 75%; text-align: left;\">Publi\u00e9 le mercredi 9 avril 2025 \u00e0 14:21<\/p>\n","protected":false},"excerpt":{"rendered":"R\u00e9cemment invit\u00e9 \u00e0 l\u2019uni\u00adver\u00adsit\u00e9 UAX de Madrid qui porte son nom, Rafael Nadal est une nouvelle fois revenu&hellip;\n","protected":false},"author":2,"featured_media":15387,"comment_status":"","ping_status":"","sticky":false,"template":"","format":"standard","meta":{"footnotes":""},"categories":[1415],"tags":[1011,27,1960,60,1467],"class_list":{"0":"post-15386","1":"post","2":"type-post","3":"status-publish","4":"format-standard","5":"has-post-thumbnail","7":"category-tennis","8":"tag-fr","9":"tag-france","10":"tag-nadal","11":"tag-sports","12":"tag-tennis"},"share_on_mastodon":{"url":"https:\/\/pubeurope.com\/@fr\/114314591797113707","error":""},"_links":{"self":[{"href":"https:\/\/www.europesays.com\/fr\/wp-json\/wp\/v2\/posts\/15386","targetHints":{"allow":["GET"]}}],"collection":[{"href":"https:\/\/www.europesays.com\/fr\/wp-json\/wp\/v2\/posts"}],"about":[{"href":"https:\/\/www.europesays.com\/fr\/wp-json\/wp\/v2\/types\/post"}],"author":[{"embeddable":true,"href":"https:\/\/www.europesays.com\/fr\/wp-json\/wp\/v2\/users\/2"}],"replies":[{"embeddable":true,"href":"https:\/\/www.europesays.com\/fr\/wp-json\/wp\/v2\/comments?post=15386"}],"version-history":[{"count":0,"href":"https:\/\/www.europesays.com\/fr\/wp-json\/wp\/v2\/posts\/15386\/revisions"}],"wp:featuredmedia":[{"embeddable":true,"href":"https:\/\/www.europesays.com\/fr\/wp-json\/wp\/v2\/media\/15387"}],"wp:attachment":[{"href":"https:\/\/www.europesays.com\/fr\/wp-json\/wp\/v2\/media?parent=15386"}],"wp:term":[{"taxonomy":"category","embeddable":true,"href":"https:\/\/www.europesays.com\/fr\/wp-json\/wp\/v2\/categories?post=15386"},{"taxonomy":"post_tag","embeddable":true,"href":"https:\/\/www.europesays.com\/fr\/wp-json\/wp\/v2\/tags?post=15386"}],"curies":[{"name":"wp","href":"https:\/\/api.w.org\/{rel}","templated":true}]}}