{"id":153866,"date":"2025-06-05T11:56:15","date_gmt":"2025-06-05T11:56:15","guid":{"rendered":"https:\/\/www.europesays.com\/fr\/153866\/"},"modified":"2025-06-05T11:56:15","modified_gmt":"2025-06-05T11:56:15","slug":"le-royaume-uni-accuse-apple-de-ne-pas-faire-assez-pour-lutter-contre-les-vols-diphone","status":"publish","type":"post","link":"https:\/\/www.europesays.com\/fr\/153866\/","title":{"rendered":"Le Royaume-Uni accuse Apple de ne pas faire assez pour lutter contre les vols d&rsquo;iPhone"},"content":{"rendered":"<p>Le vol de smartphones est en forte hausse \u00e0 l\u2019\u00e9chelle mondiale,\u00a0 plus de 80 000 mobiles ayant \u00e9t\u00e9 vol\u00e9s rien qu\u2019\u00e0 Londres en 2024 \u2014 soit une augmentation du nombre de vols de 25 % par rapport \u00e0 l\u2019ann\u00e9e pr\u00e9c\u00e9dente. Les parlementaires britanniques s\u2019interrogent d\u00e9sormais sur l\u2019implication r\u00e9elle d\u2019Apple et de Google dans la lutte contre ce fl\u00e9au. Bien que les deux g\u00e9ants technologiques mettent en avant des outils comme Localiser ou la s\u00e9curit\u00e9 des donn\u00e9es dans le cloud, certains d\u00e9put\u00e9s estiment d\u00e9sormais que ces mesures restent insuffisantes pour dissuader les voleurs. Les autorit\u00e9s britanniques demandent ainsi que l\u2019acc\u00e8s au cloud soit d\u00e9sactiv\u00e9 sur les appareils vol\u00e9s, ce qui les rendrait inutilisables et limiterait leur valeur de revente.<\/p>\n<p><img loading=\"lazy\" decoding=\"async\" class=\"aligncenter size-medium wp-image-145941\" src=\"https:\/\/www.europesays.com\/fr\/wp-content\/uploads\/2025\/06\/Vol-iphone-560x307.jpg\" alt=\"Vol iphone\" width=\"560\" height=\"307\"\/><\/p>\n<p>Certains \u00e9lus soup\u00e7onnent m\u00eame Apple et Google d\u2019avoir un int\u00e9r\u00eat financier \u00e0 ne pas aller plus loin, ce que les entreprises contestent fermement en mettant en avant leurs investissements dans la protection des utilisateurs. Martin Wrigley, membre du parlement du Royaume-Uni, sugg\u00e8re ainsi que les entreprises n\u2019agiraient pas parce qu\u2019elles en tirent profit: \u00ab Apple et Google continuent de faire des b\u00e9n\u00e9fices et de vendre davantage de t\u00e9l\u00e9phones parce que ces appareils ne sont pas retir\u00e9s du syst\u00e8me \u00bb, a d\u00e9clar\u00e9 le parlementaire face aux repr\u00e9sentants des deux entreprises lors d\u2019une s\u00e9ance du comit\u00e9 Science et Technologie de la Chambre des communes. \u00ab Vous devez cela aux clients du monde entier : mettez cela en place imm\u00e9diatement. Pas de si, pas de mais, faites-le. \u00bb<\/p>\n<p>Face \u00e0 cette recrudescence, des larcins, les forces de l\u2019ordre ont intensifi\u00e9 leurs actions. La police m\u00e9tropolitaine indique que le vol de smartphones a diminu\u00e9 de 15 % en avril et mai apr\u00e8s un renforcement de la surveillance, m\u00eame si ces d\u00e9lits restent toujours fr\u00e9quents \u2014 avec notamment une augmentation des vols r\u00e9alis\u00e9s par des adolescents \u00e0 v\u00e9lo \u00e9lectrique qui arrachent des mains les mobiles\u00a0 en pleine rue. Les iPhone haut de gamme d\u2019Apple sont particuli\u00e8rement vis\u00e9s, en raison de leur forte valeur de revente \u00e0 l\u2019\u00e9tranger. Les utilisateurs sont invit\u00e9s \u00e0 faire preuve de vigilance dans les lieux publics, \u00e0 ne pas laisser leurs smartphones sans surveillance, et \u00e0 activer les fonctions de s\u00e9curit\u00e9 comme la protection contre le vol. En cas de vol, il est recommand\u00e9 d\u2019utiliser Localiser, de marquer l\u2019appareil comme perdu, de d\u00e9poser une plainte aupr\u00e8s de la police et, le cas \u00e9ch\u00e9ant, de faire une demande de remplacement via le programme AppleCare+ Vol et Perte.<\/p>\n","protected":false},"excerpt":{"rendered":"Le vol de smartphones est en forte hausse \u00e0 l\u2019\u00e9chelle mondiale,\u00a0 plus de 80 000 mobiles ayant \u00e9t\u00e9&hellip;\n","protected":false},"author":2,"featured_media":153867,"comment_status":"","ping_status":"","sticky":false,"template":"","format":"standard","meta":{"footnotes":""},"categories":[1588],"tags":[11,1777,674,655,303,12,1072,473,1853,724,1851,1850,1852],"class_list":{"0":"post-153866","1":"post","2":"type-post","3":"status-publish","4":"format-standard","5":"has-post-thumbnail","7":"category-royaume-uni","8":"tag-actualites","9":"tag-eu","10":"tag-europe","11":"tag-iphone","12":"tag-justice","13":"tag-news","14":"tag-police","15":"tag-royaume-uni","16":"tag-royaume-uni-de-grande-bretagne-et-dirlande-du-nord","17":"tag-smartphone","18":"tag-uk","19":"tag-united-kingdom","20":"tag-united-kingdom-of-great-britain-and-northern-ireland"},"share_on_mastodon":{"url":"https:\/\/pubeurope.com\/@fr\/114630635241769153","error":""},"_links":{"self":[{"href":"https:\/\/www.europesays.com\/fr\/wp-json\/wp\/v2\/posts\/153866","targetHints":{"allow":["GET"]}}],"collection":[{"href":"https:\/\/www.europesays.com\/fr\/wp-json\/wp\/v2\/posts"}],"about":[{"href":"https:\/\/www.europesays.com\/fr\/wp-json\/wp\/v2\/types\/post"}],"author":[{"embeddable":true,"href":"https:\/\/www.europesays.com\/fr\/wp-json\/wp\/v2\/users\/2"}],"replies":[{"embeddable":true,"href":"https:\/\/www.europesays.com\/fr\/wp-json\/wp\/v2\/comments?post=153866"}],"version-history":[{"count":0,"href":"https:\/\/www.europesays.com\/fr\/wp-json\/wp\/v2\/posts\/153866\/revisions"}],"wp:featuredmedia":[{"embeddable":true,"href":"https:\/\/www.europesays.com\/fr\/wp-json\/wp\/v2\/media\/153867"}],"wp:attachment":[{"href":"https:\/\/www.europesays.com\/fr\/wp-json\/wp\/v2\/media?parent=153866"}],"wp:term":[{"taxonomy":"category","embeddable":true,"href":"https:\/\/www.europesays.com\/fr\/wp-json\/wp\/v2\/categories?post=153866"},{"taxonomy":"post_tag","embeddable":true,"href":"https:\/\/www.europesays.com\/fr\/wp-json\/wp\/v2\/tags?post=153866"}],"curies":[{"name":"wp","href":"https:\/\/api.w.org\/{rel}","templated":true}]}}