{"id":153877,"date":"2025-06-05T12:02:10","date_gmt":"2025-06-05T12:02:10","guid":{"rendered":"https:\/\/www.europesays.com\/fr\/153877\/"},"modified":"2025-06-05T12:02:10","modified_gmt":"2025-06-05T12:02:10","slug":"decouvrez-la-liste-complete-de-lequipe-de-france","status":"publish","type":"post","link":"https:\/\/www.europesays.com\/fr\/153877\/","title":{"rendered":"d\u00e9couvrez la liste compl\u00e8te de l&rsquo;\u00e9quipe de France"},"content":{"rendered":"<p>Laurent Bonadei, le s\u00e9lectionneur de l&rsquo;\u00e9quipe de France, a s\u00e9lectionn\u00e9 23 joueuses parmi lesquelles l&rsquo;attaquante star Marie-Antoinette Katoto et <a href=\"https:\/\/www.ledauphine.com\/sport\/2025\/05\/29\/qui-est-griedge-mbock-la-nouvelle-capitaine-des-bleues\" target=\"_blank\" rel=\"noopener\">sa nouvelle capitaine Griedge Mbock<\/a> pour l&rsquo;Euro f\u00e9minin en Suisse du 2 au 27 juillet, selon la liste d\u00e9voil\u00e9e jeudi lors du 13h de TF1.<\/p>\n<p>Comme attendu, Bonadei a d\u00e9cid\u00e9 de se passer de <a href=\"https:\/\/www.ledauphine.com\/p\/wendie-renard\" target=\"_blank\" rel=\"noopener\">Wendie Renard<\/a>, d&rsquo;<a href=\"https:\/\/www.ledauphine.com\/p\/eugenie-le-sommer\" target=\"_blank\" rel=\"noopener\">Eug\u00e9nie Le Sommer<\/a> et de <a href=\"https:\/\/www.ledauphine.com\/p\/kenza-dali\" target=\"_blank\" rel=\"noopener\">Kenza Dali<\/a>, trois cadres aux 444 s\u00e9lections cumul\u00e9es, pour donner un nouveau souffle \u00e0 une \u00e9quipe toujours en qu\u00eate de son premier titre majeur dans une comp\u00e9tition internationale.<\/p>\n<p>  Geyoro et Toletti vice-capitaines<\/p>\n<p>Les attaquantes Delphine Cascarino et Kadidiatou Diani ainsi que la d\u00e9fenseuse Ma\u00eblle Lakrar, qui avaient d\u00fb quitter le pr\u00e9c\u00e9dent rassemblement de <a href=\"https:\/\/www.ledauphine.com\/sport\/equipe-de-france-de-football\" target=\"_blank\" rel=\"noopener\">l&rsquo;\u00e9quipe de France<\/a> la semaine pass\u00e9e pour deux matches de Ligue des nations, figurent bien dans le groupe qui s&rsquo;envolera en Suisse. <\/p>\n<p>Pour les deux rencontres face \u00e0 la Suisse &#8211; <a href=\"https:\/\/www.ledauphine.com\/sport\/2025\/05\/30\/ligue-des-nations-meme-qualifiee-l-equipe-de-france-reste-sans-pitie\" target=\"_blank\" rel=\"noopener\">victoire 4-0<\/a> &#8211; vendredi dernier et face \u00e0 l&rsquo;Islande &#8211; <a href=\"https:\/\/www.ledauphine.com\/sport\/2025\/06\/03\/les-francaises-enchainent-une-6e-victoire-en-ligue-des-nations-face-a-l-islande\" target=\"_blank\" rel=\"noopener\">victoire 2-0<\/a> &#8211; lundi, Bonadei avait retenu 24 joueuses, dont la jeune attaquante du Paris FC, Kessya Bussy, qui fait les frais du resserrement du groupe \u00e0 23 pour l&rsquo;Euro. <\/p>\n<p>En Suisse, les milieux Sakina Karchaoui, Grace Geyoro (PSG) et Sandie Toletti (Real Madrid), qui ont port\u00e9 le brassard cette saison lors des diff\u00e9rents forfaits de Wendie Renard, entoureront <a href=\"https:\/\/www.ledauphine.com\/p\/griedge-mbock\" target=\"_blank\" rel=\"noopener\">Griedge Mbock<\/a> en tant que vice-capitaines.<\/p>\n<p>Katoto face \u00e0 la concurrence<\/p>\n<p>Et si Marie-Antoinette Katoto, qui a officialis\u00e9 mercredi sa venue \u00e0 l&rsquo;OL Lyonnes apr\u00e8s 12 saisons pass\u00e9es au PSG, est incontestablement la star de l&rsquo;\u00e9quipe, elle va faire face \u00e0 une concurrence in\u00e9dite en attaque chez les Bleues. \u00ab MAK \u00bb doit faire face \u00e0 la saison prolifique de l&rsquo;attaquante du Paris FC, Clara Mat\u00e9o, d\u00e9sign\u00e9e meilleure joueuse du championnat de France qu&rsquo;elle a termin\u00e9 en tant que meilleure buteuse avec 18 r\u00e9alisations, et composer \u00e9galement avec la grande forme de la joueuse de Chelsea, Sandy Baltimore, buteuse lors des cinq derni\u00e8res rencontres de l&rsquo;\u00e9quipe de France. <\/p>\n<p>Depuis son av\u00e8nement \u00e0 la t\u00eate des Bleues en octobre dernier \u00e0 la place de Herv\u00e9 Renard dont il \u00e9tait l&rsquo;adjoint, Bonadei s&rsquo;appuie surtout sur une solide arri\u00e8re-garde: lors de la phase de poule de Ligue des nations, dont elles disputeront la finale \u00e0 quatre en octobre, les Bleues n&rsquo;ont encaiss\u00e9 que deux buts. <\/p>\n<p>Elles poursuivront leur pr\u00e9paration \u00e0 l&rsquo;Euro contre la Belgique, le 20 juin \u00e0 Valenciennes, puis le Br\u00e9sil, le 27 juin \u00e0 Grenoble, avant de d\u00e9buter leur Championnat d&rsquo;Europe le 5 juillet contre la redoutable Angleterre \u00e0 Zurich. <\/p>\n","protected":false},"excerpt":{"rendered":"Laurent Bonadei, le s\u00e9lectionneur de l&rsquo;\u00e9quipe de France, a s\u00e9lectionn\u00e9 23 joueuses parmi lesquelles l&rsquo;attaquante star Marie-Antoinette Katoto&hellip;\n","protected":false},"author":2,"featured_media":153878,"comment_status":"","ping_status":"","sticky":false,"template":"","format":"standard","meta":{"footnotes":""},"categories":[4],"tags":[11,6713,107,63,1011,27,12,25,517,1947],"class_list":{"0":"post-153877","1":"post","2":"type-post","3":"status-publish","4":"format-standard","5":"has-post-thumbnail","7":"category-france","8":"tag-actualites","9":"tag-equipe-de-france-de-football","10":"tag-fil-info","11":"tag-football","12":"tag-fr","13":"tag-france","14":"tag-news","15":"tag-republique-francaise","16":"tag-sport","17":"tag-sport-national"},"share_on_mastodon":{"url":"https:\/\/pubeurope.com\/@fr\/114630658813164143","error":""},"_links":{"self":[{"href":"https:\/\/www.europesays.com\/fr\/wp-json\/wp\/v2\/posts\/153877","targetHints":{"allow":["GET"]}}],"collection":[{"href":"https:\/\/www.europesays.com\/fr\/wp-json\/wp\/v2\/posts"}],"about":[{"href":"https:\/\/www.europesays.com\/fr\/wp-json\/wp\/v2\/types\/post"}],"author":[{"embeddable":true,"href":"https:\/\/www.europesays.com\/fr\/wp-json\/wp\/v2\/users\/2"}],"replies":[{"embeddable":true,"href":"https:\/\/www.europesays.com\/fr\/wp-json\/wp\/v2\/comments?post=153877"}],"version-history":[{"count":0,"href":"https:\/\/www.europesays.com\/fr\/wp-json\/wp\/v2\/posts\/153877\/revisions"}],"wp:featuredmedia":[{"embeddable":true,"href":"https:\/\/www.europesays.com\/fr\/wp-json\/wp\/v2\/media\/153878"}],"wp:attachment":[{"href":"https:\/\/www.europesays.com\/fr\/wp-json\/wp\/v2\/media?parent=153877"}],"wp:term":[{"taxonomy":"category","embeddable":true,"href":"https:\/\/www.europesays.com\/fr\/wp-json\/wp\/v2\/categories?post=153877"},{"taxonomy":"post_tag","embeddable":true,"href":"https:\/\/www.europesays.com\/fr\/wp-json\/wp\/v2\/tags?post=153877"}],"curies":[{"name":"wp","href":"https:\/\/api.w.org\/{rel}","templated":true}]}}