{"id":153884,"date":"2025-06-05T12:09:10","date_gmt":"2025-06-05T12:09:10","guid":{"rendered":"https:\/\/www.europesays.com\/fr\/153884\/"},"modified":"2025-06-05T12:09:10","modified_gmt":"2025-06-05T12:09:10","slug":"apres-tant-dannees-psg-le-film-du-sacre-diffuse-en-clair-sur-canal","status":"publish","type":"post","link":"https:\/\/www.europesays.com\/fr\/153884\/","title":{"rendered":"\u00ab\u00a0Apr\u00e8s tant d\u2019ann\u00e9es\u2026 PSG\u00a0: le film du sacre\u00a0\u00bb diffus\u00e9 en clair sur Canal+"},"content":{"rendered":"<p><img decoding=\"async\" src=\"https:\/\/www.europesays.com\/fr\/wp-content\/uploads\/2025\/06\/doc-canal-678x381.jpeg\" alt=\"\" title=\"\"\/><\/p>\n<p style=\"text-align: justify;\"><strong>Enfin, le Paris Saint-Germain est devenu champion d\u2019Europe en remportant l\u2019UEFA Champions League. Ce dimanche, Canal+ propose \u00e0 ses abonn\u00e9s un documentaire exceptionnel sur la folle semaine parisienne.<\/strong><\/p>\n<p style=\"text-align: justify;\">\u00ab Apr\u00e8s tant d\u2019ann\u00e9es\u2026 \u00bb \u00e0 essayer, trembler, \u00e9chouer, lutter, le club de la capitale a r\u00e9ussi \u00e0 enflammer le football international en \u00e9crasant l\u2019Inter Milan 5 \u00e0 0 en finale. Les \u00e9quipes du service des sports font revivre aux abonn\u00e9s cette magnifique semaine de l\u2019int\u00e9rieur, \u00e0 travers les yeux de supporters atypiques, qui auront vu basculer Paris dans une nouvelle dimension.<\/p>\n<p style=\"text-align: justify;\">\u00ab\u00a0Apr\u00e8s tant d\u2019ann\u00e9es\u2026 PSG : le film du sacre\u00a0\u00bb \u2013\u00a0Dimanche 8 juin en clair sur Canal+ \u00e0 19h30<\/p>\n<p style=\"text-align: justify;\">R\u00e9alis\u00e9 par : Pierre Gratiot, Anthony Wolfstyn et le service des sports de Canal<\/p>\n<p style=\"text-align: justify;\">Dur\u00e9e : 75\u2032<\/p>\n<p><img loading=\"lazy\" decoding=\"async\" class=\"alignnone size-full wp-image-41435\" src=\"https:\/\/www.europesays.com\/fr\/wp-content\/uploads\/2025\/06\/doc-canal-e1749122639330.jpeg\" alt=\"\" width=\"620\" height=\"349\"\/><\/p>\n","protected":false},"excerpt":{"rendered":"Enfin, le Paris Saint-Germain est devenu champion d\u2019Europe en remportant l\u2019UEFA Champions League. Ce dimanche, Canal+ propose \u00e0&hellip;\n","protected":false},"author":2,"featured_media":153885,"comment_status":"","ping_status":"","sticky":false,"template":"","format":"standard","meta":{"footnotes":""},"categories":[1412],"tags":[28375,10474,28376,28377,28378,1451,1452,1453,1454,1455,1011,27,60],"class_list":{"0":"post-153884","1":"post","2":"type-post","3":"status-publish","4":"format-standard","5":"has-post-thumbnail","7":"category-f1","8":"tag-canal-sport","9":"tag-canal","10":"tag-canal-foot","11":"tag-canal-psg","12":"tag-doc-canal","13":"tag-f1","14":"tag-formula-1","15":"tag-formula1","16":"tag-formule-1","17":"tag-formule1","18":"tag-fr","19":"tag-france","20":"tag-sports"},"share_on_mastodon":{"url":"https:\/\/pubeurope.com\/@fr\/114630686574861256","error":""},"_links":{"self":[{"href":"https:\/\/www.europesays.com\/fr\/wp-json\/wp\/v2\/posts\/153884","targetHints":{"allow":["GET"]}}],"collection":[{"href":"https:\/\/www.europesays.com\/fr\/wp-json\/wp\/v2\/posts"}],"about":[{"href":"https:\/\/www.europesays.com\/fr\/wp-json\/wp\/v2\/types\/post"}],"author":[{"embeddable":true,"href":"https:\/\/www.europesays.com\/fr\/wp-json\/wp\/v2\/users\/2"}],"replies":[{"embeddable":true,"href":"https:\/\/www.europesays.com\/fr\/wp-json\/wp\/v2\/comments?post=153884"}],"version-history":[{"count":0,"href":"https:\/\/www.europesays.com\/fr\/wp-json\/wp\/v2\/posts\/153884\/revisions"}],"wp:featuredmedia":[{"embeddable":true,"href":"https:\/\/www.europesays.com\/fr\/wp-json\/wp\/v2\/media\/153885"}],"wp:attachment":[{"href":"https:\/\/www.europesays.com\/fr\/wp-json\/wp\/v2\/media?parent=153884"}],"wp:term":[{"taxonomy":"category","embeddable":true,"href":"https:\/\/www.europesays.com\/fr\/wp-json\/wp\/v2\/categories?post=153884"},{"taxonomy":"post_tag","embeddable":true,"href":"https:\/\/www.europesays.com\/fr\/wp-json\/wp\/v2\/tags?post=153884"}],"curies":[{"name":"wp","href":"https:\/\/api.w.org\/{rel}","templated":true}]}}