{"id":153890,"date":"2025-06-05T12:12:10","date_gmt":"2025-06-05T12:12:10","guid":{"rendered":"https:\/\/www.europesays.com\/fr\/153890\/"},"modified":"2025-06-05T12:12:10","modified_gmt":"2025-06-05T12:12:10","slug":"gerard-lenorman-a-quoi-ressemble-sa-splendide-maison-avec-piscine-situee-dans-un-joyau-de-la-cote-dazur","status":"publish","type":"post","link":"https:\/\/www.europesays.com\/fr\/153890\/","title":{"rendered":"G\u00e9rard Lenorman : \u00e0 quoi ressemble sa splendide maison avec piscine situ\u00e9e dans un joyau de la C\u00f4te-d&rsquo;Azur ?"},"content":{"rendered":"<p>Il a chant\u00e9 la douceur, l\u2019espoir et les sentiments\u2026 Aujourd\u2019hui,<br \/>\n<a href=\"https:\/\/www.closermag.fr\/people\/gerard-lenorman-traumatise-par-sa-mere-le-chanteur-se-confie-1494266\" rel=\"nofollow noopener\" target=\"_blank\"><br \/>\nG\u00e9rard Lenorman<\/a> savoure une existence paisible, bien loin des<br \/>\nsc\u00e8nes et des studios. \u00c0 79 ans, l\u2019auteur de La Ballade des<br \/>\ngens heureux s\u2019est install\u00e9 dans un petit coin de paradis :<br \/>\n<strong>Sanary-sur-Mer, une charmante commune du Var o\u00f9 le temps<br \/>\nsemble s\u2019\u00e9couler plus lentement<\/strong>. L\u00e0-bas, il habite une<br \/>\nmaison avec piscine, entour\u00e9e d\u2019un jardin et berc\u00e9e par les<br \/>\ncigales. Un lieu \u00e0 l\u2019image de l\u2019artiste : discret, chaleureux,<br \/>\nprofond\u00e9ment attach\u00e9 \u00e0 l\u2019essentiel, explique <strong>Pure<br \/>\nPeople<\/strong>.<\/p>\n<p>C\u2019est dans cette atmosph\u00e8re paisible et lumineuse que le<br \/>\nchanteur a choisi de poser ses valises. Il faut dire que<br \/>\nSanary-sur-Mer a tout pour plaire : <strong>une vue sur la<br \/>\nM\u00e9diterran\u00e9e, un port de carte postale, et surtout un march\u00e9<br \/>\nd\u2019exception, \u00e9lu plus beau de France en 2018<\/strong>. Pour G\u00e9rard<br \/>\nLenorman, c\u2019est un retour \u00e0 une vie simple, \u00e0 la fois intime et<br \/>\ninspirante. Car m\u00eame s\u2019il s\u2019\u00e9loigne des micros, son amour de la<br \/>\nnature et des gens continue de guider ses pas.<\/p>\n<p>Une maison pleine de charme et de lumi\u00e8re<\/p>\n<blockquote class=\"instagram-media\" style=\"background: #ffffff;border: 0;margin: 1px;width: 100%;padding: 0;max-width: 500px;\" data-instgrm-permalink=\"https:\/\/www.instagram.com\/p\/DESZRyENzR4\/\" data-instgrm-version=\"14\"\/>\n<p>La maison de G\u00e9rard Lenorman, bien loin des fastes des villas de<br \/>\nstars, incarne <a href=\"https:\/\/www.closermag.fr\/people\/karine-le-marchand-a-quoi-ressemble-son-magnifique-domaine-a-aix-en-provence-3545828\" rel=\"nofollow noopener\" target=\"_blank\"><br \/>\nun certain art de vivre proven\u00e7al<\/a>. <strong>Fa\u00e7ade en pierre<br \/>\nclaire, volets verts, jardin fleuri et piscine turquoise : le d\u00e9cor<br \/>\nest plant\u00e9<\/strong>. On imagine sans peine l\u2019artiste fl\u00e2ner le<br \/>\nmatin dans son jardin, un caf\u00e9 \u00e0 la main, profitant des parfums de<br \/>\nlavande et du chant des oiseaux. C\u2019est ici qu\u2019il trouve le calme<br \/>\ndont il a toujours eu besoin, entre deux souvenirs et mille projets<br \/>\nr\u00eav\u00e9s.<\/p>\n<p>La piscine, c\u0153ur de la maison, n\u2019est pas qu\u2019un luxe.<br \/>\n<strong>Elle est un refuge, un coin de fra\u00eecheur dans les journ\u00e9es<br \/>\nensoleill\u00e9es du Sud<\/strong>. Un lieu de d\u00e9tente, de r\u00e9flexion<br \/>\npeut-\u00eatre. Car pour G\u00e9rard Lenorman, vivre dans cette maison, c\u2019est<br \/>\nun peu prolonger l\u2019enfance et les \u00e9t\u00e9s insouciants qu\u2019il \u00e9voquait<br \/>\ndans ses chansons. Ici, on vit simplement, mais pleinement.<\/p>\n<p>Sanary-sur-Mer, havre de paix pour les<br \/>\nartistes<\/p>\n<p>Sanary, c\u2019est bien plus qu\u2019un d\u00e9cor de carte postale. C\u2019est une<br \/>\nville d\u2019\u00e2me, une terre d\u2019inspiration qui a d\u00e9j\u00e0 s\u00e9duit de nombreux<br \/>\nartistes. <strong>Jean Cocteau, Aldous Huxley ou encore Stefan<br \/>\nZweig y ont s\u00e9journ\u00e9\u2026<\/strong> G\u00e9rard Lenorman y poursuit cette<br \/>\ntradition d\u2019intellectuels et de r\u00eaveurs venus chercher la lumi\u00e8re,<br \/>\nle silence, l\u2019essentiel. Et il ne s\u2019en cache pas : c\u2019est l\u00e0 qu\u2019il<br \/>\nse sent chez lui.<\/p>\n<p>Il y a, dans ce coin de <a href=\"https:\/\/www.closermag.fr\/people\/maison-de-luxe-a-quoi-ressemble-une-fabuleuse-propriete-a-123-millions-deuros-sur-la-cote-dazur-3542038\" rel=\"nofollow noopener\" target=\"_blank\"><br \/>\nC\u00f4te-d\u2019Azur<\/a>, quelque chose de profond\u00e9ment humain. <strong>Les<br \/>\ngens s\u2019y saluent, les commer\u00e7ants connaissent les pr\u00e9noms de leurs<br \/>\nclients, et les ruelles sentent bon la confiture maison<\/strong>.<br \/>\nPour G\u00e9rard Lenorman, ce quotidien simple, fait de rencontres et de<br \/>\npetits plaisirs, est une forme de bonheur. Un bonheur qu\u2019il cultive<br \/>\nd\u00e9sormais loin des projecteurs, mais toujours avec cette m\u00eame<br \/>\npo\u00e9sie dans le regard.<\/p>\n<p><script async src=\"\/\/www.instagram.com\/embed.js\"><\/script><\/p>\n","protected":false},"excerpt":{"rendered":"Il a chant\u00e9 la douceur, l\u2019espoir et les sentiments\u2026 Aujourd\u2019hui, G\u00e9rard Lenorman savoure une existence paisible, bien loin&hellip;\n","protected":false},"author":2,"featured_media":153891,"comment_status":"","ping_status":"","sticky":false,"template":"","format":"standard","meta":{"footnotes":""},"categories":[1359],"tags":[548,58,59,1011,27,28379,8414,973],"class_list":{"0":"post-153890","1":"post","2":"type-post","3":"status-publish","4":"format-standard","5":"has-post-thumbnail","7":"category-people","8":"tag-article-simple","9":"tag-divertissement","10":"tag-entertainment","11":"tag-fr","12":"tag-france","13":"tag-gerard-lenorman","14":"tag-maisons-de-stars","15":"tag-people"},"share_on_mastodon":{"url":"https:\/\/pubeurope.com\/@fr\/114630698150726390","error":""},"_links":{"self":[{"href":"https:\/\/www.europesays.com\/fr\/wp-json\/wp\/v2\/posts\/153890","targetHints":{"allow":["GET"]}}],"collection":[{"href":"https:\/\/www.europesays.com\/fr\/wp-json\/wp\/v2\/posts"}],"about":[{"href":"https:\/\/www.europesays.com\/fr\/wp-json\/wp\/v2\/types\/post"}],"author":[{"embeddable":true,"href":"https:\/\/www.europesays.com\/fr\/wp-json\/wp\/v2\/users\/2"}],"replies":[{"embeddable":true,"href":"https:\/\/www.europesays.com\/fr\/wp-json\/wp\/v2\/comments?post=153890"}],"version-history":[{"count":0,"href":"https:\/\/www.europesays.com\/fr\/wp-json\/wp\/v2\/posts\/153890\/revisions"}],"wp:featuredmedia":[{"embeddable":true,"href":"https:\/\/www.europesays.com\/fr\/wp-json\/wp\/v2\/media\/153891"}],"wp:attachment":[{"href":"https:\/\/www.europesays.com\/fr\/wp-json\/wp\/v2\/media?parent=153890"}],"wp:term":[{"taxonomy":"category","embeddable":true,"href":"https:\/\/www.europesays.com\/fr\/wp-json\/wp\/v2\/categories?post=153890"},{"taxonomy":"post_tag","embeddable":true,"href":"https:\/\/www.europesays.com\/fr\/wp-json\/wp\/v2\/tags?post=153890"}],"curies":[{"name":"wp","href":"https:\/\/api.w.org\/{rel}","templated":true}]}}