{"id":153896,"date":"2025-06-05T12:15:24","date_gmt":"2025-06-05T12:15:24","guid":{"rendered":"https:\/\/www.europesays.com\/fr\/153896\/"},"modified":"2025-06-05T12:15:24","modified_gmt":"2025-06-05T12:15:24","slug":"joel-tout-le-monde-veut-prendre-sa-place-egalise-avec-un-autre-champion-emblematique-dans-le-classement","status":"publish","type":"post","link":"https:\/\/www.europesays.com\/fr\/153896\/","title":{"rendered":"Jo\u00ebl (Tout le monde veut prendre sa place) \u00e9galise avec un autre champion embl\u00e9matique dans le classement !"},"content":{"rendered":"<p>Jo\u00ebl, l&rsquo;actuel champion de Tout le monde veut prendre sa place, a d\u00e9croch\u00e9 sa 130e victoire, ce jeudi 5 juin 2025. Avec cet exploit, le conducteur de trains \u00e0 la retraite \u00e9galise avec un autre grand candidat embl\u00e9matique du programme.<\/p>\n<p>Jusqu&rsquo;o\u00f9 ira Jo\u00ebl ? Depuis le 22 janvier, le champion de Tout le monde veut prendre sa place encha\u00eene les succ\u00e8s sur France 2.  S&rsquo;il a connu des difficult\u00e9s \u00e0 garder le fauteuil rouge, \u2013\u00a0<a href=\"https:\/\/www.programme-tv.net\/news\/tv\/378366-je-suis-content-d-avoir-perdu-joel-tout-le-monde-veut-prendre-sa-place-revele-la-belle-histoire-derriere-sa-troisieme-defaite-dans-le-jeu\/\" data-api-deeplink=\"teleloisirs:\/\/news\/378366\" target=\"_blank\" rel=\"noopener\">il a surmont\u00e9 une troisi\u00e8me d\u00e9faite le 7 mai dernier<\/a>\u00a0\u2013, le conducteur de trains \u00e0 la retraite venu de Labenne dans les Landes enregistre sa 130e victoire \u00e0 la t\u00eate du jeu pr\u00e9sent\u00e9 par Cyril F\u00e9raud. \u00ab\u00a0Je finirai par perdre mais \u00e7a ne me fait pas peur. En attendant, j&rsquo;ai la chance d&rsquo;\u00eatre sur le fauteuil de champion et je fais tout pour y rester\u00a0\u00bb, <a href=\"https:\/\/www.programme-tv.net\/news\/tv\/376958-on-senvoie-des-sms-joel-tout-le-monde-veut-prendre-sa-place-en-dit-plus-sur-sa-relation-avec-cyril-feraud-en-dehors-des-tournages\/\" data-api-deeplink=\"teleloisirs:\/\/news\/376958\" target=\"_blank\" rel=\"noopener\">avait-il confi\u00e9 \u00e0 T\u00e9l\u00e9-Loisirs en avril dernier.<\/a><\/p>\n<p>Tout le monde veut prendre sa place : Jo\u00ebl devient 7e plus grand champion du jeu de Cyril F\u00e9raud ex aequo<\/p>\n<p>Ce jeudi 5 juin, Jo\u00ebl a franchi un nouveau cap dans Tout le monde veut prendre sa place. <a href=\"https:\/\/www.programme-tv.net\/news\/tv\/309002-exclu-mathieu-elimine-de-tout-le-monde-veut-prendre-sa-place-cest-tres-brutal-je-ne-mattendais-pas-a-partir-a-ce-moment-la\/\" data-api-deeplink=\"teleloisirs:\/\/news\/309002\" target=\"_blank\" rel=\"noopener\">Apr\u00e8s avoir chass\u00e9 du classement <\/a><a href=\"https:\/\/www.programme-tv.net\/news\/tv\/378534-ca-me-paraissait-inaccessible-joel-tout-le-monde-veut-prendre-sa-place-depasse-une-championne-emblematique-du-jeu\/\" data-api-deeplink=\"teleloisirs:\/\/news\/378534\" target=\"_blank\" rel=\"noopener\">Isabelle<\/a>, S\u00e9bastien et <a href=\"https:\/\/www.programme-tv.net\/news\/tv\/379976-joel-tout-le-monde-veut-prendre-sa-place-bat-jean-michel-et-devient-8e-plus-grand-champion-du-jeu-de-cyril-feraud\/\" data-api-deeplink=\"teleloisirs:\/\/news\/379976\" target=\"_blank\" rel=\"noopener\">Jean-Michel<\/a>, <b>il \u00e9galise son nombre de victoires avec Christophe,<\/b> qui avait occup\u00e9 le fauteuil rouge du jeu sous l&rsquo;\u00e8re Nagui. D\u00e9but 2011, celui qui \u00e9tait alors troisi\u00e8me plus grand gagnant du jeu du midi partait avec <b>157 700 euros <\/b>au terme de<b> 130 victoires<\/b> mais aussi une voiture et trois voyages, en Gr\u00e8ce, au S\u00e9n\u00e9gal et \u00e0 Tahiti. S&rsquo;il remporte une nouvelle partie d\u00e8s demain soit le vendredi 6 juin, le passionn\u00e9 de rugby supporter de l&rsquo;Aviron Bayonnais, quant \u00e0 lui,  deviendra<b> le 7e champion du jeu du midi.<\/b><\/p>\n<p>                        Qui est Christophe, le candidat avec lequel Jo\u00ebl est champion ex aequo dans Tout le monde veut prendre sa place ?<\/p>\n<p>Originaire de Belgique, Christophe exerce la profession de journaliste. Depuis sa participation, il s&rsquo;est illustr\u00e9 comme chroniqueur \u00e0 la radio et \u00e0 la t\u00e9l\u00e9vision notamment dans l&rsquo;\u00e9mission On n&rsquo;est pas des pigeons. Le brillant candidat \u00e9tait \u00e9galement revenu dans le jeu du midi \u00e0 l&rsquo;occasion de sp\u00e9ciales comme lors de la 5000e \u00e9mission pr\u00e9sent\u00e9e par Nagui. L&rsquo;occasion<a href=\"https:\/\/www.programme-tv.net\/news\/tv\/276691-tout-le-monde-veut-prendre-sa-place-christophe-donne-des-nouvelles-derwan-qui-voulait-devenir-pilote-video\/\" data-api-deeplink=\"teleloisirs:\/\/news\/276691\" target=\"_blank\" rel=\"noopener\"> pour lui de donner des nouvelles d&rsquo;Erwan, <\/a>un Challenger qui avait pu remporter une jolie somme lors d&rsquo;une de ses d\u00e9faites. Plus r\u00e9cemment, en d\u00e9cembre dernier, l&rsquo;ancien champion de 51 ans est revenu sur le plateau de France 2 lorsque Cyril F\u00e9raud avait r\u00e9uni<a href=\"https:\/\/www.programme-tv.net\/news\/tv\/366531-exclu-isabelle-retrouve-cyril-feraud-retour-de-marie-christine-on-etait-sur-le-tournage-de-tout-le-monde-veut-prendre-sa-place-avec-les-anciens-champions\/\" data-api-deeplink=\"teleloisirs:\/\/news\/366531\" target=\"_blank\" rel=\"noopener\"> d&rsquo;anciens candidats du jeu pour la bonne cause.<\/a><\/p>\n","protected":false},"excerpt":{"rendered":"Jo\u00ebl, l&rsquo;actuel champion de Tout le monde veut prendre sa place, a d\u00e9croch\u00e9 sa 130e victoire, ce jeudi&hellip;\n","protected":false},"author":2,"featured_media":153897,"comment_status":"","ping_status":"","sticky":false,"template":"","format":"standard","meta":{"footnotes":""},"categories":[1356],"tags":[244,12119,58,59,1011,27,594,14497,252,12120,1364,1630],"class_list":{"0":"post-153896","1":"post","2":"type-post","3":"status-publish","4":"format-standard","5":"has-post-thumbnail","7":"category-television","8":"tag-commentaire","9":"tag-cyril-fu00e9raud","10":"tag-divertissement","11":"tag-entertainment","12":"tag-fr","13":"tag-france","14":"tag-france-2","15":"tag-jou00ebl-tout-le-monde-veut-prendre-sa-place","16":"tag-television","17":"tag-tout-le-monde-veut-prendre-sa-place","18":"tag-tv","19":"tag-zapping"},"share_on_mastodon":{"url":"https:\/\/pubeurope.com\/@fr\/114630709987269118","error":""},"_links":{"self":[{"href":"https:\/\/www.europesays.com\/fr\/wp-json\/wp\/v2\/posts\/153896","targetHints":{"allow":["GET"]}}],"collection":[{"href":"https:\/\/www.europesays.com\/fr\/wp-json\/wp\/v2\/posts"}],"about":[{"href":"https:\/\/www.europesays.com\/fr\/wp-json\/wp\/v2\/types\/post"}],"author":[{"embeddable":true,"href":"https:\/\/www.europesays.com\/fr\/wp-json\/wp\/v2\/users\/2"}],"replies":[{"embeddable":true,"href":"https:\/\/www.europesays.com\/fr\/wp-json\/wp\/v2\/comments?post=153896"}],"version-history":[{"count":0,"href":"https:\/\/www.europesays.com\/fr\/wp-json\/wp\/v2\/posts\/153896\/revisions"}],"wp:featuredmedia":[{"embeddable":true,"href":"https:\/\/www.europesays.com\/fr\/wp-json\/wp\/v2\/media\/153897"}],"wp:attachment":[{"href":"https:\/\/www.europesays.com\/fr\/wp-json\/wp\/v2\/media?parent=153896"}],"wp:term":[{"taxonomy":"category","embeddable":true,"href":"https:\/\/www.europesays.com\/fr\/wp-json\/wp\/v2\/categories?post=153896"},{"taxonomy":"post_tag","embeddable":true,"href":"https:\/\/www.europesays.com\/fr\/wp-json\/wp\/v2\/tags?post=153896"}],"curies":[{"name":"wp","href":"https:\/\/api.w.org\/{rel}","templated":true}]}}