{"id":153900,"date":"2025-06-05T12:17:16","date_gmt":"2025-06-05T12:17:16","guid":{"rendered":"https:\/\/www.europesays.com\/fr\/153900\/"},"modified":"2025-06-05T12:17:16","modified_gmt":"2025-06-05T12:17:16","slug":"les-4-fantastiques-confirme-larrivee-de-ce-personnage-avec-sa-bande-annonce","status":"publish","type":"post","link":"https:\/\/www.europesays.com\/fr\/153900\/","title":{"rendered":"Les 4 Fantastiques confirme l&rsquo;arriv\u00e9e de ce personnage avec sa bande-annonce"},"content":{"rendered":"<p>Le renouveau du MCU est \u00e0 port\u00e9e de main. Six ans apr\u00e8s le rachat de la 20th Century Fox par Disney+, Les 4 Fantastiques feront bient\u00f4t leurs premiers pas au sein de l\u2019univers cin\u00e9matographique de Kevin Feige. Apr\u00e8s les tentatives rat\u00e9es de Tim Story et Josh Trank, Matt Shakman fait appel \u00e0 Pedro Pascal, Vanessa Kirby, Joseph Quinn et Ebon Moss-Bachrach pour porter les h\u00e9ros imagin\u00e9s par Stan Lee et Jack Kirby en 1961. Devant sa cam\u00e9ra, le quatuor devrait affronter Galactus, d\u00e9voreur de plan\u00e8te qui avait d\u00e9j\u00e0 \u00e9t\u00e9 pr\u00e9sent\u00e9 aux spectateurs au d\u00e9but des ann\u00e9es 2000.<\/p>\n<p>La narration \u00e9voluera dans un univers alternatif, inspir\u00e9 de la fin des ann\u00e9es 60. Envoy\u00e9s dans l\u2019espace, Richards et ses comp\u00e8res seront <strong>expos\u00e9s \u00e0 des rayons cosmiques<\/strong>. \u00c0 leur retour, ils d\u00e9velopperont d\u2019\u00e9tranges pouvoirs. Ces nouvelles capacit\u00e9s vont faire d\u2019eux les d\u00e9fenseurs de la plan\u00e8te. Et ils auront du pain sur la planche avec l\u2019arriv\u00e9e de la <a href=\"https:\/\/www.journaldugeek.com\/2024\/04\/04\/les-quatre-fantastiques-a-trouve-son-antagoniste-et-ce-nest-pas-fatalis\/\" target=\"_blank\" rel=\"noopener\"><strong>Surfeuse d\u2019Argent<\/strong> <\/a>et plus tard de <strong>Galactus.\u00a0<\/strong><\/p>\n<p>Les premi\u00e8res bandes-annonces s\u2019attachaient \u00e0 pr\u00e9senter tout ce beau monde, \u00e0 d\u00e9tailler les enjeux du film qui doit aussi pr\u00e9parer Avengers\u00a0: Doomsday. Une nouvelle vid\u00e9o promotionnelle, partag\u00e9e hier, approfondit les th\u00e9matiques du r\u00e9cit et en particulier celle de la famille. Les 4 Fantastiques sont en effet la famille Marvel par essence et les sc\u00e9naristes Josh Friedman et Jeff Kaplan ne se sont pas tromp\u00e9s en appuyant sur ces liens entre les personnages.<\/p>\n<p>Alors que le synopsis promettait que l\u2019affrontement avec Galactus prendrait une <strong>\u201ctournure tr\u00e8s personnelle\u201d<\/strong>, on sait enfin de quoi il retourne. Apr\u00e8s \u00eatre apparue enceinte dans les derni\u00e8res images, Susan Storm se montre d\u00e9sormais avec son ch\u00e9rubin et son mari \u00e0 ses c\u00f4t\u00e9s. Les figurines Funko n\u2019avaient pas menti, Franklin Reed sera bien du voyage.<\/p>\n<p> Un personnage qui pourrait en amener quantit\u00e9 d\u2019autres\u2026 <\/p>\n<p>Apparu pour la premi\u00e8re fois en 1968, <strong>Franklin Richards<\/strong> est \u00e9galement n\u00e9 sous la plume de Stan Lee et le crayon de Jack Kirby. Il est<strong> le fils ain\u00e9 de Susan et Reed Richards<\/strong> et sa naissance n\u2019a pas \u00e9t\u00e9 de tout repos pour le couple. Peu avant l\u2019accouchement, les h\u00e9ros apprennent qu\u2019une \u00e9nergie inconnue gravite autour du f\u0153tus. Reed, Ben et Johnny vont ainsi se rendre dans la Zone N\u00e9gative pour r\u00e9cup\u00e9rer le b\u00e2ton de contr\u00f4le de l\u2019antagoniste Annihilus. D\u00e8s son plus jeune \u00e2ge, il fait la d\u00e9monstration de pouvoirs divers, tels que la manipulation de la r\u00e9alit\u00e9, la t\u00e9l\u00e9pathie et la t\u00e9l\u00e9portation.<\/p>\n<p>Comme ses parents, il a eu <strong>bien des adversaires sur papier glac\u00e9.<\/strong> L\u2019un sort du lot, alors m\u00eame que les spectateurs esp\u00e8rent le voir sur le grand \u00e9cran depuis un moment. En effet, <strong>Mephisto joue un r\u00f4le crucial<\/strong> dans le parcours du personnage dans les comics. L\u2019entit\u00e9 d\u00e9moniaque craint ses pouvoirs et le plongera dans le coma pendant plusieurs mois. Si rien ne dit que cette id\u00e9e sera explor\u00e9e dans le film, ce ne sera sans doute pas le cas, force est de constater que Marvel s\u2019offre une nouvelle opportunit\u00e9 d\u2019introduire le personnage apparu pour la premi\u00e8re fois dans Silver Surfer #3 en 1968.<\/p>\n<\/p>\n<p>    <a href=\"https:\/\/www.youtube.com\/user\/JournalduGeek?sub_confirmation=1\" target=\"_blank\" rel=\"nofollow noopener\"><br \/>\n        S&rsquo;abonner \u00e0 Journal du Geek<br \/>\n    <\/a> <\/p>\n<p>Rendez-vous donc au cin\u00e9ma<strong> le 23 juillet\u00a0<\/strong>pour d\u00e9couvrir si Les Quatre Fantastiques vaut le d\u00e9tour et s\u2019il ouvre un nouveau chapitre convaincant pour Marvel. Apr\u00e8s la <a href=\"https:\/\/www.journaldugeek.com\/2025\/06\/04\/thunderbolts-est-il-vraiment-un-flop-de-plus-pour-marvel\/\" target=\"_blank\" rel=\"noopener\">d\u00e9ception Thunderbolts*<\/a>, la Maison des Id\u00e9es esp\u00e8re sans doute atteindre des sommets de rentabilit\u00e9s au box-office mondial et faire na\u00eetre une impatience chez les fans de la premi\u00e8re heure alors qu\u2019Avengers\u00a0: Doomsday est en ligne de mire.<\/p>\n<blockquote>\n<p class=\"text-base text-neutral-700 dark:text-neutral-300\">\ud83d\udfe3 Pour ne manquer aucune news sur le Journal du Geek, abonnez-vous sur <a href=\"https:\/\/news.google.com\/publications\/CAAqBwgKMNr_hAswwYyCAw?hl=fr&amp;gl=FR&amp;ceid=FR%3Afr\" target=\"_blank\" rel=\"noopener\">Google Actualit\u00e9s<\/a> et sur <a href=\"https:\/\/whatsapp.com\/channel\/0029VaClM5y4tRry12tb7D2h\" target=\"_blank\" rel=\"noopener\">notre WhatsApp<\/a>. Et si vous nous adorez, on a <a href=\"https:\/\/www.journaldugeek.com\/newsletter\/\" target=\"_blank\" rel=\"noopener\">une newsletter tous les matins<\/a>.<\/p>\n<\/blockquote>\n","protected":false},"excerpt":{"rendered":"Le renouveau du MCU est \u00e0 port\u00e9e de main. Six ans apr\u00e8s le rachat de la 20th Century&hellip;\n","protected":false},"author":2,"featured_media":153901,"comment_status":"","ping_status":"","sticky":false,"template":"","format":"standard","meta":{"footnotes":""},"categories":[1354],"tags":[58,59,1346,1011,27,28380,2135,1360],"class_list":{"0":"post-153900","1":"post","2":"type-post","3":"status-publish","4":"format-standard","5":"has-post-thumbnail","7":"category-films","8":"tag-divertissement","9":"tag-entertainment","10":"tag-films","11":"tag-fr","12":"tag-france","13":"tag-les-4-fantastiques","14":"tag-marvel","15":"tag-movies"},"share_on_mastodon":{"url":"https:\/\/pubeurope.com\/@fr\/114630717890918547","error":""},"_links":{"self":[{"href":"https:\/\/www.europesays.com\/fr\/wp-json\/wp\/v2\/posts\/153900","targetHints":{"allow":["GET"]}}],"collection":[{"href":"https:\/\/www.europesays.com\/fr\/wp-json\/wp\/v2\/posts"}],"about":[{"href":"https:\/\/www.europesays.com\/fr\/wp-json\/wp\/v2\/types\/post"}],"author":[{"embeddable":true,"href":"https:\/\/www.europesays.com\/fr\/wp-json\/wp\/v2\/users\/2"}],"replies":[{"embeddable":true,"href":"https:\/\/www.europesays.com\/fr\/wp-json\/wp\/v2\/comments?post=153900"}],"version-history":[{"count":0,"href":"https:\/\/www.europesays.com\/fr\/wp-json\/wp\/v2\/posts\/153900\/revisions"}],"wp:featuredmedia":[{"embeddable":true,"href":"https:\/\/www.europesays.com\/fr\/wp-json\/wp\/v2\/media\/153901"}],"wp:attachment":[{"href":"https:\/\/www.europesays.com\/fr\/wp-json\/wp\/v2\/media?parent=153900"}],"wp:term":[{"taxonomy":"category","embeddable":true,"href":"https:\/\/www.europesays.com\/fr\/wp-json\/wp\/v2\/categories?post=153900"},{"taxonomy":"post_tag","embeddable":true,"href":"https:\/\/www.europesays.com\/fr\/wp-json\/wp\/v2\/tags?post=153900"}],"curies":[{"name":"wp","href":"https:\/\/api.w.org\/{rel}","templated":true}]}}