{"id":153918,"date":"2025-06-05T12:26:13","date_gmt":"2025-06-05T12:26:13","guid":{"rendered":"https:\/\/www.europesays.com\/fr\/153918\/"},"modified":"2025-06-05T12:26:13","modified_gmt":"2025-06-05T12:26:13","slug":"saint-etienne-apres-une-dispute-il-incendie-un-vehicule-signale-vole-depuis-dix-mois","status":"publish","type":"post","link":"https:\/\/www.europesays.com\/fr\/153918\/","title":{"rendered":"Saint-\u00c9tienne. Apr\u00e8s une dispute, il incendie un v\u00e9hicule&#8230; signal\u00e9 vol\u00e9 depuis dix mois"},"content":{"rendered":"<p>\u00c9trange sc\u00e8ne surprise par un t\u00e9moin, mardi 3\u00a0juin, avec pour th\u00e9\u00e2tre la rue Georges-Cl\u00e9menceau, dans le quartier de Montchovet \u00e0 Saint-Etienne.<\/p>\n<p>Il est environ 3 heures du matin quand cette personne aper\u00e7oit un couple en train de se disputer sur la voie publique. Apr\u00e8s quelques secondes, l\u2019\u00e9change se termine et l\u2019un des deux protagonistes, avec du papier et un briquet, s\u2019engouffre alors dans le coffre d\u2019un v\u00e9hicule de type Ix35 Hyundai, stationn\u00e9 \u00e0 proximit\u00e9, et d\u00e9clenche un incendie.<\/p>\n<p>  Un v\u00e9hicule vol\u00e9 en ao\u00fbt 2024<\/p>\n<p>Rapidement sur place, les soldats du feu \u00e9teignent les flammes quand, dans le m\u00eame temps, gr\u00e2ce au signalement du t\u00e9moin, une unit\u00e9 de Police secours r\u00e9ussit \u00e0 interpeller le suspect, un homme de 40 ans r\u00e9sidant \u00e0 Saint-Etienne.<\/p>\n<p>Sur place, les fonctionnaires ont d\u00e9couvert que le v\u00e9hicule avait \u00e9t\u00e9 signal\u00e9 vol\u00e9 depuis ao\u00fbt\u00a02024.<\/p>\n","protected":false},"excerpt":{"rendered":"\u00c9trange sc\u00e8ne surprise par un t\u00e9moin, mardi 3\u00a0juin, avec pour th\u00e9\u00e2tre la rue Georges-Cl\u00e9menceau, dans le quartier de&hellip;\n","protected":false},"author":2,"featured_media":153919,"comment_status":"","ping_status":"","sticky":false,"template":"","format":"standard","meta":{"footnotes":""},"categories":[9653],"tags":[1111,11,2430,271,272,7539,1777,674,274,107,1011,27,3367,12,25,4001,7538,104],"class_list":{"0":"post-153918","1":"post","2":"type-post","3":"status-publish","4":"format-standard","5":"has-post-thumbnail","7":"category-saint-etienne","8":"tag-actu","9":"tag-actualites","10":"tag-auvergne-rhone-alpes","11":"tag-crime","12":"tag-delit-et-contravention","13":"tag-edition-loire-sud","14":"tag-eu","15":"tag-europe","16":"tag-faits-divers-justice","17":"tag-fil-info","18":"tag-fr","19":"tag-france","20":"tag-loire","21":"tag-news","22":"tag-republique-francaise","23":"tag-saint-etienne","24":"tag-saint-etienne-ville","25":"tag-societe"},"share_on_mastodon":{"url":"https:\/\/pubeurope.com\/@fr\/114630753240212882","error":""},"_links":{"self":[{"href":"https:\/\/www.europesays.com\/fr\/wp-json\/wp\/v2\/posts\/153918","targetHints":{"allow":["GET"]}}],"collection":[{"href":"https:\/\/www.europesays.com\/fr\/wp-json\/wp\/v2\/posts"}],"about":[{"href":"https:\/\/www.europesays.com\/fr\/wp-json\/wp\/v2\/types\/post"}],"author":[{"embeddable":true,"href":"https:\/\/www.europesays.com\/fr\/wp-json\/wp\/v2\/users\/2"}],"replies":[{"embeddable":true,"href":"https:\/\/www.europesays.com\/fr\/wp-json\/wp\/v2\/comments?post=153918"}],"version-history":[{"count":0,"href":"https:\/\/www.europesays.com\/fr\/wp-json\/wp\/v2\/posts\/153918\/revisions"}],"wp:featuredmedia":[{"embeddable":true,"href":"https:\/\/www.europesays.com\/fr\/wp-json\/wp\/v2\/media\/153919"}],"wp:attachment":[{"href":"https:\/\/www.europesays.com\/fr\/wp-json\/wp\/v2\/media?parent=153918"}],"wp:term":[{"taxonomy":"category","embeddable":true,"href":"https:\/\/www.europesays.com\/fr\/wp-json\/wp\/v2\/categories?post=153918"},{"taxonomy":"post_tag","embeddable":true,"href":"https:\/\/www.europesays.com\/fr\/wp-json\/wp\/v2\/tags?post=153918"}],"curies":[{"name":"wp","href":"https:\/\/api.w.org\/{rel}","templated":true}]}}