{"id":153922,"date":"2025-06-05T12:28:11","date_gmt":"2025-06-05T12:28:11","guid":{"rendered":"https:\/\/www.europesays.com\/fr\/153922\/"},"modified":"2025-06-05T12:28:11","modified_gmt":"2025-06-05T12:28:11","slug":"deux-blesses-dont-une-femme-desincarceree","status":"publish","type":"post","link":"https:\/\/www.europesays.com\/fr\/153922\/","title":{"rendered":"deux bless\u00e9s dont une femme d\u00e9sincarc\u00e9r\u00e9e"},"content":{"rendered":"<p>Une voiture et un camion sont entr\u00e9s en collision, jeudi 5\u00a0juin, vers 10\u00a0h\u00a015 route de Fl\u00e9ville (D 71), sur le territoire communal d\u2019Heillecourt. L\u2019accident a eu lieu en pleine ligne droite, au niveau de la soci\u00e9t\u00e9 Instal &#8211; Anten, \u00e0 quelque 300\u00a0m de la d\u00e9chetterie.<\/p>\n<p>D\u2019apr\u00e8s les premi\u00e8res constatations, la conductrice de la petite berline circulait en direction de Jarville tandis que le camion, lui, arrivait en sens inverse.<\/p>\n<p>  Prisonni\u00e8re des t\u00f4les d\u00e9form\u00e9es<\/p>\n<p>Les circonstances de l\u2019accident restent \u00e0 d\u00e9terminer avec pr\u00e9cisions, toujours est-il que, sous la violence du choc avec le poids lourd, la voiture s\u2019est retrouv\u00e9e dans le sens inverse de circulation et s\u2019est immobilis\u00e9e au pied d\u2019un poteau d\u2019\u00e9clairage public. Le camion a quant \u00e0 lui termin\u00e9 sa course dans l\u2019herbe du bas-c\u00f4t\u00e9, \u00e0 l\u2019oppos\u00e9 de sa voie de circulation.<\/p>\n<p>Prisonni\u00e8re de l\u2019habitacle d\u00e9form\u00e9, consciente, la conductrice de la voiture, une habitante d\u2019Heillecourt \u00e2g\u00e9e de 53 ans, a d\u00fb \u00eatre d\u00e9sincarc\u00e9r\u00e9e par les pompiers de Vandoeuvre en pr\u00e9sence de l\u2019\u00e9quipe m\u00e9dicale du SMUR arriv\u00e9e en renfort.<\/p>\n<p>  Avec le renfort de la police municipale<\/p>\n<p>La quinquag\u00e9naire, qui a pu \u00eatre victime d\u2019un malaise avant l\u2019accident, \u00e9tait consid\u00e9r\u00e9e comme l\u00e9g\u00e8rement bless\u00e9e au moment de son transport vers les urgences de l\u2019h\u00f4pital central. Bless\u00e9 l\u00e9ger lui aussi, le routier \u00e2g\u00e9 de 57 ans a \u00e9t\u00e9 transport\u00e9 aux urgences du centre chirurgical Emile-Gall\u00e9.<\/p>\n<p>La police nationale \u00e9tait sur place pour proc\u00e9der aux constatations tandis que la police municipale (PM) d\u2019Heillecourt et son homologue de Fl\u00e9ville-devant-Nancy, contr\u00f4laient l\u2019interdiction de circuler dans le p\u00e9rim\u00e8tre de l\u2019accident durant toute l\u2019intervention des secours. Une PM qui devait g\u00e9rer quelques automobilistes peu compr\u00e9hensifs. La circulation a \u00e9t\u00e9 rouverte vers 11\u00a0h\u00a045.<\/p>\n","protected":false},"excerpt":{"rendered":"Une voiture et un camion sont entr\u00e9s en collision, jeudi 5\u00a0juin, vers 10\u00a0h\u00a015 route de Fl\u00e9ville (D 71),&hellip;\n","protected":false},"author":2,"featured_media":153923,"comment_status":"","ping_status":"","sticky":false,"template":"","format":"standard","meta":{"footnotes":""},"categories":[9635],"tags":[119,1111,11,1704,1777,674,274,1011,27,775,19913,6364,3457,1702,12,25],"class_list":{"0":"post-153922","1":"post","2":"type-post","3":"status-publish","4":"format-standard","5":"has-post-thumbnail","7":"category-nancy","8":"tag-accident","9":"tag-actu","10":"tag-actualites","11":"tag-edition-nancy-et-agglomeration","12":"tag-eu","13":"tag-europe","14":"tag-faits-divers-justice","15":"tag-fr","16":"tag-france","17":"tag-grand-est","18":"tag-heillecourt","19":"tag-metropole-du-grand-nancy-54b1","20":"tag-meurthe-et-moselle","21":"tag-nancy","22":"tag-news","23":"tag-republique-francaise"},"share_on_mastodon":{"url":"https:\/\/pubeurope.com\/@fr\/114630761263459755","error":""},"_links":{"self":[{"href":"https:\/\/www.europesays.com\/fr\/wp-json\/wp\/v2\/posts\/153922","targetHints":{"allow":["GET"]}}],"collection":[{"href":"https:\/\/www.europesays.com\/fr\/wp-json\/wp\/v2\/posts"}],"about":[{"href":"https:\/\/www.europesays.com\/fr\/wp-json\/wp\/v2\/types\/post"}],"author":[{"embeddable":true,"href":"https:\/\/www.europesays.com\/fr\/wp-json\/wp\/v2\/users\/2"}],"replies":[{"embeddable":true,"href":"https:\/\/www.europesays.com\/fr\/wp-json\/wp\/v2\/comments?post=153922"}],"version-history":[{"count":0,"href":"https:\/\/www.europesays.com\/fr\/wp-json\/wp\/v2\/posts\/153922\/revisions"}],"wp:featuredmedia":[{"embeddable":true,"href":"https:\/\/www.europesays.com\/fr\/wp-json\/wp\/v2\/media\/153923"}],"wp:attachment":[{"href":"https:\/\/www.europesays.com\/fr\/wp-json\/wp\/v2\/media?parent=153922"}],"wp:term":[{"taxonomy":"category","embeddable":true,"href":"https:\/\/www.europesays.com\/fr\/wp-json\/wp\/v2\/categories?post=153922"},{"taxonomy":"post_tag","embeddable":true,"href":"https:\/\/www.europesays.com\/fr\/wp-json\/wp\/v2\/tags?post=153922"}],"curies":[{"name":"wp","href":"https:\/\/api.w.org\/{rel}","templated":true}]}}