{"id":153934,"date":"2025-06-05T12:34:09","date_gmt":"2025-06-05T12:34:09","guid":{"rendered":"https:\/\/www.europesays.com\/fr\/153934\/"},"modified":"2025-06-05T12:34:09","modified_gmt":"2025-06-05T12:34:09","slug":"apres-les-incendies-la-maison-de-justice-et-du-droit-ouvre-ses-portes-provisoirement-au-coeur-de-rouen","status":"publish","type":"post","link":"https:\/\/www.europesays.com\/fr\/153934\/","title":{"rendered":"Apr\u00e8s les incendies, la Maison de Justice et du Droit ouvre ses portes (provisoirement) au coeur de Rouen"},"content":{"rendered":"<p>            Par<br \/>\n        <strong><br \/>\n            <a href=\"https:\/\/actu.fr\/auteur\/laredaction\" title=\"Consulter tous les articles de R\u00e9daction Normandie\" rel=\"nofollow noopener\" target=\"_blank\">R\u00e9daction Normandie<\/a><br \/>\n        <\/strong><\/p>\n<p>        Publi\u00e9 le<\/p>\n<p>            5 juin 2025 \u00e0 14h22        <\/p>\n<p>Nouvelle vie. Ce mercredi 3\u00a0juin 2025, \u00e0 14h30, <strong>la Maison de Justice et du Droit<\/strong> a inaugur\u00e9 ses nouveaux locaux, en plein c\u0153ur de <a href=\"https:\/\/actu.fr\/normandie\/rouen_76540\" rel=\"nofollow noopener\" target=\"_blank\">Rouen<\/a> (Seine-Maritime). Situ\u00e9s dans la rue de Germont, ils occupent les lieux par le biais d\u2019une convention d\u2019occupation \u00e0 titre gracieux avec la CARSAT Normandie. \u201cJe suis tr\u00e8s heureux de vous accueillir dans ce b\u00e2timent\u201d, annonce Pierre Lawniczak, Directeur Adjoint en charge des Retraites \u00e0 la CARSAT Normandie, qui ne cache pas sa satisfaction de les recevoir.<\/p>\n<p class=\" wall-content\">D\u2019autant que le chemin fut long.<\/p>\n<p>Les incendies de 2023<\/p>\n<p class=\" wall-content\">Les incendies survenus, lors des <strong>violences urbaines<\/strong>, ne sont pas sans cons\u00e9quence. D\u2019une part, la Maison de Justice et du Droit n\u2019avait plus de lieu d\u2019implantation, afin d\u2019accomplir ses missions aupr\u00e8s des habitants. \u201cIl y a presque deux ans, ce fut douloureux. Douloureux pour les \u00e9quipes bien s\u00fbr, mais avant tout pour les habitants eux-m\u00eames\u201d, d\u00e9plore Caroline Dutarte adjointe au maire en charge des Solidarit\u00e9s, lors de sa prise de parole.<\/p>\n<p class=\" wall-content\">\u201cLa MJD, c\u2019est une partie de la juridiction. Et quand elle a \u00e9t\u00e9 incendi\u00e9e, elle a \u00e9t\u00e9 attaqu\u00e9e. C\u2019est \u00e0 travers cela que nous nous rem\u00e9morons cette m\u00e9moire et que nous montrions qu\u2019il ne suffit pas d\u2019un incendie pour abattre la volont\u00e9 de l\u2019autorit\u00e9 publique, m\u00eame dans des quartiers difficiles\u201d insiste Matthieu Duclos pr\u00e9sident du tribunal judiciaire de Rouen, avec un ton ferme.<\/p>\n<p>La MJD, c\u2019est quoi ?<\/p>\n<p>En 1997, la Ville et le tribunal judiciaire ont mis a\u0300 disposition un service public gratuit et confidentiel : la Maison de Justice et du Droit Ses missions sont d&rsquo;accueillir, assurer aux concitoyens la continuite\u0301 de l\u2019acce\u0300s au droit et aux services ainsi que de leur informer du ressort de la Cour d\u2019appel de Rouen. A disposition, une \u00e9quipe est pr\u00e9sente, compos\u00e9e d\u2019une agente d\u2019accueil, d\u2019une juriste, d\u2019une juriste coordinatrice et d\u2019une greffie\u0300re des services judiciaires. Pour faire appel \u00e0 ses diff\u00e9rents acteurs, une prise de rendez-vous est n\u00e9cessaire. En effet, \u201c8 000 demandes sont trait\u00e9es chaque ann\u00e9e, qui nous viennent des rouennais, mais pas que\u201d ajoute Caroline Dutarte.<br \/>D\u2019apr\u00e8s Matthieu Duclos, cette forte demande n\u2019est pas un hasard : \u201cIci, ce n\u2019est pas un tribunal. Le tribunal peut faire peur : les avocats en robe noir, les mots trop compliqu\u00e9s, en latin parfois\u2026 Ici, il y a quand m\u00eame une pr\u00e9sence judiciaire donc c\u2019est comme une sorte d\u2019annexe du tribunal\u201d.<\/p>\n<p>Vid\u00e9os : en ce moment sur ActuComment se divise cette maison\u2009?<\/p>\n<p class=\" wall-content\">Constitu\u00e9s de trois bureaux, d\u2019une salle d\u2019accueil avec des chaises ou encore d\u2019une salle de r\u00e9union, ces nouveaux locaux r\u00e9jouissent tout le monde. \u201cL\u2019\u00e9quipe de la MJD n\u2019a jamais connu de locaux aussi spacieux, accueillants et fonctionnels\u201d insiste Caroline Dutarte, en ajoutant par la suite.<\/p>\n<p class=\" wall-content\">Si Matthieu Duclos, de son c\u00f4t\u00e9, est reconnaissant de \u201ctout l\u2019investissement et la combativit\u00e9 des services de la Mairie\u201d, du c\u00f4t\u00e9 de Pierre Lawniczak, il remercie aussi les \u201c\u00e9quipes qui ont permis cette installation, en interne pour le partage et cette int\u00e9gration qui s\u2019est bien pass\u00e9e\u201d.<\/p>\n<p>    <img   decoding=\"async\" loading=\"lazy\" src=\"https:\/\/www.europesays.com\/fr\/wp-content\/uploads\/2025\/06\/21-960x640.jpg\" alt=\"Les nouveaux locaux sont situ\u00e9s rue de Germont \u00e0 Rouen\" width=\"960\" height=\"640\"\/><br \/>\n    Les nouveaux locaux sont situ\u00e9s rue de Germont \u00e0 Rouen (\u00a9IR\/76actu)Des locaux provisoires<\/p>\n<p class=\" wall-content\">Inaugur\u00e9s ce mercredi 3 juin 2025, ces nouveaux locaux sont seulement temporaires. La Maison de Justice et du Droit a pour intention de retourner au quartier des Hauts de Rouen, d\u00e8s que de nouveaux b\u00e2timents auront \u00e9t\u00e9 reconstruits.<\/p>\n<p class=\" wall-content\"><strong>Ivanna RAZAFINDRAZAKA<\/strong><\/p>\n<p>Suivez l\u2019actualit\u00e9 de Rouen sur notre <a href=\"https:\/\/www.whatsapp.com\/channel\/0029VaKfnf99hXF2ddApFB1D\" rel=\"nofollow noopener\" target=\"_blank\">cha\u00eene WhatsApp<\/a> et sur notre <a href=\"https:\/\/www.tiktok.com\/@76actu.fr?lang=fr\" rel=\"nofollow noopener\" target=\"_blank\">compte TikTok<\/a><\/p>\n<p class=\" wall-content\">Suivez toute l\u2019actualit\u00e9 de vos villes et m\u00e9dias favoris en vous inscrivant \u00e0 <a href=\"https:\/\/moncompte.actu.fr\" title=\"D\u00e9couvez Mon Actu\" rel=\"nofollow noopener\" data-trk=\"{&quot;cta&quot;:{&quot;action&quot;:&quot;https:\\\/\\\/moncompte.actu.fr&quot;,&quot;category&quot;:&quot;mon compte&quot;,&quot;from&quot;:&quot;article footer&quot;,&quot;name&quot;:&quot;Mon actu&quot;,&quot;type&quot;:&quot;cta&quot;}}\" target=\"_blank\">Mon Actu<\/a>.<\/p>\n<p>                    <script async src=\"\/\/www.tiktok.com\/embed.js\"><\/script><\/p>\n","protected":false},"excerpt":{"rendered":"Par R\u00e9daction Normandie Publi\u00e9 le 5 juin 2025 \u00e0 14h22 Nouvelle vie. Ce mercredi 3\u00a0juin 2025, \u00e0 14h30,&hellip;\n","protected":false},"author":2,"featured_media":153935,"comment_status":"","ping_status":"","sticky":false,"template":"","format":"standard","meta":{"footnotes":""},"categories":[9587],"tags":[1111,11,1777,674,1011,27,1310,303,12,5161,25,9590,104],"class_list":{"0":"post-153934","1":"post","2":"type-post","3":"status-publish","4":"format-standard","5":"has-post-thumbnail","7":"category-rouen","8":"tag-actu","9":"tag-actualites","10":"tag-eu","11":"tag-europe","12":"tag-fr","13":"tag-france","14":"tag-incendie","15":"tag-justice","16":"tag-news","17":"tag-normandie","18":"tag-republique-francaise","19":"tag-rouen","20":"tag-societe"},"share_on_mastodon":{"url":"https:\/\/pubeurope.com\/@fr\/114630784788626449","error":""},"_links":{"self":[{"href":"https:\/\/www.europesays.com\/fr\/wp-json\/wp\/v2\/posts\/153934","targetHints":{"allow":["GET"]}}],"collection":[{"href":"https:\/\/www.europesays.com\/fr\/wp-json\/wp\/v2\/posts"}],"about":[{"href":"https:\/\/www.europesays.com\/fr\/wp-json\/wp\/v2\/types\/post"}],"author":[{"embeddable":true,"href":"https:\/\/www.europesays.com\/fr\/wp-json\/wp\/v2\/users\/2"}],"replies":[{"embeddable":true,"href":"https:\/\/www.europesays.com\/fr\/wp-json\/wp\/v2\/comments?post=153934"}],"version-history":[{"count":0,"href":"https:\/\/www.europesays.com\/fr\/wp-json\/wp\/v2\/posts\/153934\/revisions"}],"wp:featuredmedia":[{"embeddable":true,"href":"https:\/\/www.europesays.com\/fr\/wp-json\/wp\/v2\/media\/153935"}],"wp:attachment":[{"href":"https:\/\/www.europesays.com\/fr\/wp-json\/wp\/v2\/media?parent=153934"}],"wp:term":[{"taxonomy":"category","embeddable":true,"href":"https:\/\/www.europesays.com\/fr\/wp-json\/wp\/v2\/categories?post=153934"},{"taxonomy":"post_tag","embeddable":true,"href":"https:\/\/www.europesays.com\/fr\/wp-json\/wp\/v2\/tags?post=153934"}],"curies":[{"name":"wp","href":"https:\/\/api.w.org\/{rel}","templated":true}]}}