{"id":153936,"date":"2025-06-05T12:35:16","date_gmt":"2025-06-05T12:35:16","guid":{"rendered":"https:\/\/www.europesays.com\/fr\/153936\/"},"modified":"2025-06-05T12:35:16","modified_gmt":"2025-06-05T12:35:16","slug":"des-sirenes-dalerte-ont-ete-entendues-a-rouen-ce-jeudi-que-sest-il-passe","status":"publish","type":"post","link":"https:\/\/www.europesays.com\/fr\/153936\/","title":{"rendered":"Des sir\u00e8nes d&rsquo;alerte ont \u00e9t\u00e9 entendues \u00e0 Rouen ce jeudi : que s&rsquo;est-il pass\u00e9\u00a0?"},"content":{"rendered":"<p>            Par<br \/>\n        <strong><br \/>\n            <a href=\"https:\/\/actu.fr\/auteur\/eaube\" title=\"Consulter tous les articles de Elo\u00efse Aub\u00e9\" target=\"_blank\" rel=\"noopener\">Elo\u00efse Aub\u00e9<\/a><br \/>\n        <\/strong><\/p>\n<p>        Publi\u00e9 le<\/p>\n<p>            5 juin 2025 \u00e0 13h42        <\/p>\n<p>\u00ab\u2009On vient d\u2019entendre la sir\u00e8ne d\u2019alerte, que se passe-t-il\u2009?\u2009\u00bb , \u00ab\u2009la sir\u00e8ne de ce matin, c\u2019\u00e9tait quoi\u2009?\u2009\u00bb. Ce jeudi 5\u00a0juin 2025, dans la matin\u00e9e, plusieurs lecteurs ont contact\u00e9 la r\u00e9daction de <a href=\"https:\/\/actu.fr\/76actu\/\" target=\"_blank\" rel=\"noopener\">76actu <\/a>pour conna\u00eetre l\u2019origine des <strong>sir\u00e8nes d\u2019alertes<\/strong> entendues \u00e0 <a href=\"https:\/\/actu.fr\/normandie\/rouen_76540\" target=\"_blank\" rel=\"noopener\">Rouen<\/a> et aux alentours.<\/p>\n<p class=\" wall-content\">Car, traditionnellement, celles-ci s\u2019activent chaque premier mercredi du mois pour des essais mensuels. Alors pourquoi ce jeudi\u2009?<\/p>\n<p>Un probl\u00e8me technique\u2009?<\/p>\n<p class=\" wall-content\">En r\u00e9alit\u00e9, il s\u2019agit d\u2019un <strong>probl\u00e8me technique<\/strong> comme le confirme la m\u00e9tropole de Rouen\u2009:<\/p>\n<blockquote class=\"ac-article-quote wall-content\">\n<p>Vers 11h, un d\u00e9clenchement intempestif de la sir\u00e8ne d&rsquo;alerte SAIP [Syst\u00e8me d&rsquo;alerte et d&rsquo;informations aux populations] du Centre technique Delbo \u00e0 Rouen s&rsquo;est produit lors d&rsquo;une maintenance.<\/p>\n<p>    <strong>M\u00e9tropole de Rouen <\/strong>\n            <\/p><\/blockquote>\n<p class=\" wall-content\">Pas de d\u2019inqui\u00e9tude \u00e0 avoir donc.<\/p>\n<p>A quoi servent les sir\u00e8nes d&rsquo;alerte ? <\/p>\n<p>Le SAIP est un ensemble d&rsquo;outils qui permettent \u00ab\u00a0la diffusion d&rsquo;un signal ou d&rsquo;un message par les autorit\u00e9s. Son objectif est d&rsquo;alerter une population expos\u00e9e, ou susceptible de l&rsquo;\u00eatre, aux cons\u00e9quences d&rsquo;un \u00e9v\u00e8nement grave, imminent ou en cours\u00a0\u00bb, pr\u00e9cise le minist\u00e8re de l&rsquo;Int\u00e9rieur. Il peut s\u2019agir d\u2019un risque d\u2019ordre naturel (inondations, rupture d\u2019un barrage hydraulique\u2026), technologique, radiologique, chimique\u2026 Les attentats ne font pas encore partie de ce dispositif.<br \/>Les essais s&rsquo;effectuent tous les premiers mercredis du mois \u00e0 12h.<\/p>\n<p>Vid\u00e9os : en ce moment sur Actu<\/p>\n<p class=\" wall-content\">\u00c0\u00a0noter aussi que, comme chaque premier jeudi du mois, les essais mensuels des sir\u00e8nes de certaines entreprises situ\u00e9es sur la zone industrialo-portuaire ont \u00e9t\u00e9 (aussi) r\u00e9alis\u00e9s.<\/p>\n<p>Suivez l\u2019actualit\u00e9 de Rouen sur notre <a href=\"https:\/\/www.whatsapp.com\/channel\/0029VaKfnf99hXF2ddApFB1D\" target=\"_blank\" rel=\"noopener\">cha\u00eene WhatsApp<\/a> et sur <a href=\"https:\/\/www.tiktok.com\/@76actu.fr?lang=fr\" target=\"_blank\" rel=\"noopener\">notre compte TikTok<\/a><\/p>\n<p class=\" wall-content\">Suivez toute l\u2019actualit\u00e9 de vos villes et m\u00e9dias favoris en vous inscrivant \u00e0 <a href=\"https:\/\/moncompte.actu.fr\" title=\"D\u00e9couvez Mon Actu\" rel=\"nofollow noopener\" data-trk=\"{&quot;cta&quot;:{&quot;action&quot;:&quot;https:\\\/\\\/moncompte.actu.fr&quot;,&quot;category&quot;:&quot;mon compte&quot;,&quot;from&quot;:&quot;article footer&quot;,&quot;name&quot;:&quot;Mon actu&quot;,&quot;type&quot;:&quot;cta&quot;}}\" target=\"_blank\">Mon Actu<\/a>.<\/p>\n<p>                    <script async src=\"\/\/www.tiktok.com\/embed.js\"><\/script><\/p>\n","protected":false},"excerpt":{"rendered":"Par Elo\u00efse Aub\u00e9 Publi\u00e9 le 5 juin 2025 \u00e0 13h42 \u00ab\u2009On vient d\u2019entendre la sir\u00e8ne d\u2019alerte, que se&hellip;\n","protected":false},"author":2,"featured_media":153937,"comment_status":"","ping_status":"","sticky":false,"template":"","format":"standard","meta":{"footnotes":""},"categories":[9587],"tags":[1111,11,898,436,1777,674,1011,27,9725,12,5161,25,9590,104],"class_list":{"0":"post-153936","1":"post","2":"type-post","3":"status-publish","4":"format-standard","5":"has-post-thumbnail","7":"category-rouen","8":"tag-actu","9":"tag-actualites","10":"tag-alerte","11":"tag-environnement","12":"tag-eu","13":"tag-europe","14":"tag-fr","15":"tag-france","16":"tag-metropole-rouen","17":"tag-news","18":"tag-normandie","19":"tag-republique-francaise","20":"tag-rouen","21":"tag-societe"},"share_on_mastodon":{"url":"https:\/\/pubeurope.com\/@fr\/114630788589316681","error":""},"_links":{"self":[{"href":"https:\/\/www.europesays.com\/fr\/wp-json\/wp\/v2\/posts\/153936","targetHints":{"allow":["GET"]}}],"collection":[{"href":"https:\/\/www.europesays.com\/fr\/wp-json\/wp\/v2\/posts"}],"about":[{"href":"https:\/\/www.europesays.com\/fr\/wp-json\/wp\/v2\/types\/post"}],"author":[{"embeddable":true,"href":"https:\/\/www.europesays.com\/fr\/wp-json\/wp\/v2\/users\/2"}],"replies":[{"embeddable":true,"href":"https:\/\/www.europesays.com\/fr\/wp-json\/wp\/v2\/comments?post=153936"}],"version-history":[{"count":0,"href":"https:\/\/www.europesays.com\/fr\/wp-json\/wp\/v2\/posts\/153936\/revisions"}],"wp:featuredmedia":[{"embeddable":true,"href":"https:\/\/www.europesays.com\/fr\/wp-json\/wp\/v2\/media\/153937"}],"wp:attachment":[{"href":"https:\/\/www.europesays.com\/fr\/wp-json\/wp\/v2\/media?parent=153936"}],"wp:term":[{"taxonomy":"category","embeddable":true,"href":"https:\/\/www.europesays.com\/fr\/wp-json\/wp\/v2\/categories?post=153936"},{"taxonomy":"post_tag","embeddable":true,"href":"https:\/\/www.europesays.com\/fr\/wp-json\/wp\/v2\/tags?post=153936"}],"curies":[{"name":"wp","href":"https:\/\/api.w.org\/{rel}","templated":true}]}}