{"id":153938,"date":"2025-06-05T12:37:11","date_gmt":"2025-06-05T12:37:11","guid":{"rendered":"https:\/\/www.europesays.com\/fr\/153938\/"},"modified":"2025-06-05T12:37:11","modified_gmt":"2025-06-05T12:37:11","slug":"environnement-chambery-grenoble-orange-ces-villes-recompensees-pour-leur-mode-de-vie-plus-durable","status":"publish","type":"post","link":"https:\/\/www.europesays.com\/fr\/153938\/","title":{"rendered":"Environnement. Chamb\u00e9ry, Grenoble, Orange\u2026 Ces villes r\u00e9compens\u00e9es pour leur mode de vie plus durable"},"content":{"rendered":"<p>Chamb\u00e9ry, Grenoble, Gap, Bourgoin-Jallieu\u2026 Des villes avec un mode de vie plus responsable. \u00c0 l\u2019occasion de la Journ\u00e9e mondiale de l\u2019environnement, les plateformes leboncoin, Too Good To Go et Blablacar d\u00e9voilent la troisi\u00e8me \u00e9dition de leur classement des villes o\u00f9 les habitants ont adopt\u00e9 un mode de vie plus durable.<\/p>\n<p>Un r\u00e9sultat obtenu en combinant les donn\u00e9es des 54 millions d\u2019utilisateurs en France que comptent les trois applications r\u00e9unies. Objectif\u00a0? Mettre en lumi\u00e8re les territoires o\u00f9 la consommation responsable, la lutte contre le gaspillage et la mobilit\u00e9 partag\u00e9e font pleinement partie de leurs habitudes.<\/p>\n<p>En Auvergne-Rh\u00f4ne-Alpes, Provence-Alpes-C\u00f4te d\u2019Azur et Occitanie, ces r\u00e9gions concentrent plus de la moiti\u00e9 des villes du top 20 du classement.<\/p>\n<p>Parmi les villes de plus de 100 000 habitants, deux de nos d\u00e9partements se distinguent. En Is\u00e8re, Grenoble est 4e mais perd deux places par rapport \u00e0 l\u2019an dernier. En Haute-Savoie, Annecy en gagne une et se classe \u00e0 la 17e position.<\/p>\n<p><strong>Chamb\u00e9ry dans le top 3 du classement<\/strong><\/p>\n<p>Mais c\u2019est avant tout dans la cat\u00e9gorie des villes entre 20 000 et 100 000 habitants que nos d\u00e9partements triomphent&#8230; \u00e0 six reprises\u00a0! Et la Savoie domine le palmar\u00e8s avec Chamb\u00e9ry, au deuxi\u00e8me rang, un bond de deux places depuis 2024.<\/p>\n<p>L\u2019Is\u00e8re est \u00e0 deux reprises en haut du classement avec Voiron \u00e0 la cinqui\u00e8me place, nouveau au classement, et Bourgoin-Jallieu \u00e0 la sixi\u00e8me, qui gagne pas moins de 12 places en une ann\u00e9e.<\/p>\n<p>Dans les Hautes-Alpes, Gap se voit attribuer pour la premi\u00e8re fois la neuvi\u00e8me place. M\u00eame r\u00e9sultat pour Orange (Vaucluse) class\u00e9 au 12e rang et Annemasse (Haute-Savoie) 16e ville la plus responsable.<\/p>\n","protected":false},"excerpt":{"rendered":"Chamb\u00e9ry, Grenoble, Gap, Bourgoin-Jallieu\u2026 Des villes avec un mode de vie plus responsable. \u00c0 l\u2019occasion de la Journ\u00e9e&hellip;\n","protected":false},"author":2,"featured_media":153939,"comment_status":"","ping_status":"","sticky":false,"template":"","format":"standard","meta":{"footnotes":""},"categories":[9566],"tags":[1111,11,3853,4634,2430,5509,3856,7001,4637,112,4521,3859,114,436,1777,674,107,1011,27,1085,2731,4638,881,108,12,738,25,5508,273,104,4520,7831],"class_list":{"0":"post-153938","1":"post","2":"type-post","3":"status-publish","4":"format-standard","5":"has-post-thumbnail","7":"category-grenoble","8":"tag-actu","9":"tag-actualites","10":"tag-annecy","11":"tag-annemasse","12":"tag-auvergne-rhone-alpes","13":"tag-chambery","14":"tag-edition-annecy-rumilly-les-aravis","15":"tag-edition-chambery-aix-les-bains","16":"tag-edition-grand-geneve-chablais-ain","17":"tag-edition-grenoble-agglomeration","18":"tag-edition-hautes-alpes-alpes-de-haute-provence","19":"tag-edition-provencale","20":"tag-edition-voiron-saint-marcellin","21":"tag-environnement","22":"tag-eu","23":"tag-europe","24":"tag-fil-info","25":"tag-fr","26":"tag-france","27":"tag-gap","28":"tag-grenoble","29":"tag-haute-savoie","30":"tag-hautes-alpes","31":"tag-isere","32":"tag-news","33":"tag-orange","34":"tag-republique-francaise","35":"tag-savoie","36":"tag-selection-de-la-redaction","37":"tag-societe","38":"tag-vaucluse","39":"tag-voiron"},"share_on_mastodon":{"url":"","error":"Validation failed: Text character limit of 500 exceeded"},"_links":{"self":[{"href":"https:\/\/www.europesays.com\/fr\/wp-json\/wp\/v2\/posts\/153938","targetHints":{"allow":["GET"]}}],"collection":[{"href":"https:\/\/www.europesays.com\/fr\/wp-json\/wp\/v2\/posts"}],"about":[{"href":"https:\/\/www.europesays.com\/fr\/wp-json\/wp\/v2\/types\/post"}],"author":[{"embeddable":true,"href":"https:\/\/www.europesays.com\/fr\/wp-json\/wp\/v2\/users\/2"}],"replies":[{"embeddable":true,"href":"https:\/\/www.europesays.com\/fr\/wp-json\/wp\/v2\/comments?post=153938"}],"version-history":[{"count":0,"href":"https:\/\/www.europesays.com\/fr\/wp-json\/wp\/v2\/posts\/153938\/revisions"}],"wp:featuredmedia":[{"embeddable":true,"href":"https:\/\/www.europesays.com\/fr\/wp-json\/wp\/v2\/media\/153939"}],"wp:attachment":[{"href":"https:\/\/www.europesays.com\/fr\/wp-json\/wp\/v2\/media?parent=153938"}],"wp:term":[{"taxonomy":"category","embeddable":true,"href":"https:\/\/www.europesays.com\/fr\/wp-json\/wp\/v2\/categories?post=153938"},{"taxonomy":"post_tag","embeddable":true,"href":"https:\/\/www.europesays.com\/fr\/wp-json\/wp\/v2\/tags?post=153938"}],"curies":[{"name":"wp","href":"https:\/\/api.w.org\/{rel}","templated":true}]}}