{"id":153944,"date":"2025-06-05T12:40:21","date_gmt":"2025-06-05T12:40:21","guid":{"rendered":"https:\/\/www.europesays.com\/fr\/153944\/"},"modified":"2025-06-05T12:40:21","modified_gmt":"2025-06-05T12:40:21","slug":"la-technologie-se-mele-a-la-tradition-chez-le-boucher-charcutier-tripier-atelier-h","status":"publish","type":"post","link":"https:\/\/www.europesays.com\/fr\/153944\/","title":{"rendered":"la technologie se m\u00eale \u00e0 la tradition chez le boucher charcutier tripier Atelier H"},"content":{"rendered":"<p>Quand la tradition n\u2019exclut pas la modernit\u00e9. Chez Atelier H, c\u2019est peu dire que l\u2019on a \u00e0 c\u0153ur de faire vivre les recettes alsaciennes. Jarret brais\u00e9, museau de b\u0153uf, saucisse de Strasbourg, p\u00e2t\u00e9 en cro\u00fbte\u2026 46 salari\u00e9s font aujourd\u2019hui vivre un savoir-faire boucher et charcutier dans cette PME qui, insiste son dirigeant Gilles Hirschfell, \u00ab\u00a0garantit un produit de tradition dans le respect de recettes historiques\u00a0\u00bb. 25 \u00e0 30\u00a0% des 12,7\u00a0millions d\u2019euros de chiffre d\u2019affaires de l\u2019entreprise r\u00e9sident dans la commercialisation d\u2019abats aupr\u00e8s de la grande distribution. Le plus gros de l\u2019activit\u00e9 est&#8230;<\/p>\n","protected":false},"excerpt":{"rendered":"Quand la tradition n\u2019exclut pas la modernit\u00e9. Chez Atelier H, c\u2019est peu dire que l\u2019on a \u00e0 c\u0153ur&hellip;\n","protected":false},"author":2,"featured_media":153945,"comment_status":"","ping_status":"","sticky":false,"template":"","format":"standard","meta":{"footnotes":""},"categories":[2820],"tags":[1111,11,2389,2649,33,2880,1777,674,107,1011,27,775,3035,12,7092,25,640,3265,216],"class_list":{"0":"post-153944","1":"post","2":"type-post","3":"status-publish","4":"format-standard","5":"has-post-thumbnail","7":"category-strasbourg","8":"tag-actu","9":"tag-actualites","10":"tag-alsace","11":"tag-bas-rhin","12":"tag-economie","13":"tag-edition-strasbourg","14":"tag-eu","15":"tag-europe","16":"tag-fil-info","17":"tag-fr","18":"tag-france","19":"tag-grand-est","20":"tag-la-matinale-strasbourg","21":"tag-news","22":"tag-reichstett","23":"tag-republique-francaise","24":"tag-strasbourg","25":"tag-strasbourg-nord","26":"tag-vie-des-entreprises"},"share_on_mastodon":{"url":"https:\/\/pubeurope.com\/@fr\/114630808312570468","error":""},"_links":{"self":[{"href":"https:\/\/www.europesays.com\/fr\/wp-json\/wp\/v2\/posts\/153944","targetHints":{"allow":["GET"]}}],"collection":[{"href":"https:\/\/www.europesays.com\/fr\/wp-json\/wp\/v2\/posts"}],"about":[{"href":"https:\/\/www.europesays.com\/fr\/wp-json\/wp\/v2\/types\/post"}],"author":[{"embeddable":true,"href":"https:\/\/www.europesays.com\/fr\/wp-json\/wp\/v2\/users\/2"}],"replies":[{"embeddable":true,"href":"https:\/\/www.europesays.com\/fr\/wp-json\/wp\/v2\/comments?post=153944"}],"version-history":[{"count":0,"href":"https:\/\/www.europesays.com\/fr\/wp-json\/wp\/v2\/posts\/153944\/revisions"}],"wp:featuredmedia":[{"embeddable":true,"href":"https:\/\/www.europesays.com\/fr\/wp-json\/wp\/v2\/media\/153945"}],"wp:attachment":[{"href":"https:\/\/www.europesays.com\/fr\/wp-json\/wp\/v2\/media?parent=153944"}],"wp:term":[{"taxonomy":"category","embeddable":true,"href":"https:\/\/www.europesays.com\/fr\/wp-json\/wp\/v2\/categories?post=153944"},{"taxonomy":"post_tag","embeddable":true,"href":"https:\/\/www.europesays.com\/fr\/wp-json\/wp\/v2\/tags?post=153944"}],"curies":[{"name":"wp","href":"https:\/\/api.w.org\/{rel}","templated":true}]}}