{"id":153946,"date":"2025-06-05T12:41:11","date_gmt":"2025-06-05T12:41:11","guid":{"rendered":"https:\/\/www.europesays.com\/fr\/153946\/"},"modified":"2025-06-05T12:41:11","modified_gmt":"2025-06-05T12:41:11","slug":"un-couple-de-mosellans-refuse-a-lhopital-de-strasbourg","status":"publish","type":"post","link":"https:\/\/www.europesays.com\/fr\/153946\/","title":{"rendered":"un couple de Mosellans refus\u00e9 \u00e0 l&rsquo;h\u00f4pital de Strasbourg"},"content":{"rendered":"<p class=\"article-p mdl\">Un couple de Mosellans, <strong>dont la femme \u00e9tait suivie pour un cancer<\/strong>, affirme que l&rsquo;acc\u00e8s \u00e0 l&rsquo;h\u00f4pital de Strasbourg leur a \u00e9t\u00e9 refus\u00e9 parce qu&rsquo;ils ne venaient pas du bon d\u00e9partement.<\/p>\n<p class=\"article-p mdl\">L\u2019incident s&rsquo;est produit en mars dernier. La patiente est pourtant suivie depuis longtemps \u00e0 l&rsquo;Institut de canc\u00e9rologie de\u00a0<a class=\"link\" href=\"https:\/\/www.rtl.fr\/actu\/debats-societe\/strasbourg-un-hopital-fait-passer-des-irm-a-des-cochons-avant-des-patients-cancereux-7900512081\" title=\"Strasbourg : l&#039;IHU fait passer des IRM \u00e0 des cochons avant des patients canc\u00e9reux\" target=\"_blank\" rel=\"noopener\">Strasbourg<\/a>. Ce jour-l\u00e0, des analyses r\u00e9v\u00e8lent une an\u00e9mie pr\u00e9occupante et <strong>le m\u00e9decin l&rsquo;envoie tout de suite aux urgences du CHU<\/strong>, qui sont \u00e0 200 m\u00e8tres \u00e0 pied.<\/p>\n<p class=\"article-p mdl\">Et l\u00e0, quelqu&rsquo;un, mais on ne sait pas qui, leur dit : <strong>\u00ab\u00a0Ici, on ne soigne pas les 57. Si vous voulez \u00eatre pris en charge, il faut habiter en Alsace.\u00a0\u00bb<\/strong> Le couple se rend alors par la route \u00e0 l&rsquo;h\u00f4pital de Saint-Avold, en Moselle, \u00e0 130 km de Strasbourg. L&rsquo;h\u00f4pital qui, devant l&rsquo;\u00e9tat de la sant\u00e9 de la patiente, la transf\u00e9rera le lendemain \u00e0 Strasbourg.<\/p>\n<p>            Une enqu\u00eate interne ouverte<\/p>\n<p class=\"article-p mdl\">Le couple a saisi la commission des usagers de l&rsquo;h\u00f4pital. Christian Prudhomme, secr\u00e9taire g\u00e9n\u00e9ral Force ouvri\u00e8re des h\u00f4pitaux universitaires de Strasbourg, d\u00e9plore ce couac : \u00ab\u00a0On sait qu&rsquo;il y a une enqu\u00eate interne et qu&rsquo;il y a un courrier qui a \u00e9t\u00e9 adress\u00e9 \u00e0 la commission des usagers par les personnes concern\u00e9es. Nous, on est tr\u00e8s \u00e9tonn\u00e9s parce que, pour nous, c&rsquo;est un cas isol\u00e9. <strong>Parce que bien s\u00fbr qu&rsquo;on accepte tout le monde, que ce soit des Alsaciens, des Lorrains, les touristes, les \u00e9trangers<\/strong>. On a l&rsquo;obligation de moyens dans la fonction publique hospitali\u00e8re et bien s\u00fbr qu&rsquo;on ne fait pas de diff\u00e9renciation en fonction de la r\u00e9gion d&rsquo;o\u00f9 on vient.\u00a0\u00bb<\/p>\n<p class=\"article-p mdl\">Le CHU ne s&rsquo;exprimera pas puisqu&rsquo;une enqu\u00eate est en cours. On sait juste que <strong>les relations ne sont pas au beau fixe entre l&rsquo;h\u00f4pital public et son voisin semi-priv\u00e9<\/strong> qui traite les cancers. Ils ont mis fin \u00e0 leur partenariat fin 2024.<\/p>\n<p>    La r\u00e9daction vous recommande<\/p>\n<p class=\"s-newsletter__title\">\n                L\u2019actualit\u00e9 par la r\u00e9daction de RTL dans votre bo\u00eete mail.\n            <\/p>\n<p class=\"s-newsletter__subtitle\">\n                Gr\u00e2ce \u00e0 votre compte RTL abonnez-vous \u00e0 la newsletter RTL info pour suivre toute l&rsquo;actualit\u00e9 au quotidien\n            <\/p>\n<p>\n                                    Lire la suite\n                                <\/p>\n","protected":false},"excerpt":{"rendered":"Un couple de Mosellans, dont la femme \u00e9tait suivie pour un cancer, affirme que l&rsquo;acc\u00e8s \u00e0 l&rsquo;h\u00f4pital de&hellip;\n","protected":false},"author":2,"featured_media":153947,"comment_status":"","ping_status":"","sticky":false,"template":"","format":"standard","meta":{"footnotes":""},"categories":[2820],"tags":[1111,11,2649,101,1777,674,107,1011,27,775,2777,5599,12,362,25,640],"class_list":{"0":"post-153946","1":"post","2":"type-post","3":"status-publish","4":"format-standard","5":"has-post-thumbnail","7":"category-strasbourg","8":"tag-actu","9":"tag-actualites","10":"tag-bas-rhin","11":"tag-cancer","12":"tag-eu","13":"tag-europe","14":"tag-fil-info","15":"tag-fr","16":"tag-france","17":"tag-grand-est","18":"tag-hopitaux","19":"tag-moselle","20":"tag-news","21":"tag-replay","22":"tag-republique-francaise","23":"tag-strasbourg"},"share_on_mastodon":{"url":"https:\/\/pubeurope.com\/@fr\/114630812307668343","error":""},"_links":{"self":[{"href":"https:\/\/www.europesays.com\/fr\/wp-json\/wp\/v2\/posts\/153946","targetHints":{"allow":["GET"]}}],"collection":[{"href":"https:\/\/www.europesays.com\/fr\/wp-json\/wp\/v2\/posts"}],"about":[{"href":"https:\/\/www.europesays.com\/fr\/wp-json\/wp\/v2\/types\/post"}],"author":[{"embeddable":true,"href":"https:\/\/www.europesays.com\/fr\/wp-json\/wp\/v2\/users\/2"}],"replies":[{"embeddable":true,"href":"https:\/\/www.europesays.com\/fr\/wp-json\/wp\/v2\/comments?post=153946"}],"version-history":[{"count":0,"href":"https:\/\/www.europesays.com\/fr\/wp-json\/wp\/v2\/posts\/153946\/revisions"}],"wp:featuredmedia":[{"embeddable":true,"href":"https:\/\/www.europesays.com\/fr\/wp-json\/wp\/v2\/media\/153947"}],"wp:attachment":[{"href":"https:\/\/www.europesays.com\/fr\/wp-json\/wp\/v2\/media?parent=153946"}],"wp:term":[{"taxonomy":"category","embeddable":true,"href":"https:\/\/www.europesays.com\/fr\/wp-json\/wp\/v2\/categories?post=153946"},{"taxonomy":"post_tag","embeddable":true,"href":"https:\/\/www.europesays.com\/fr\/wp-json\/wp\/v2\/tags?post=153946"}],"curies":[{"name":"wp","href":"https:\/\/api.w.org\/{rel}","templated":true}]}}