{"id":153948,"date":"2025-06-05T12:42:09","date_gmt":"2025-06-05T12:42:09","guid":{"rendered":"https:\/\/www.europesays.com\/fr\/153948\/"},"modified":"2025-06-05T12:42:09","modified_gmt":"2025-06-05T12:42:09","slug":"honte-a-nous-a-nice-john-kerry-appelle-a-la-mobilisation-pour-la-protection-de-locean","status":"publish","type":"post","link":"https:\/\/www.europesays.com\/fr\/153948\/","title":{"rendered":"\u00ab\u00a0Honte \u00e0 nous\u00a0\u00bb: \u00e0 Nice, John Kerry appelle \u00e0 la mobilisation pour la protection de l\u2019oc\u00e9an"},"content":{"rendered":"<p>\u00ab\u00a0Notre d\u00e9fi et notre responsabilit\u00e9 ne peuvent pas \u00eatre plus clairs. <strong>On ne peut pas faire face \u00e0 la crise climatique sans aborder la crise de l\u2019oc\u00e9an.<\/strong> Et vice-versa.\u00a0\u00bb<\/p>\n<p>Ce jeudi matin, l\u2019Am\u00e9ricain John Kerry a pris la parole pendant un quart d\u2019heure, au <strong>One ocean science<\/strong> qui se d\u00e9roule depuis mardi 3 juin \u00e0 Nice.<\/p>\n<p>La principale et grande salle pl\u00e9ni\u00e8re du congr\u00e8s s\u2019est rapidement remplie, alors que le secr\u00e9taire d\u2019\u00c9tat des \u00c9tats-Unis de 2013 \u00e0 2017 (\u00e9quivalent du ministre des Affaires \u00e9trang\u00e8res) intervenait en visioconf\u00e9rence.<\/p>\n<p>Plus de 2.300 scientifiques participent \u00e0 ce symposium, pr\u00e9lude au sommet politique, la 3e Conf\u00e9rence des Nations unies sur l\u2019oc\u00e9an qui ouvrira lundi 9 juin, au m\u00eame endroit.<\/p>\n<p>\u00ab\u00a0Nous pouvons gagner ce combat!\u00a0\u00bb<\/p>\n<p>En appelant \u00e0 l\u2019action et surtout \u00e0 la r\u00e9action des \u00c9tats, l\u2019ex-envoy\u00e9 sp\u00e9cial des \u00c9tats-Unis pour le climat a exhort\u00e9 \u00e0 \u00ab\u00a0s\u2019occuper de l\u2019oc\u00e9an\u00a0\u00bb.<\/p>\n<p>Les conditions pour y parvenir sont de \u00ab\u00a0comprendre l\u2019acidification, le r\u00e9chauffement, la fonte, l\u2019\u00e9l\u00e9vation du niveau de la mer\u2026 Vous avez \u00e9tudi\u00e9 pour nous aider \u00e0 avoir une id\u00e9e de la direction dans laquelle nous nous dirigeons, a-t-il lanc\u00e9 aux scientifiques. Nous pouvons mieux nous organiser autour de cette conclusion, alors honte \u00e0 nous. Nous pouvons gagner ce combat!\u00a0\u00bb<\/p>\n","protected":false},"excerpt":{"rendered":"\u00ab\u00a0Notre d\u00e9fi et notre responsabilit\u00e9 ne peuvent pas \u00eatre plus clairs. On ne peut pas faire face \u00e0&hellip;\n","protected":false},"author":2,"featured_media":153949,"comment_status":"","ping_status":"","sticky":false,"template":"","format":"standard","meta":{"footnotes":""},"categories":[2819],"tags":[1111,11,436,1777,674,1011,27,12,2401,882,25],"class_list":{"0":"post-153948","1":"post","2":"type-post","3":"status-publish","4":"format-standard","5":"has-post-thumbnail","7":"category-nice","8":"tag-actu","9":"tag-actualites","10":"tag-environnement","11":"tag-eu","12":"tag-europe","13":"tag-fr","14":"tag-france","15":"tag-news","16":"tag-nice","17":"tag-provence-alpes-cote-dazur","18":"tag-republique-francaise"},"share_on_mastodon":{"url":"https:\/\/pubeurope.com\/@fr\/114630816354281958","error":""},"_links":{"self":[{"href":"https:\/\/www.europesays.com\/fr\/wp-json\/wp\/v2\/posts\/153948","targetHints":{"allow":["GET"]}}],"collection":[{"href":"https:\/\/www.europesays.com\/fr\/wp-json\/wp\/v2\/posts"}],"about":[{"href":"https:\/\/www.europesays.com\/fr\/wp-json\/wp\/v2\/types\/post"}],"author":[{"embeddable":true,"href":"https:\/\/www.europesays.com\/fr\/wp-json\/wp\/v2\/users\/2"}],"replies":[{"embeddable":true,"href":"https:\/\/www.europesays.com\/fr\/wp-json\/wp\/v2\/comments?post=153948"}],"version-history":[{"count":0,"href":"https:\/\/www.europesays.com\/fr\/wp-json\/wp\/v2\/posts\/153948\/revisions"}],"wp:featuredmedia":[{"embeddable":true,"href":"https:\/\/www.europesays.com\/fr\/wp-json\/wp\/v2\/media\/153949"}],"wp:attachment":[{"href":"https:\/\/www.europesays.com\/fr\/wp-json\/wp\/v2\/media?parent=153948"}],"wp:term":[{"taxonomy":"category","embeddable":true,"href":"https:\/\/www.europesays.com\/fr\/wp-json\/wp\/v2\/categories?post=153948"},{"taxonomy":"post_tag","embeddable":true,"href":"https:\/\/www.europesays.com\/fr\/wp-json\/wp\/v2\/tags?post=153948"}],"curies":[{"name":"wp","href":"https:\/\/api.w.org\/{rel}","templated":true}]}}