{"id":153950,"date":"2025-06-05T12:43:10","date_gmt":"2025-06-05T12:43:10","guid":{"rendered":"https:\/\/www.europesays.com\/fr\/153950\/"},"modified":"2025-06-05T12:43:10","modified_gmt":"2025-06-05T12:43:10","slug":"pourquoi-la-municipalite-ferme-quatre-commerces-dans-le-centre-ville-de-nice","status":"publish","type":"post","link":"https:\/\/www.europesays.com\/fr\/153950\/","title":{"rendered":"Pourquoi la municipalit\u00e9 ferme quatre commerces dans le centre-ville de Nice"},"content":{"rendered":"<p>La Cellule d\u2019intervention mutualis\u00e9e (CIM) de la police municipale de Nice a encore frapp\u00e9. \u00ab\u00a0Quatre \u00e9tablissements ferm\u00e9s sur Raimbaldi pour des raisons d\u2019hygi\u00e8ne ou de nuisances, gr\u00e2ce \u00e0 l\u2019action de la cellule d\u2019intervention sp\u00e9cialis\u00e9e de la police municipale de Nice, s\u2019est exclam\u00e9 sur X Anthony Borr\u00e9, premier adjoint au maire de Nice, mardi 3 juin. Prochaine \u00e9tape: lancement de l\u2019appel \u00e0 manifestation d\u2019int\u00e9r\u00eat.\u00a0\u00bb<\/p>\n<blockquote class=\"twitter-tweet\">\n<p lang=\"fr\" dir=\"ltr\">4 \u00e9tablissements ferm\u00e9s sur Raimbaldi pour raisons d\u2019hygi\u00e8ne et nuisances, gr\u00e2ce \u00e0 l\u2019action Cellule d\u2019Intervention Sp\u00e9cialis\u00e9e de la <a href=\"https:\/\/twitter.com\/PMdeNice?ref_src=twsrc%5Etfw\" rel=\"nofollow noopener\" target=\"_blank\">@PMdeNice<\/a>.<br \/>Prochaine \u00e9tape : lancement de l\u2019appel \u00e0 manifestation d\u2019int\u00e9r\u00eat.<a href=\"https:\/\/twitter.com\/hashtag\/Nice06?src=hash&amp;ref_src=twsrc%5Etfw\" rel=\"nofollow noopener\" target=\"_blank\">#Nice06<\/a> <a href=\"https:\/\/t.co\/AOAGrPXQgB\" rel=\"nofollow\">pic.twitter.com\/AOAGrPXQgB<\/a><\/p>\n<p>\u2014 Anthony Borr\u00e9 (@anthony_borre) <a href=\"https:\/\/twitter.com\/anthony_borre\/status\/1929956821071966709?ref_src=twsrc%5Etfw\" rel=\"nofollow noopener\" target=\"_blank\">June 3, 2025<\/a><\/p><\/blockquote>\n<p>Plus pr\u00e9cis\u00e9ment, <strong>trois commerces ont \u00e9t\u00e9 ferm\u00e9s administrativement pour des raisons d\u2019hygi\u00e8ne<\/strong>: <strong>Barber Dream<\/strong>, situ\u00e9 au num\u00e9ro 29 du boulevard Raimbaldi, ferm\u00e9 mardi 3 juin; <strong>La Maison des fr\u00e8res<\/strong>, une \u00e9picerie sise au n\u00b023, ferm\u00e9 le 30 mai; et <strong>la boulangerie The Moon<\/strong>, au num\u00e9ro 29, ferm\u00e9e le 29 avril. Quant \u00e0 <strong>l\u2019\u00e9picerie Produits du monde<\/strong>, situ\u00e9e au 19 boulevard Raimbaldi, elle a \u00e9t\u00e9 ferm\u00e9e le 15 mai, <strong>pour des nuisances sonores.<\/strong><\/p>\n<p>Un restaurant ferm\u00e9 rue de L\u00e9pante <\/p>\n<p>Ce n\u2019est pas la premi\u00e8re fois qu\u2019Anthony Borr\u00e9 se met en sc\u00e8ne sur les r\u00e9seaux sociaux pour annoncer des fermetures administratives d\u2019\u00e9tablissements ni\u00e7ois. <a href=\"https:\/\/www.nicematin.com\/faits-divers\/-tu-vas-mourir-comme-jesus-un-elu-menace-de-mort-apres-avoir-ordonne-la-fermeture-d-une-superette-a-nice-979552\" rel=\"nofollow noopener\" target=\"_blank\">Il avait d\u2019ailleurs \u00e9t\u00e9 menac\u00e9 de mort en mars suite \u00e0 la fermeture de la sup\u00e9rette MS Market \u00e0 La Madeleine.<\/a><\/p>\n<p>Par ailleurs, le restaurant La Bonne \u00e9toile, au 6 de la rue de L\u00e9pante, a \u00e9galement \u00e9t\u00e9 ferm\u00e9 mardi 3 juin pour des probl\u00e8mes d\u2019hygi\u00e8ne.<\/p>\n<p>Concernant \u00ab\u00a0l\u2019appel \u00e0 manifestation d\u2019int\u00e9r\u00eat\u00a0\u00bb dont parle Anthony Borr\u00e9 dans son tweet, il s\u2019agit en fait d\u2019un projet global concernant le trottoir nord du boulevard Raimbaldi, qui a longtemps \u00e9t\u00e9 un parking, et qui reste un lieu \u00ab\u00a0peu fr\u00e9quentable\u00a0\u00bb, pr\u00e9cisent les services de la mairie. Le tout doit encore \u00eatre valid\u00e9 lors d\u2019un prochain conseil municipal.<\/p>\n<p>Fin 2023, en visite dans le quartier, Anthony Borr\u00e9 expliquait d\u00e9j\u00e0 que la r\u00e9gie des parcs d\u2019Azur allait quitter sa tour du 38 boulevard Raimbaldi et qu\u2019un \u00ab\u00a0appel \u00e0 manifestation d\u2019int\u00e9r\u00eat va \u00eatre lanc\u00e9 prochainement afin d\u2019inciter le priv\u00e9 \u00e0 proposer des projets. [&#8230;] Cet endroit est actuellement un lieu o\u00f9 se regroupent des individus souvent alcoolis\u00e9s qui cr\u00e9ent des nuisances. Ainsi, un projet ad\u00e9quat aurait aussi pour effet d\u2019apaiser cette zone.\u00a0\u00bb<\/p>\n<p><script async src=\"https:\/\/platform.twitter.com\/widgets.js\" charset=\"utf-8\"><\/script><\/p>\n","protected":false},"excerpt":{"rendered":"La Cellule d\u2019intervention mutualis\u00e9e (CIM) de la police municipale de Nice a encore frapp\u00e9. \u00ab\u00a0Quatre \u00e9tablissements ferm\u00e9s sur&hellip;\n","protected":false},"author":2,"featured_media":153951,"comment_status":"","ping_status":"","sticky":false,"template":"","format":"standard","meta":{"footnotes":""},"categories":[2819],"tags":[1111,11,1777,674,1011,27,12,2401,882,25,3366],"class_list":{"0":"post-153950","1":"post","2":"type-post","3":"status-publish","4":"format-standard","5":"has-post-thumbnail","7":"category-nice","8":"tag-actu","9":"tag-actualites","10":"tag-eu","11":"tag-europe","12":"tag-fr","13":"tag-france","14":"tag-news","15":"tag-nice","16":"tag-provence-alpes-cote-dazur","17":"tag-republique-francaise","18":"tag-vie-locale"},"share_on_mastodon":{"url":"https:\/\/pubeurope.com\/@fr\/114630820277870775","error":""},"_links":{"self":[{"href":"https:\/\/www.europesays.com\/fr\/wp-json\/wp\/v2\/posts\/153950","targetHints":{"allow":["GET"]}}],"collection":[{"href":"https:\/\/www.europesays.com\/fr\/wp-json\/wp\/v2\/posts"}],"about":[{"href":"https:\/\/www.europesays.com\/fr\/wp-json\/wp\/v2\/types\/post"}],"author":[{"embeddable":true,"href":"https:\/\/www.europesays.com\/fr\/wp-json\/wp\/v2\/users\/2"}],"replies":[{"embeddable":true,"href":"https:\/\/www.europesays.com\/fr\/wp-json\/wp\/v2\/comments?post=153950"}],"version-history":[{"count":0,"href":"https:\/\/www.europesays.com\/fr\/wp-json\/wp\/v2\/posts\/153950\/revisions"}],"wp:featuredmedia":[{"embeddable":true,"href":"https:\/\/www.europesays.com\/fr\/wp-json\/wp\/v2\/media\/153951"}],"wp:attachment":[{"href":"https:\/\/www.europesays.com\/fr\/wp-json\/wp\/v2\/media?parent=153950"}],"wp:term":[{"taxonomy":"category","embeddable":true,"href":"https:\/\/www.europesays.com\/fr\/wp-json\/wp\/v2\/categories?post=153950"},{"taxonomy":"post_tag","embeddable":true,"href":"https:\/\/www.europesays.com\/fr\/wp-json\/wp\/v2\/tags?post=153950"}],"curies":[{"name":"wp","href":"https:\/\/api.w.org\/{rel}","templated":true}]}}