{"id":153952,"date":"2025-06-05T12:44:20","date_gmt":"2025-06-05T12:44:20","guid":{"rendered":"https:\/\/www.europesays.com\/fr\/153952\/"},"modified":"2025-06-05T12:44:20","modified_gmt":"2025-06-05T12:44:20","slug":"jardinage-culture-quand-les-cimetieres-se-reinventent-a-nantes","status":"publish","type":"post","link":"https:\/\/www.europesays.com\/fr\/153952\/","title":{"rendered":"Jardinage, culture\u2026 Quand les cimeti\u00e8res se r\u00e9inventent \u00e0 Nantes"},"content":{"rendered":"<p>D\u00e9volus \u00e0 l\u2019hommage aux morts, les cimeti\u00e8res sont, en France, traditionnellement charg\u00e9s d\u2019une connotation de tristesse. On y vient pour se souvenir, pleurer et regretter la personne disparue. Il est pourtant possible de les aborder sous un autre angle, d\u2019y cr\u00e9er du lien social tout en n\u2019oubliant pas leur fonction originelle.<\/p>\n<p>\u00c0 Nantes, l\u2019association Big bang m\u00e9morial a men\u00e9 pendant quatre ans, de 2015 \u00e0 2019, plusieurs projets visant \u00e0 aborder ces lieux autrement. <strong>\u00ab Dans d\u2019autres pays, ce sont de v\u00e9ritables lieux de vie. Chez nous, \u00e7a reste mortif\u00e8re. On a donc voulu apporter autre chose, avoir un autre regard sur le cimeti\u00e8re autour de trois axes : l\u2019art, la m\u00e9moire et la nature \u00bb,<\/strong> explique Ga\u00eblle Le Guillou, artiste \u00e0 l\u2019origine du projet.<\/p>\n<p>\u00ab Beaucoup de retours positifs \u00bb<\/p>\n<p>Son int\u00e9r\u00eat pour les cimeti\u00e8res est d\u2019abord li\u00e9 \u00e0 une perte personnelle. <strong>\u00ab Cela m\u2019a marqu\u00e9e. Pour moi, c\u2019\u00e9tait injuste, cette personne aurait d\u00fb vivre et je crois que, quelque part, j\u2019ai voulu que ce lieu devienne vivant. \u00bb<\/strong> Au sein de celui de La Bouteillerie, l\u2019artiste acquiert une concession <strong>\u00ab <a href=\"https:\/\/nantes.maville.com\/info\/info-locale\/des-choux-et-des-cornichons-sur-sa-tombe-4385921\" target=\"_self\" rel=\"noopener\">pour faire un potager<\/a> \u00bb.<\/strong><\/p>\n<p>Tr\u00e8s vite, un petit groupe se forme autour du jardinage. <strong>\u00ab Des personnes \u00e2g\u00e9es, mais aussi des jeunes. On faisait des semis, de la taille. \u00c0 la Toussaint, on aidait les gens \u00e0 planter les chrysanth\u00e8mes au lieu de les laisser dans les pots. Cela permettait de raconter l\u2019histoire des personnes inhum\u00e9es \u00e0 travers le jardinage. \u00bb<\/strong><\/p>\n<p>S\u2019y ajoutent des visites th\u00e9matiques ou encore du th\u00e9\u00e2tre. <strong>\u00ab Nous avons eu beaucoup de retours positifs. Je pense \u00e0 ces personnes qui avaient perdu un jeune enfant. Elles \u00e9taient heureuses que le cimeti\u00e8re s\u2019embellisse, qu\u2019il s\u2019y passe des \u00e9v\u00e8nements joyeux. \u00bb<\/strong> Individuellement, <a href=\"https:\/\/nantes.maville.com\/actu\/actudet_-nantes.-cette-oeuvre-au-cimetiere-sera-t-elle-enterree-_52716-5143261_actu.Htm\" target=\"_self\" rel=\"noopener\">l\u2019artiste participe aussi au Voyage \u00e0 Nantes 2017 en cr\u00e9ant une promenade m\u00ealant cr\u00e9ations fleuries et d\u00e9couverte de tombes<\/a>.<\/p>\n<p>\t<img decoding=\"async\" src=\"https:\/\/www.europesays.com\/fr\/wp-content\/uploads\/2025\/06\/P35270906D6839617G_px_640_.jpg\" alt=\"photo gr\u00e2ce \u00e0 leurs activit\u00e9s, les membres de l\u2019association d\u00e9siraient apporter un peu de joie dans les cimeti\u00e8res.  \u00a9  isabelle montane\" width=\"640\" title=\" Gr\u00e2ce \u00e0 leurs activit\u00e9s, les membres de l\u2019association d\u00e9siraient apporter un peu de joie dans les cimeti\u00e8res.   Isabelle Montane \"\/><\/p>\n<p class=\"elmt-legende\"> Gr\u00e2ce \u00e0 leurs activit\u00e9s, les membres de l\u2019association d\u00e9siraient apporter un peu de joie dans les cimeti\u00e8res.   Isabelle Montane <\/p>\n<p>\u00ab On a amen\u00e9 des sourires \u00bb<\/p>\n<p>Si le projet s\u2019est aujourd\u2019hui arr\u00eat\u00e9, son souvenir reste vivace. Dominique Richard, la m\u00e8re de Ga\u00eblle Le Gouillou et \u00e9galement membre de l\u2019association, le r\u00e9sume ainsi : <strong>\u00ab\u00a0Les gens pouvaient se fr\u00e9quenter. En temps normal, ils se seraient crois\u00e9s en se disant \u00e0 peine bonjour. On a amen\u00e9 des sourires et c\u2019\u00e9tait \u00e7a l\u2019important. \u00bb <\/strong>Une v\u00e9ritable aventure collective, o\u00f9 les vivants prennent soin les uns des autres tout en s\u2019occupant de perp\u00e9tuer le souvenir des morts.<\/p>\n<p>\u00a0<\/p>\n","protected":false},"excerpt":{"rendered":"D\u00e9volus \u00e0 l\u2019hommage aux morts, les cimeti\u00e8res sont, en France, traditionnellement charg\u00e9s d\u2019une connotation de tristesse. On y&hellip;\n","protected":false},"author":2,"featured_media":153953,"comment_status":"","ping_status":"","sticky":false,"template":"","format":"standard","meta":{"footnotes":""},"categories":[2818],"tags":[1111,11,28381,251,1777,674,1011,27,2575,766,12,2636,28382,25],"class_list":{"0":"post-153952","1":"post","2":"type-post","3":"status-publish","4":"format-standard","5":"has-post-thumbnail","7":"category-nantes","8":"tag-actu","9":"tag-actualites","10":"tag-cimetieres","11":"tag-culture","12":"tag-eu","13":"tag-europe","14":"tag-fr","15":"tag-france","16":"tag-jardinage","17":"tag-nantes","18":"tag-news","19":"tag-pays-de-la-loire","20":"tag-reinventent","21":"tag-republique-francaise"},"share_on_mastodon":{"url":"https:\/\/pubeurope.com\/@fr\/114630824114312069","error":""},"_links":{"self":[{"href":"https:\/\/www.europesays.com\/fr\/wp-json\/wp\/v2\/posts\/153952","targetHints":{"allow":["GET"]}}],"collection":[{"href":"https:\/\/www.europesays.com\/fr\/wp-json\/wp\/v2\/posts"}],"about":[{"href":"https:\/\/www.europesays.com\/fr\/wp-json\/wp\/v2\/types\/post"}],"author":[{"embeddable":true,"href":"https:\/\/www.europesays.com\/fr\/wp-json\/wp\/v2\/users\/2"}],"replies":[{"embeddable":true,"href":"https:\/\/www.europesays.com\/fr\/wp-json\/wp\/v2\/comments?post=153952"}],"version-history":[{"count":0,"href":"https:\/\/www.europesays.com\/fr\/wp-json\/wp\/v2\/posts\/153952\/revisions"}],"wp:featuredmedia":[{"embeddable":true,"href":"https:\/\/www.europesays.com\/fr\/wp-json\/wp\/v2\/media\/153953"}],"wp:attachment":[{"href":"https:\/\/www.europesays.com\/fr\/wp-json\/wp\/v2\/media?parent=153952"}],"wp:term":[{"taxonomy":"category","embeddable":true,"href":"https:\/\/www.europesays.com\/fr\/wp-json\/wp\/v2\/categories?post=153952"},{"taxonomy":"post_tag","embeddable":true,"href":"https:\/\/www.europesays.com\/fr\/wp-json\/wp\/v2\/tags?post=153952"}],"curies":[{"name":"wp","href":"https:\/\/api.w.org\/{rel}","templated":true}]}}