{"id":15396,"date":"2025-04-10T16:28:10","date_gmt":"2025-04-10T16:28:10","guid":{"rendered":"https:\/\/www.europesays.com\/fr\/15396\/"},"modified":"2025-04-10T16:28:10","modified_gmt":"2025-04-10T16:28:10","slug":"laurene-levy-du-contenu-au-poil-liberation","status":"publish","type":"post","link":"https:\/\/www.europesays.com\/fr\/15396\/","title":{"rendered":"Laur\u00e8ne L\u00e9vy, du contenu au poil \u2013 Lib\u00e9ration"},"content":{"rendered":"<p class=\"sc-cPiKLX AiZTS text-element\">Pour croiser Laur\u00e8ne L\u00e9vy, il y a deux solutions. La premi\u00e8re : ouvrir TikTok sur votre t\u00e9l\u00e9phone et faire d\u00e9filer les vid\u00e9os. Un influenceur qui danse, une reprise de Michael Jackson en miaulements de chats, un live o\u00f9 un utilisateur quelconque \u00e9crit votre nom dans du sable et enfin, avec un peu de chance : une vid\u00e9o de @laulevy. Avec 350 000 abonn\u00e9s et des posts qui oscillent entre 100 000 et 2 millions de vues, cette cr\u00e9atrice de contenu sp\u00e9cialis\u00e9e dans le bien-\u00eatre au travail b\u00e9n\u00e9ficie des faveurs de l\u2019algorithme. Seconde solution : proposer un portrait dans Lib\u00e9, la rencontrer autour d\u2019une limonade dans un caf\u00e9 du XIe arrondissement de Paris. On ne va pas se raconter d\u2019histoire : \u00e9voquer le drama en cours autour de Body Minute a suscit\u00e9 un suppl\u00e9ment de curiosit\u00e9 de notre part. Mais il en va des portraits comme des clientes qui se pr\u00e9sentent sans rendez-vous dans les instituts bleu et rose. Va falloir patienter un peu.<\/p>\n<p class=\"sc-cPiKLX AiZTS text-element\">Laur\u00e8ne L\u00e9vy, 29 ans, n\u2019a rien du clich\u00e9 de la \u00abtiktokeuse\u00bb. D\u2019ailleurs, elle n\u2019emploie pas le mot, pas plus que \u00abinfluenceuse\u00bb : elle ne danse pas, elle n\u2019est pas invit\u00e9e aux d\u00e9fil\u00e9s de mode, elle n\u2019a pas grand-chose \u00e0 nous vendre, sinon quelques bons conseils pour appr\u00e9hender la vie professionnelle, surtout \u00e0 destination de la \u00abGen Z\u00bb, les 16-25 ans. La th\u00e9matique s\u2019est impos\u00e9e apr\u00e8s un premier contenu qui a attir\u00e9 l\u2019attention : alors qu\u2019elle bossait dans une agence de pub apr\u00e8s des \u00e9tudes de communication \u00e0 l\u2019Iscom, elle raconte en vid\u00e9o son exp<\/p>\n","protected":false},"excerpt":{"rendered":"Pour croiser Laur\u00e8ne L\u00e9vy, il y a deux solutions. La premi\u00e8re : ouvrir TikTok sur votre t\u00e9l\u00e9phone et&hellip;\n","protected":false},"author":2,"featured_media":15397,"comment_status":"","ping_status":"","sticky":false,"template":"","format":"standard","meta":{"footnotes":""},"categories":[1359],"tags":[58,59,1011,27,973,938,2439],"class_list":{"0":"post-15396","1":"post","2":"type-post","3":"status-publish","4":"format-standard","5":"has-post-thumbnail","7":"category-people","8":"tag-divertissement","9":"tag-entertainment","10":"tag-fr","11":"tag-france","12":"tag-people","13":"tag-reseaux-sociaux","14":"tag-tiktok"},"share_on_mastodon":{"url":"https:\/\/pubeurope.com\/@fr\/114314615380579545","error":""},"_links":{"self":[{"href":"https:\/\/www.europesays.com\/fr\/wp-json\/wp\/v2\/posts\/15396","targetHints":{"allow":["GET"]}}],"collection":[{"href":"https:\/\/www.europesays.com\/fr\/wp-json\/wp\/v2\/posts"}],"about":[{"href":"https:\/\/www.europesays.com\/fr\/wp-json\/wp\/v2\/types\/post"}],"author":[{"embeddable":true,"href":"https:\/\/www.europesays.com\/fr\/wp-json\/wp\/v2\/users\/2"}],"replies":[{"embeddable":true,"href":"https:\/\/www.europesays.com\/fr\/wp-json\/wp\/v2\/comments?post=15396"}],"version-history":[{"count":0,"href":"https:\/\/www.europesays.com\/fr\/wp-json\/wp\/v2\/posts\/15396\/revisions"}],"wp:featuredmedia":[{"embeddable":true,"href":"https:\/\/www.europesays.com\/fr\/wp-json\/wp\/v2\/media\/15397"}],"wp:attachment":[{"href":"https:\/\/www.europesays.com\/fr\/wp-json\/wp\/v2\/media?parent=15396"}],"wp:term":[{"taxonomy":"category","embeddable":true,"href":"https:\/\/www.europesays.com\/fr\/wp-json\/wp\/v2\/categories?post=15396"},{"taxonomy":"post_tag","embeddable":true,"href":"https:\/\/www.europesays.com\/fr\/wp-json\/wp\/v2\/tags?post=15396"}],"curies":[{"name":"wp","href":"https:\/\/api.w.org\/{rel}","templated":true}]}}