{"id":153965,"date":"2025-06-05T12:51:09","date_gmt":"2025-06-05T12:51:09","guid":{"rendered":"https:\/\/www.europesays.com\/fr\/153965\/"},"modified":"2025-06-05T12:51:09","modified_gmt":"2025-06-05T12:51:09","slug":"drogue-a-roubaix-la-decision-dinterdire-les-attroupements-du-maire-guillaume-delbar-etait-illegale","status":"publish","type":"post","link":"https:\/\/www.europesays.com\/fr\/153965\/","title":{"rendered":"Drogue \u00e0 Roubaix. La d\u00e9cision d&rsquo;interdire les \u00ab\u00a0attroupements\u00a0\u00bb du maire Guillaume Delbar \u00e9tait ill\u00e9gale"},"content":{"rendered":"<p>            Par<br \/>\n        <strong><br \/>\n            <a href=\"https:\/\/actu.fr\/auteur\/redaction-lille\" title=\"Consulter tous les articles de R\u00e9daction Lille\" rel=\"nofollow noopener\" target=\"_blank\">R\u00e9daction Lille<\/a><br \/>\n        <\/strong><\/p>\n<p>        Publi\u00e9 le<\/p>\n<p>            5 juin 2025 \u00e0 14h20        <\/p>\n<p>Le <b>tribunal administratif<\/b> de <a href=\"https:\/\/actu.fr\/hauts-de-france\/lille_59350\" rel=\"nofollow noopener\" target=\"_blank\">Lille<\/a> a tranch\u00e9 et <b>annul\u00e9 les quatre arr\u00eat\u00e9s<\/b> que le <b>maire<\/b> de <a href=\"https:\/\/actu.fr\/hauts-de-france\/roubaix_59512\" rel=\"nofollow noopener\" target=\"_blank\">Roubaix<\/a> (Nord) <b>Guillaume Delbar<\/b> (<a href=\"https:\/\/actu.fr\/tag\/les-republicains-lr\" rel=\"nofollow noopener\" target=\"_blank\">LR<\/a>) avait pris en juillet 2022 pour <b>mettre fin aux \u00ab\u00a0attroupements\u00a0\u00bb<\/b>. Son objectif \u00e9tait alors de frapper fort contre les <b>cons\u00e9quences g\u00e9n\u00e9r\u00e9es par le trafic<\/b> de <a href=\"https:\/\/actu.fr\/tag\/drogue\" rel=\"nofollow noopener\" target=\"_blank\">stup\u00e9fiants<\/a>.<\/p>\n<p>Tout attroupement non li\u00e9 \u00e0 des manifestations ou f\u00eates publiques interdit \u00e0 Roubaix<\/p>\n<p class=\" wall-content\">Guillaume Delbar avait pr\u00e9cis\u00e9ment<b> interdit \u00ab\u00a0tout attroupement non li\u00e9 \u00e0 des manifestations ou f\u00eates publiques d\u00fbment autoris\u00e9es<\/b>\u00a0\u00bb et qui venait \u00e0 \u00ab\u00a0<b>occuper l\u2019espace public de mani\u00e8re prolong\u00e9e<\/b> et susceptible de cause des nuisances sonores ou de troubler l\u2019ordre public\u00a0\u00bb.<\/p>\n<p class=\" wall-content\">Cette interdiction \u00e9tait valable\u00a0du lundi au samedi de 10h \u00e0 22h, jusqu\u2019au 30 septembre 2022 inclus,\u00a0ou \u00ab\u00a0tous les jours de la semaine de 13h \u00e0 15h et de 17h \u00e0 22h\u00a0\u00bb.<\/p>\n<p class=\" wall-content\">Par ces quatre arr\u00eat\u00e9s en date du 19 juillet 2022 la municipalit\u00e9 esp\u00e9rait en fait <b>mettre un terme aux trafics de stup\u00e9fiants<\/b>, jug\u00e9s \u00ab\u00a0r\u00e9currents\u00a0\u00bb dans les secteurs vis\u00e9s : \u00e0 savoir\u00a0les<b> r<\/b><b>ues du quartier de la Petite-Italie, de l\u2019Alma, Sainte-Elisabeth et le secteur de la Grand-Place<\/b>.<\/p>\n<p class=\" wall-content\">La\u00a0<b>Ligue des droits de l\u2019Homme\u00a0(LDH)<\/b> \u2013 dont l\u2019objet est la \u00ab\u00a0d\u00e9fense des libert\u00e9s publiques\u00a0\u00bb \u2013 avait donc <b>saisi en urgence le juge des r\u00e9f\u00e9r\u00e9s<\/b> du tribunal administratif de Lille pour contester ces d\u00e9cisions portant \u00ab\u00a0<b>atteinte grave et imm\u00e9diate \u00e0 la libert\u00e9 d\u2019aller et venir<\/b>\u00a0\u00bb et \u00e0 \u00ab\u00a0la libert\u00e9 de r\u00e9union\u00a0\u00bb, et donc \u00ab\u00a0aux int\u00e9r\u00eats qu\u2019elle entend d\u00e9fendre\u00a0\u00bb.<\/p>\n<p>Seul le pr\u00e9fet pouvait prendre de tels arr\u00eat\u00e9s<\/p>\n<p class=\" wall-content\">L\u2019association avait <b>d\u00e9j\u00e0 obtenu gain de cause<\/b> : par ordonnance du 8 septembre 2022, le magistrat administratif avait\u00a0<b>suspendu\u00a0ces arr\u00eat\u00e9s<\/b>.\u00a0<\/p>\n<p class=\" wall-content\">\u00ab\u00a0La r\u00e9alit\u00e9 des troubles n\u2019\u00e9tait pas suffisamment \u00e9tablie\u00a0\u00bb, avait-il \u00e0 l\u2019\u00e9poque estim\u00e9.\u00a0Ces arr\u00eat\u00e9s \u00ab\u00a0ne sont pas n\u00e9cessaires\u00a0\u00bb, en avait d\u00e9duit le juge, qui avait un \u00ab\u00a0doute s\u00e9rieux\u00a0\u00bb sur la l\u00e9galit\u00e9 de ces arr\u00eat\u00e9s.<\/p>\n<p class=\" wall-content\">Le 11 f\u00e9vrier 2025, l\u2019<b>affaire a donc \u00e9t\u00e9\u00a0r\u00e9examin\u00e9e\u00a0au fond par trois magistrats<\/b> du tribunal\u00a0administratif\u00a0de Lille r\u00e9unis en formation\u00a0coll\u00e9giale.\u00a0Les arr\u00eat\u00e9s ne sont ni \u00ab\u00a0n\u00e9cessaires\u00a0\u00bb, ni \u00ab\u00a0adapt\u00e9s\u00a0\u00bb et \u00ab\u00a0proportionn\u00e9s \u00e0 la finalit\u00e9 qu\u2019il poursuit de sauvegarde de l\u2019ordre public\u00a0\u00bb, maintenait la LDH.\u00a0<\/p>\n<p class=\" wall-content\">\u00c0 Roubaix, la <a href=\"https:\/\/actu.fr\/tag\/police\" rel=\"nofollow noopener\" target=\"_blank\">police<\/a> est \u00ab\u00a0\u00e9tatis\u00e9e\u00a0\u00bb, commence par confirmer le\u00a0tribunal administratif de Lille dans une s\u00e9rie de d\u00e9cisions du 11 mars 2025 et qui viennent d\u2019\u00eatre rendues publiques.\u00a0<\/p>\n<p class=\" wall-content\">\u00ab\u00a0Le maire est comp\u00e9tent pour <b>r\u00e9primer et pr\u00e9venir les atteintes \u00e0 la tranquillit\u00e9 publique<\/b> en ce qui concerne <b>uniquement les troubles de voisinage<\/b>\u00ab\u00a0, explique-t-il. Seul le \u00ab\u00a0repr\u00e9sentant de l\u2019\u00c9tat\u00a0\u00bb \u2013 en l\u2019occurrence le pr\u00e9fet de d\u00e9partement \u2013 peut \u00ab\u00a0r\u00e9primer les autres atteintes \u00e0 la tranquillit\u00e9 publique\u00a0\u00bb comme par exemple \u00ab\u00a0les attroupements\u00a0\u00bb.<\/p>\n<p class=\" wall-content\">Le maire de Roubaix n\u2019avait donc \u00ab\u00a0pas la comp\u00e9tence pour adopter les arr\u00eat\u00e9s litigieux\u00a0\u00bb, consid\u00e8rent les magistrats lillois, qui ont annul\u00e9 en cons\u00e9quence ces arr\u00eat\u00e9s ill\u00e9gaux.\u00a0<\/p>\n<p class=\" wall-content\">La Ville de Roubaix devra verser au passage 2 000 \u20ac \u00e0 la Ligue des droits de l\u2019Homme pour couvrir ses frais de justice. Pour rappel, en 2016, le tribunal administratif de Lille avait <b>annul\u00e9 deux arr\u00eat\u00e9s \u00ab\u00a0anti-mendicit\u00e9\u00a0\u00bb<\/b> pris par Guillaume Delbar, d\u00e9j\u00e0, \u00e0 la demande de la LDH.<\/p>\n<p class=\" wall-content\"><b>MJ (PressPepper)<\/b><\/p>\n<p class=\" wall-content\">Suivez toute l\u2019actualit\u00e9 de vos villes et m\u00e9dias favoris en vous inscrivant \u00e0 <a href=\"https:\/\/moncompte.actu.fr\" title=\"D\u00e9couvez Mon Actu\" rel=\"nofollow noopener\" data-trk=\"{&quot;cta&quot;:{&quot;action&quot;:&quot;https:\\\/\\\/moncompte.actu.fr&quot;,&quot;category&quot;:&quot;mon compte&quot;,&quot;from&quot;:&quot;article footer&quot;,&quot;name&quot;:&quot;Mon actu&quot;,&quot;type&quot;:&quot;cta&quot;}}\" target=\"_blank\">Mon Actu<\/a>.<\/p>\n","protected":false},"excerpt":{"rendered":"Par R\u00e9daction Lille Publi\u00e9 le 5 juin 2025 \u00e0 14h20 Le tribunal administratif de Lille a tranch\u00e9 et&hellip;\n","protected":false},"author":2,"featured_media":153966,"comment_status":"","ping_status":"","sticky":false,"template":"","format":"standard","meta":{"footnotes":""},"categories":[2815],"tags":[1111,11,1052,1777,674,1011,27,811,1307,12,25,104],"class_list":{"0":"post-153965","1":"post","2":"type-post","3":"status-publish","4":"format-standard","5":"has-post-thumbnail","7":"category-lille","8":"tag-actu","9":"tag-actualites","10":"tag-drogue","11":"tag-eu","12":"tag-europe","13":"tag-fr","14":"tag-france","15":"tag-hauts-de-france","16":"tag-lille","17":"tag-news","18":"tag-republique-francaise","19":"tag-societe"},"share_on_mastodon":{"url":"https:\/\/pubeurope.com\/@fr\/114630851457440509","error":""},"_links":{"self":[{"href":"https:\/\/www.europesays.com\/fr\/wp-json\/wp\/v2\/posts\/153965","targetHints":{"allow":["GET"]}}],"collection":[{"href":"https:\/\/www.europesays.com\/fr\/wp-json\/wp\/v2\/posts"}],"about":[{"href":"https:\/\/www.europesays.com\/fr\/wp-json\/wp\/v2\/types\/post"}],"author":[{"embeddable":true,"href":"https:\/\/www.europesays.com\/fr\/wp-json\/wp\/v2\/users\/2"}],"replies":[{"embeddable":true,"href":"https:\/\/www.europesays.com\/fr\/wp-json\/wp\/v2\/comments?post=153965"}],"version-history":[{"count":0,"href":"https:\/\/www.europesays.com\/fr\/wp-json\/wp\/v2\/posts\/153965\/revisions"}],"wp:featuredmedia":[{"embeddable":true,"href":"https:\/\/www.europesays.com\/fr\/wp-json\/wp\/v2\/media\/153966"}],"wp:attachment":[{"href":"https:\/\/www.europesays.com\/fr\/wp-json\/wp\/v2\/media?parent=153965"}],"wp:term":[{"taxonomy":"category","embeddable":true,"href":"https:\/\/www.europesays.com\/fr\/wp-json\/wp\/v2\/categories?post=153965"},{"taxonomy":"post_tag","embeddable":true,"href":"https:\/\/www.europesays.com\/fr\/wp-json\/wp\/v2\/tags?post=153965"}],"curies":[{"name":"wp","href":"https:\/\/api.w.org\/{rel}","templated":true}]}}