{"id":153970,"date":"2025-06-05T12:54:14","date_gmt":"2025-06-05T12:54:14","guid":{"rendered":"https:\/\/www.europesays.com\/fr\/153970\/"},"modified":"2025-06-05T12:54:14","modified_gmt":"2025-06-05T12:54:14","slug":"un-manque-de-prospective-financiere-au-sytral","status":"publish","type":"post","link":"https:\/\/www.europesays.com\/fr\/153970\/","title":{"rendered":"Un manque de prospective financi\u00e8re au Sytral"},"content":{"rendered":"<p>C&rsquo;\u00e9tait un rapport attendu. La Chambre r\u00e9gionale des Comptes a \u00e9tudi\u00e9 le cas du Sytral, organisme en charge des TCL. Si les finances sont au vert, les 6,4 milliards d&rsquo;euros d&rsquo;investissements pr\u00e9vus sont inqui\u00e9tants aux yeux des juges financiers, car ils pourraient d\u00e9grader les comptes.<\/p>\n<p>\u00ab\u00a0La situation est assez positive mais \u00e7a manque un peu de prospective financi\u00e8re. On ne peut pas s&rsquo;engager dans un projet si on ne sait pas comment on va le financer\u00a0\u00bb, note Barbara Falk. Si le pr\u00e9sident <a href=\"https:\/\/www.lyonmag.com\/profil-personnalite-lyonnaise\/518\/bruno-bernard\" target=\"_blank\" rel=\"noopener\">Bruno Bernard<\/a> a \u00e9voqu\u00e9 le recours \u00e0 l&#8217;emprunt, la pr\u00e9sidente de la CRC rappelle qu&rsquo;il \u00ab\u00a0faudra des recettes nouvelles ou faire des \u00e9conomies\u00a0\u00bb.<\/p>\n<p>La question de la gratuit\u00e9 des TCL, qui risque d&rsquo;\u00eatre centrale lors des \u00e9lections de 2026 car notamment port\u00e9e par la France Insoumise, a \u00e9galement \u00e9t\u00e9 d\u00e9cortiqu\u00e9e par la Chambre r\u00e9gionale.<\/p>\n<p>\u00ab\u00a0Attention, il y a de grands projets \u00e0 financer et vous allez baisser les recettes. O\u00f9 allez vous trouver l&rsquo;argent pour r\u00e9ussir \u00e0 atteindre votre objectif ?\u00a0\u00bb, indique Barbara Falk.<\/p>\n<p>\u00ab\u00a0Le Sytral a r\u00e9alis\u00e9 un certain nombre d&rsquo;\u00e9tudes avant de rejeter la question de la gratuit\u00e9. Dans notre sondage, le prix n&rsquo;est pas un d\u00e9terminant majeur de la satisfaction pour nos concitoyens. Ils pr\u00e9f\u00e8rent la desserte et la qualit\u00e9 du service. (&#8230;) Il faut trouver 276 millions d&rsquo;euros pour r\u00e9aliser la gratuit\u00e9\u00a0\u00bb, conclut-elle.<\/p>\n<p><strong><a href=\"https:\/\/www.lyonmag.com\/category\/50\/les-coulisses-du-grand-lyon\" target=\"_blank\" rel=\"noopener\">Les Coulisses du Grand Lyon<\/a> sont \u00e0 retrouver tous les jours \u00e0 12h sur LyonMag.com et sur <a href=\"https:\/\/www.youtube.com\/channel\/UCepdRYTQt5vKtrz-CuaFzpg\" target=\"_blank\" rel=\"noopener\">la cha\u00eene Youtube de LyonMag<\/a>.<\/strong><\/p>\n<p>00:00 Rapport sur le Sytral<br \/>&#13;<br \/>\n02:41 R\u00e9ponse de Bruno Bernard<br \/>&#13;<br \/>\n04:05 Recettes des usagers en baisse<br \/>&#13;<br \/>\n05:17 Gratuit\u00e9 des TCL<br \/>&#13;<br \/>\n05:58 Efficacit\u00e9 du r\u00e9seau<br \/>&#13;<br \/>\n08:17 Satisfaction des abonn\u00e9s TCL<br \/>&#13;<br \/>\n09:36 Recommandation faite au Sytral<br \/>&#13;<br \/>\n10:08 Gratuit\u00e9 faisable ?<\/p>\n<p>            <a href=\"#\" class=\"back-page\" rel=\"back\">X<\/a><\/p>\n","protected":false},"excerpt":{"rendered":"C&rsquo;\u00e9tait un rapport attendu. La Chambre r\u00e9gionale des Comptes a \u00e9tudi\u00e9 le cas du Sytral, organisme en charge&hellip;\n","protected":false},"author":2,"featured_media":153971,"comment_status":"","ping_status":"","sticky":false,"template":"","format":"standard","meta":{"footnotes":""},"categories":[1889],"tags":[1111,11,2813,2190,2430,1109,251,1112,2811,1777,674,118,1011,27,1922,1110,1114,2428,2810,12,241,316,25,2812,517,800],"class_list":{"0":"post-153970","1":"post","2":"type-post","3":"status-publish","4":"format-standard","5":"has-post-thumbnail","7":"category-lyon","8":"tag-actu","9":"tag-actualites","10":"tag-article","11":"tag-asvel","12":"tag-auvergne-rhone-alpes","13":"tag-breves","14":"tag-culture","15":"tag-depeches","16":"tag-economique","17":"tag-eu","18":"tag-europe","19":"tag-faits-divers","20":"tag-fr","21":"tag-france","22":"tag-info","23":"tag-informations","24":"tag-infos","25":"tag-lyon","26":"tag-lyonmag","27":"tag-news","28":"tag-ol","29":"tag-politique","30":"tag-republique-francaise","31":"tag-sociale","32":"tag-sport","33":"tag-transports"},"share_on_mastodon":{"url":"https:\/\/pubeurope.com\/@fr\/114630863377363802","error":""},"_links":{"self":[{"href":"https:\/\/www.europesays.com\/fr\/wp-json\/wp\/v2\/posts\/153970","targetHints":{"allow":["GET"]}}],"collection":[{"href":"https:\/\/www.europesays.com\/fr\/wp-json\/wp\/v2\/posts"}],"about":[{"href":"https:\/\/www.europesays.com\/fr\/wp-json\/wp\/v2\/types\/post"}],"author":[{"embeddable":true,"href":"https:\/\/www.europesays.com\/fr\/wp-json\/wp\/v2\/users\/2"}],"replies":[{"embeddable":true,"href":"https:\/\/www.europesays.com\/fr\/wp-json\/wp\/v2\/comments?post=153970"}],"version-history":[{"count":0,"href":"https:\/\/www.europesays.com\/fr\/wp-json\/wp\/v2\/posts\/153970\/revisions"}],"wp:featuredmedia":[{"embeddable":true,"href":"https:\/\/www.europesays.com\/fr\/wp-json\/wp\/v2\/media\/153971"}],"wp:attachment":[{"href":"https:\/\/www.europesays.com\/fr\/wp-json\/wp\/v2\/media?parent=153970"}],"wp:term":[{"taxonomy":"category","embeddable":true,"href":"https:\/\/www.europesays.com\/fr\/wp-json\/wp\/v2\/categories?post=153970"},{"taxonomy":"post_tag","embeddable":true,"href":"https:\/\/www.europesays.com\/fr\/wp-json\/wp\/v2\/tags?post=153970"}],"curies":[{"name":"wp","href":"https:\/\/api.w.org\/{rel}","templated":true}]}}